{"id":27079,"date":"2014-06-03T09:59:07","date_gmt":"2014-06-03T15:59:07","guid":{"rendered":"http:\/\/www.eloriente.net\/home\/?p=27079"},"modified":"2014-06-03T09:59:07","modified_gmt":"2014-06-03T15:59:07","slug":"5-vacantes-en-gobierno-federal-martesdevacantes","status":"publish","type":"post","link":"http:\/\/www.eloriente.net\/home\/2014\/06\/03\/5-vacantes-en-gobierno-federal-martesdevacantes\/","title":{"rendered":"5 vacantes en Gobierno Federal #MartesdeVacantes"},"content":{"rendered":"<p>eloriente.net<\/p>\n<p>3\/junio\/2014<\/p>\n<p>Conscientes de la importancia para la ciudadan\u00eda en general de la b\u00fasqueda de nuevas oportunidades de crecimiento profesional, ponemos a tu disposici\u00f3n semanalmente ofertas de empleo disponibles en la ciudad de Oaxaca de Ju\u00e1rez, municipios conurbados y en regiones al interior del estado.<\/p>\n<p>En esta ocasi\u00f3n, ELORIENTE.NET comparte cinco vacantes en carrera de administraci\u00f3n p\u00fablica federal, en sus delegaciones Oaxaca:<\/p>\n<p><a href=\"http:\/\/www.eloriente.net\/home\/wp-content\/uploads\/2014\/06\/Sudirecci\u00f3n-de-promoci\u00f3n.pdf\" target=\"_blank\"><strong>1. Subdirecci\u00f3n de promoci\u00f3n en Secretar\u00eda de Econom\u00eda<\/strong><\/a><\/p>\n<p>La Secretar\u00eda de Econom\u00eda, delegaci\u00f3n Oaxaca, solicita a un profesional de ciencias pol\u00edticas, econ\u00f3micas, administrativas o sociales para su vacante de subdirector de promoci\u00f3n.<\/p>\n<p>Responsabilidades: difundir los programas institucionales de la Secretar\u00eda para el apoyo de la micro, peque\u00f1a y mediana empresa; apoyar las \u00e1reas normativas en la promoci\u00f3n de los programas institucionales; desarrollar la log\u00edstica de promoci\u00f3n en su \u00e1rea de responsabilidad; vincular a los empresarios de diferentes ramas de actividad para impulsar la formulaci\u00f3n de negocios, entre otros.<\/p>\n<p>Requisito: contar licenciatura y t\u00edtulo profesional en ciencias pol\u00edticas, derecho, econom\u00eda, relaciones internacionales, administraci\u00f3n, contabilidad, estad\u00edstica, tecnolog\u00edas de la informaci\u00f3n, recursos humanos o relaciones p\u00fablicas.<\/p>\n<p>Se ofrece una remuneraci\u00f3n bruta de 25 mil 254.76 pesos mensuales, nombramiento de tipo confianza, en nivel NA1. Fin de la inscripci\u00f3n: 3 de junio de 2014.<\/p>\n<p><a href=\"http:\/\/www.eloriente.net\/home\/wp-content\/uploads\/2014\/06\/Jefe-de-departamento-regional-Papaloapan.pdf\" target=\"_blank\"><strong>2. Jefe de departamento regional Papaloapan en Secretar\u00eda de Econom\u00eda<\/strong><\/a><\/p>\n<p>La Secretar\u00eda de Econom\u00eda, delegaci\u00f3n Oaxaca, est\u00e1 contratando a un profesional de las ciencias sociales, administrativas o agropecuarias, para su vacante de jefe de departamento regional Papaloapan.<\/p>\n<p>Responsabilidades: atender oportunamente la demanda de los apoyos solicitados, participando en los trabajos de la evaluaci\u00f3n t\u00e9cnica, comercial, productiva, organizativa, financiera y contable de proyectos agropecuarios, microempresariales, fondos y cajas solidarias; en beneficio de los grupos y empresas apoyadas por el FONAES.<\/p>\n<p>Requisito: contar estudios de licenciatura, titulado o pasante, en contadur\u00eda, desarrollo agropecuario, econom\u00eda, econom\u00eda, veterinaria y zootecnia o administraci\u00f3n.<\/p>\n<p>Se ofrece una remuneraci\u00f3n bruta de 17 mil 46.25 pesos mensuales, en nivel OA1.\u00a0Fin de la inscripci\u00f3n: 3 de junio de 2014.<\/p>\n<p><a href=\"http:\/\/www.eloriente.net\/home\/wp-content\/uploads\/2014\/06\/Jefe-de-departamento-de-control.pdf\" target=\"_blank\"><strong>3. Jefe de departamento de control en Secretar\u00eda\u00a0Agricultura, Ganader\u00eda, Desarrollo Rural y Pesca<\/strong><\/a><\/p>\n<p>La Secretar\u00eda\u00a0Agricultura, Ganader\u00eda, Desarrollo Rural y Pesca, Delegaci\u00f3n Oaxaca, solicita a un profesional de la ingenier\u00eda, tecnolog\u00edas, ciencias sociales o administrativas para su vacante de jefe de departamento de control.<\/p>\n<p>Responsabilidades: verificar la documentaci\u00f3n que presenten las personas f\u00edsicas o morales para solicitar alguno de los apoyos contemplados en los programas de ASERCA, a fin de que cumpla con los requisitos establecidos en las diferentes disposiciones normativas que los regulan.<\/p>\n<p>Requisito: contar estudios de licenciatura, titulado o pasante, en computaci\u00f3n, inform\u00e1tica, ingenier\u00eda, sistemas y calidad, agronom\u00eda, desarrollo agropecuario, administraci\u00f3n, ciencias pol\u00edticas o administraci\u00f3n p\u00fablica.<\/p>\n<p>Se ofrece una remuneraci\u00f3n bruta de 17 mil 46.25 pesos mensuales, en nivel OA1.\u00a0Fin de la inscripci\u00f3n: 13 de junio de 2014.<\/p>\n<p><a href=\"http:\/\/www.eloriente.net\/home\/wp-content\/uploads\/2014\/06\/Jefe-de-centro-de-apoyo-al-desarrollo-rural.pdf\" target=\"_blank\"><strong>4.\u00a0Jefe de centro de apoyo al desarrollo rural en Secretar\u00eda\u00a0Agricultura, Ganader\u00eda, Desarrollo Rural y Pesca<\/strong><\/a><\/p>\n<p>La Secretar\u00eda\u00a0Agricultura, Ganader\u00eda, Desarrollo Rural y Pesca, Delegaci\u00f3n Oaxaca, est\u00e1 contratando a un profesional de las ciencias agropecuarias, sociales o administrativas para su vacante de jefe de centro de apoyo al desarrollo rural.<\/p>\n<p>Responsabilidades: apoyar e impulsar el desarrollo rural integral a nivel regional y municipal, mediante la planeaci\u00f3n, programaci\u00f3n y ejecuci\u00f3n de proyectos y programas de industrializaci\u00f3n, comercializaci\u00f3n, sanidad agropecuaria, protecci\u00f3n, aprovechamiento y preservaci\u00f3n de los recursos agropecuarios, acu\u00edcolas, as\u00ed como la inducci\u00f3n y otorgamiento de asistencia t\u00e9cnica y capacitaci\u00f3n con el prop\u00f3sito de incrementar la producci\u00f3n y productividad en la regi\u00f3n y elevar el nivel y calidad de vida de los campesinos.<\/p>\n<p>Requisito: contar estudios de licenciatura, titulado o pasante, en agronom\u00eda, desarrollo agropecuario, veterinaria y zootecnia, derecho, ciencias sociales, administraci\u00f3n o ecolog\u00eda.<\/p>\n<p>Se ofrece una remuneraci\u00f3n bruta de 14 mil 297.37 pesos mensuales,\u00a0nombramiento de tipo confianza, en nivel PA1. Fin de la inscripci\u00f3n: 11 de junio de 2014.<\/p>\n<p><strong><a href=\"http:\/\/www.eloriente.net\/home\/wp-content\/uploads\/2014\/06\/Jefe-de-CADER.pdf\" target=\"_blank\">5. Jefe de CADER en la\u00a0Secretar\u00eda\u00a0Agricultura, Ganader\u00eda, Desarrollo Rural y Pesca<\/a><\/strong><\/p>\n<p>La Secretar\u00eda\u00a0Agricultura, Ganader\u00eda, Desarrollo Rural y Pesca, Delegaci\u00f3n Oaxaca, solicita a un profesional de las ciencias agrarias, matem\u00e1ticas o sociolog\u00eda para su vacante de jefe de CADER.<\/p>\n<p>Responsabilidades: apoyar e impulsar el desarrollo rural integral a nivel regional y municipal, mediante la planeaci\u00f3n, programaci\u00f3n y ejecuci\u00f3n de proyectos y programas de industrializaci\u00f3n, comercializaci\u00f3n, sanidad agropecuaria, protecci\u00f3n, aprovechamiento y preservaci\u00f3n de los recursos agropecuarios, acu\u00edcolas, as\u00ed como la inducci\u00f3n y otorgamiento de asistencia t\u00e9cnica y capacitaci\u00f3n con el prop\u00f3sito de incrementar la producci\u00f3n y productividad en la regi\u00f3n y elevar el nivel y calidad de vida de los campesinos.<\/p>\n<p>Requisito:\u00a0contar licenciatura y t\u00edtulo profesional en agronom\u00eda, desarrollo agropecuario o veterinaria y zootecnia.<\/p>\n<p>Se ofrece una remuneraci\u00f3n bruta de 8 mil 908.53 pesos, nombramiento de tipo confianza, en nivel PQ2. Fin de la inscripci\u00f3n: 11 de junio de 2014.<\/p>\n<p>&nbsp;<\/p>\n<p>Los interesados en cualquiera de las vacantes deber\u00e1n registrar su curr\u00edculum vitae y aplicar a trav\u00e9s del sistema del portal web\u00a0<a href=\"http:\/\/www.trabajaen.gob.mx\/\" target=\"_blank\">TrabajaEn<\/a>\u00a0del Gobierno Federal.<\/p>\n<p>Para todas las vacantes es necesario ser ciudadano mexicano; no haber sido sentenciado con pena privativa de libertad por delito doloso; tener aptitud para el desempe\u00f1o de sus funciones en el servicio p\u00fablico; no pertenecer al estado eclesi\u00e1stico, ni ser ministro de alg\u00fan culto; y no estar inhabilitado para el servicio p\u00fablico ni encontrarse con alg\u00fan otro impedimento legal.<\/p>\n<p>&nbsp;<\/p>\n<p><a href=\"http:\/\/www.eloriente.net\/home\/wp-content\/uploads\/2014\/06\/Agronom\u00eda-Por-SAGARPA.jpg\"><img loading=\"lazy\" decoding=\"async\" class=\"alignnone size-medium wp-image-27101\" title=\"Agronom\u00eda-Por SAGARPA\" src=\"http:\/\/www.eloriente.net\/home\/wp-content\/uploads\/2014\/06\/Agronom\u00eda-Por-SAGARPA-300x195.jpg\" alt=\"\" width=\"300\" height=\"195\" srcset=\"http:\/\/www.eloriente.net\/home\/wp-content\/uploads\/2014\/06\/Agronom\u00eda-Por-SAGARPA-300x195.jpg 300w, http:\/\/www.eloriente.net\/home\/wp-content\/uploads\/2014\/06\/Agronom\u00eda-Por-SAGARPA.jpg 800w\" sizes=\"(max-width: 300px) 100vw, 300px\" \/><\/a><\/p>\n<p>Foto: SAGARPA<\/p>\n<p>&nbsp;<\/p>\n<p><strong>Entradas relacionadas:<\/strong><\/p>\n<p><a title=\"Permalink to 5 vacantes en \u00e1rea de Recursos Humanos #MartesdeVacantes\" href=\"http:\/\/www.eloriente.net\/home\/2014\/05\/27\/5-vacantes-en-area-de-recursos-humanos-martesdevacantes\/\" rel=\"bookmark\">5 vacantes en \u00e1rea de Recursos Humanos #MartesdeVacantes<\/a><\/p>\n<p><a href=\"http:\/\/www.eloriente.net\/home\/2014\/05\/27\/5-vacantes-en-area-de-recursos-humanos-martesdevacantes\/\" rel=\"bookmark\"><img decoding=\"async\" title=\"5 vacantes en \u00e1rea de Recursos Humanos #MartesdeVacantes\" src=\"http:\/\/www.eloriente.net\/home\/wp-content\/themes\/city-desk\/timthumb.php?src=http%3A%2F%2Fwww.eloriente.net%2Fhome%2Fwp-content%2Fuploads%2F2014%2F05%2Fmartes-de-vacantes.jpg&amp;q=90&amp;w=160&amp;h=106&amp;zc=1\" alt=\"5 vacantes en \u00e1rea de Recursos Humanos #MartesdeVacantes\" \/><\/a><\/p>\n<p>eloriente.net 27 de mayo de 2014 Conscientes de la importancia para la ciudadan\u00eda en general de la b\u00fasqueda de nuevas oportunidades de crecimiento profesional, ponemos a tu disposici\u00f3n semanalmente ofertas de empleo disponibles en la ciudad de Oaxaca de Ju\u00e1rez, municipios conurbados y en regiones al interior del estado. En esta ocasi\u00f3n, ELORIENTE.NET comparte cinco [&#8230;]<\/p>\n<p>May 27, 2014<\/p>\n<p><a title=\"Permalink to 5 vacantes en mercadotecnia y ventas #MartesdeVacantes\" href=\"http:\/\/www.eloriente.net\/home\/2014\/05\/20\/5-vacantes-en-mercadotecnia-y-ventas-martesdevacantes\/\" rel=\"bookmark\">5 vacantes en mercadotecnia y ventas #MartesdeVacantes<\/a><\/p>\n<p><a href=\"http:\/\/www.eloriente.net\/home\/2014\/05\/20\/5-vacantes-en-mercadotecnia-y-ventas-martesdevacantes\/\" rel=\"bookmark\"><img decoding=\"async\" title=\"5 vacantes en mercadotecnia y ventas #MartesdeVacantes\" src=\"http:\/\/www.eloriente.net\/home\/wp-content\/themes\/city-desk\/timthumb.php?src=http%3A%2F%2Fwww.eloriente.net%2Fhome%2Fwp-content%2Fuploads%2F2014%2F05%2FMKT-Por-Cedim-News.jpg&amp;q=90&amp;w=160&amp;h=106&amp;zc=1\" alt=\"5 vacantes en mercadotecnia y ventas #MartesdeVacantes\" \/><\/a><\/p>\n<p>eloriente.net 20 de mayo de 2014 Conscientes de la importancia para la ciudadan\u00eda en general de la b\u00fasqueda de nuevas oportunidades de crecimiento profesional, ponemos a tu disposici\u00f3n semanalmente ofertas de empleo disponibles en la ciudad de Oaxaca de Ju\u00e1rez, municipios conurbados y en regiones al interior del estado. En esta ocasi\u00f3n, ELORIENTE.NET comparte cinco [&#8230;]<\/p>\n<p>May 20, 2014<\/p>\n<p><a title=\"Permalink to 5 vacantes en educaci\u00f3n #MartesdeVacantes\" href=\"http:\/\/www.eloriente.net\/home\/2014\/05\/13\/5-vacantes-en-educacion-martesdevacantes\/\" rel=\"bookmark\">5 vacantes en educaci\u00f3n #MartesdeVacantes<\/a><\/p>\n<p><a href=\"http:\/\/www.eloriente.net\/home\/2014\/05\/13\/5-vacantes-en-educacion-martesdevacantes\/\" rel=\"bookmark\"><img decoding=\"async\" title=\"5 vacantes en educaci\u00f3n #MartesdeVacantes\" src=\"http:\/\/www.eloriente.net\/home\/wp-content\/themes\/city-desk\/timthumb.php?src=http%3A%2F%2Fwww.eloriente.net%2Fhome%2Fwp-content%2Fuploads%2F2014%2F05%2Fprincipal-martes-vacantes.jpg&amp;q=90&amp;w=160&amp;h=106&amp;zc=1\" alt=\"5 vacantes en educaci\u00f3n #MartesdeVacantes\" \/><\/a><\/p>\n<p>eloriente.net 13 de mayo de 2014 Conscientes de la importancia para la ciudadan\u00eda en general de la b\u00fasqueda de nuevas oportunidades de crecimiento profesional, ponemos a tu disposici\u00f3n semanalmente ofertas de empleo disponibles en la ciudad de Oaxaca de Ju\u00e1rez, municipios conurbados y en regiones al interior del estado. En esta ocasi\u00f3n, ELORIENTE.NET comparte cinco [&#8230;]<\/p>\n<p>May 13, 2014<\/p>\n\n\t\t\t  <div \n\t\t\t  \tclass = \"fb-comments\" \n\t\t\t  \tdata-href = \"http:\/\/www.eloriente.net\/home\/2014\/06\/03\/5-vacantes-en-gobierno-federal-martesdevacantes\/\"\n\t\t\t  \tdata-numposts = \"10\"\n\t\t\t\tdata-colorscheme = \"dark\"\n\t\t\t\tdata-order-by = \"social\"\n\t\t\t\tdata-mobile=true>\n\t\t\t  <\/div>\n\t\t  <style>\n\t\t\t.fb_iframe_widget_fluid_desktop iframe {\n\t\t\t    width: 100% !important;\n\t\t\t}\n\t\t  <\/style>\n\t\t  ","protected":false},"excerpt":{"rendered":"<p>eloriente.net 3\/junio\/2014 Conscientes de la importancia para la ciudadan\u00eda en general de la b\u00fasqueda de nuevas oportunidades de crecimiento profesional, ponemos a tu disposici\u00f3n semanalmente ofertas de empleo disponibles en la ciudad de Oaxaca de Ju\u00e1rez, municipios conurbados y en regiones al interior del estado. En esta ocasi\u00f3n, ELORIENTE.NET comparte cinco vacantes en carrera de [&hellip;]<\/p>\n","protected":false},"author":26,"featured_media":27101,"comment_status":"open","ping_status":"open","sticky":false,"template":"","format":"standard","meta":{"_jetpack_memberships_contains_paid_content":false,"footnotes":""},"categories":[942,32,13,63,20,464,19],"tags":[252,215,277,1525,1455,1524,889],"class_list":["post-27079","post","type-post","status-publish","format-standard","has-post-thumbnail","hentry","category-martesdevacantes","category-entradas","category-especiales","category-estados","category-medio-ambiente","category-oaxaca-estados","category-turismo-y-negocios","tag-economia","tag-empleo","tag-gobierno","tag-jefaturas","tag-martes","tag-sagarpa","tag-vacantes"],"jetpack_featured_media_url":"http:\/\/www.eloriente.net\/home\/wp-content\/uploads\/2014\/06\/Agronom\u00eda-Por-SAGARPA.jpg","jetpack_sharing_enabled":true,"_links":{"self":[{"href":"http:\/\/www.eloriente.net\/home\/wp-json\/wp\/v2\/posts\/27079"}],"collection":[{"href":"http:\/\/www.eloriente.net\/home\/wp-json\/wp\/v2\/posts"}],"about":[{"href":"http:\/\/www.eloriente.net\/home\/wp-json\/wp\/v2\/types\/post"}],"author":[{"embeddable":true,"href":"http:\/\/www.eloriente.net\/home\/wp-json\/wp\/v2\/users\/26"}],"replies":[{"embeddable":true,"href":"http:\/\/www.eloriente.net\/home\/wp-json\/wp\/v2\/comments?post=27079"}],"version-history":[{"count":8,"href":"http:\/\/www.eloriente.net\/home\/wp-json\/wp\/v2\/posts\/27079\/revisions"}],"predecessor-version":[{"id":27103,"href":"http:\/\/www.eloriente.net\/home\/wp-json\/wp\/v2\/posts\/27079\/revisions\/27103"}],"wp:featuredmedia":[{"embeddable":true,"href":"http:\/\/www.eloriente.net\/home\/wp-json\/wp\/v2\/media\/27101"}],"wp:attachment":[{"href":"http:\/\/www.eloriente.net\/home\/wp-json\/wp\/v2\/media?parent=27079"}],"wp:term":[{"taxonomy":"category","embeddable":true,"href":"http:\/\/www.eloriente.net\/home\/wp-json\/wp\/v2\/categories?post=27079"},{"taxonomy":"post_tag","embeddable":true,"href":"http:\/\/www.eloriente.net\/home\/wp-json\/wp\/v2\/tags?post=27079"}],"curies":[{"name":"wp","href":"https:\/\/api.w.org\/{rel}","templated":true}]}}