{"id":27087,"date":"2014-06-03T09:30:24","date_gmt":"2014-06-03T15:30:24","guid":{"rendered":"http:\/\/www.eloriente.net\/home\/?p=27087"},"modified":"2014-06-03T15:03:38","modified_gmt":"2014-06-03T21:03:38","slug":"de-40-a-100-anos-de-prision-a-secuestradores","status":"publish","type":"post","link":"http:\/\/www.eloriente.net\/home\/2014\/06\/03\/de-40-a-100-anos-de-prision-a-secuestradores\/","title":{"rendered":"De 40 a 100 a\u00f1os de prisi\u00f3n a secuestradores"},"content":{"rendered":"<p>eloriente.net<\/p>\n<p>3\/junio\/2014<\/p>\n<p>eloriente.net (Oaxaca, Oax. a 3 de junio de 2014).- El <a href=\"http:\/\/www.dof.gob.mx\/nota_detalle.php?codigo=5347045&amp;fecha=03\/06\/2014\" target=\"_blank\">Diario Oficial de la Federaci\u00f3n<\/a> da cuenta este d\u00eda del Decreto por el cual se reforman diversos art\u00edculos de la <a href=\"http:\/\/www.diputados.gob.mx\/LeyesBiblio\/pdf\/LGPSDMS.pdf\" target=\"_blank\">Ley General para Prevenir y Sancionar los Delitos en Materia de Secuestro<\/a> y se adiciona el art\u00edculo 25 del C\u00f3digo Penal Federal.<\/p>\n<p>Entre las reformas destaca el aumento de la pena para el o la que prive de la libertad a otro que, seg\u00fan el art\u00edculo 9, ahora ser\u00e1 de cuarenta a ochenta a\u00f1os de prisi\u00f3n y de mil a cuatro mil d\u00edas de multa, en el caso de que el secuestro se haya efectuado con alguno de los prop\u00f3sitos mencionados en los incisos a) a d) del mismo art\u00edculo, entre los que destacan: obtener un rescate o cualquier beneficio; detener en calidad de reh\u00e9n a una persona y amenazarla con privarla de la vida o cualquier da\u00f1o; causar da\u00f1o o perjuicio a la personas privada de la libertad o a terceros; as\u00ed como cometer secuestro express.<\/p>\n<p>Sin embargo, las penas pueden alcanzar de cincuenta a noventa a\u00f1os de prisi\u00f3n si en la privaci\u00f3n de la libertad concurre alguna de las circunstancias mencionadas en el art\u00edculo 10, mismo que tambi\u00e9n ha sido reformado. Entre estas circunstancias se encuentra que se realice en camino p\u00fablico o en lugar desprotegido o solitario; que se lleve a cabo en grupo de dos o m\u00e1s personas; que se realice con violencia; que para privar a una persona de su libertad se allane el inmueble en el que se encuentra; que la v\u00edctime sea menor de 18 a\u00f1os o mayor de 60; y que la v\u00edctima sea una mujer en estado de gravidez.<\/p>\n<p>La pena mayor est\u00e1 reservada para estos casos para quienes incurran en una serie de circunstancias mencionadas en los incisos a) a e) de la fracci\u00f3n II del art\u00edculo 10 reformado.<\/p>\n<p>Estas circunstancias son:<\/p>\n<p>a) Que el o los autores sean o hayan sido integrantes de alguna instituci\u00f3n de seguridad p\u00fablica, de procuraci\u00f3n o administraci\u00f3n de justicia, o de las Fuerzas Armadas Mexicanas, o se ostenten como tales sin serlo;<br \/>\nb) Que el o los autores tengan v\u00ednculos de parentesco, amistad, gratitud, confianza o relaci\u00f3n laboral con la v\u00edctima o persona relacionada con \u00e9sta;<br \/>\nc) Que durante su cautiverio se cause a la v\u00edctima alguna lesi\u00f3n de las previstas en los art\u00edculos 291 a 293 del C\u00f3digo Penal Federal;<br \/>\nd) Que en contra de la v\u00edctima se hayan ejercido actos de tortura o violencia sexual;<br \/>\ne) Que durante o despu\u00e9s de su cautiverio, la v\u00edctima muera debido a cualquier alteraci\u00f3n de su salud que sea consecuencia de la privaci\u00f3n de la libertad, o por enfermedad previa que no hubiere sido atendida en forma adecuada por los autores o part\u00edcipes del delito.<\/p>\n<p>Si la v\u00edctima de los delitos previstos en dicha Ley es privada de la vida por los autores o part\u00edcipes de los mismos, entonces la pena ir\u00e1 de ochenta a ciento cuarenta \u00f1oas de prisi\u00f3n y de doce mil a veinticuatro mil d\u00edas de multa.<\/p>\n<p>Junto con dichas reformas a la Ley, se adicion\u00f3 un p\u00e1rrafo al art\u00edculo 25 de la Constituci\u00f3n Pol\u00edtica de los Estados Unidos Mexicanos que establece un l\u00edmite m\u00e1ximo de duraci\u00f3n de la pena de privaci\u00f3n de la libertad hasta por 60 a\u00f1os, para permitir ahora los tiempos mencionados.<\/p>\n<p>Estas disposiciones comienzan su vigencia a partir de ma\u00f1ana.<\/p>\n<p>&nbsp;<\/p>\n<p><a href=\"http:\/\/www.eloriente.net\/home\/wp-content\/uploads\/2014\/06\/Secuestro-Algunos-derechos-reservados-por-Daquella-manera.jpg\"><img loading=\"lazy\" decoding=\"async\" class=\"alignnone size-medium wp-image-27095\" title=\"Secuestro Algunos derechos reservados por Daquella manera\" src=\"http:\/\/www.eloriente.net\/home\/wp-content\/uploads\/2014\/06\/Secuestro-Algunos-derechos-reservados-por-Daquella-manera-300x225.jpg\" alt=\"\" width=\"300\" height=\"225\" srcset=\"http:\/\/www.eloriente.net\/home\/wp-content\/uploads\/2014\/06\/Secuestro-Algunos-derechos-reservados-por-Daquella-manera-300x225.jpg 300w, http:\/\/www.eloriente.net\/home\/wp-content\/uploads\/2014\/06\/Secuestro-Algunos-derechos-reservados-por-Daquella-manera.jpg 1024w\" sizes=\"(max-width: 300px) 100vw, 300px\" \/><\/a><\/p>\n<p>Foto: <a title=\"Attribution License\" href=\"https:\/\/creativecommons.org\/licenses\/by\/2.0\/\">lgunos derechos reservados<\/a> por <a href=\"https:\/\/www.flickr.com\/photos\/daquellamanera\/\">Daquella manera<\/a><\/p>\n<p>&nbsp;<\/p>\n<p><strong>Otras entradas:<\/strong><\/p>\n<div id=\"post-26253\">\n<p><a title=\"Permalink to Aumentan denuncias por homicidio culposo en 81.4% en Oaxaca: ONC\" href=\"http:\/\/www.eloriente.net\/home\/2014\/05\/20\/aumentan-denuncias-por-homicidio-culposo-en-81-4-en-oaxaca-onc\/\" rel=\"bookmark\">Aumentan denuncias por homicidio culposo en 81.4% en Oaxaca: ONC<\/a><\/p>\n<p><a href=\"http:\/\/www.eloriente.net\/home\/2014\/05\/20\/aumentan-denuncias-por-homicidio-culposo-en-81-4-en-oaxaca-onc\/\" rel=\"bookmark\"><img decoding=\"async\" title=\"Aumentan denuncias por homicidio culposo en 81.4% en Oaxaca: ONC\" src=\"http:\/\/www.eloriente.net\/home\/wp-content\/themes\/city-desk\/timthumb.php?src=http%3A%2F%2Fwww.eloriente.net%2Fhome%2Fwp-content%2Fuploads%2F2013%2F07%2FCentro-de-Oaxaca-DR-Municipio-de-Oaxaca-de-Juarez.jpg&amp;q=90&amp;w=160&amp;h=106&amp;zc=1\" alt=\"Aumentan denuncias por homicidio culposo en 81.4% en Oaxaca: ONC\" \/><\/a><\/p>\n<p>eloriente.net 20 de mayo de 2014 Durante el segundo mes de este a\u00f1o se registr\u00f3 un aumento del 81.4% de denuncias por homicidio culposo en Oaxaca, respecto al promedio local anual 2013 de 52.9 querellas; as\u00ed lo dio a conocer el\u00a0Observatorio Nacional Ciudadano\u00a0en su \u201cReporte sobre delitos de alto impacto, febrero 2014\u2033. Con un total [&#8230;]<\/p>\n<p>May 20, 2014<\/p>\n<\/div>\n<p><a title=\"Permalink to Escucha a Juana Rosa Corte Silva en Todo Oaxaca Radio 1\/Abr\/14\" href=\"http:\/\/www.eloriente.net\/home\/2014\/04\/02\/escucha-a-juana-rosa-corte-silva-en-todo-oaxaca-radio-1abr14\/\" rel=\"bookmark\">Escucha a Juana Rosa Corte Silva en Todo Oaxaca Radio 1\/Abr\/14<\/a><\/p>\n<p><a href=\"http:\/\/www.eloriente.net\/home\/2014\/04\/02\/escucha-a-juana-rosa-corte-silva-en-todo-oaxaca-radio-1abr14\/\" rel=\"bookmark\"><img decoding=\"async\" title=\"Escucha a Juana Rosa Corte Silva en Todo Oaxaca Radio 1\/Abr\/14\" src=\"http:\/\/www.eloriente.net\/home\/wp-content\/themes\/city-desk\/timthumb.php?src=http%3A%2F%2Fwww.eloriente.net%2Fhome%2Fwp-content%2Fuploads%2F2014%2F04%2FJuana-Corte-Por-Todo-Oaxaca-Radio.jpg&amp;q=90&amp;w=160&amp;h=106&amp;zc=1\" alt=\"Escucha a Juana Rosa Corte Silva en Todo Oaxaca Radio 1\/Abr\/14\" \/><\/a><\/p>\n<p>todooaxacaradio.com 2 de abril de 2014 Como cada martes, en punto de las 17:00 horas se transmiti\u00f3 el programa Todo Oaxaca Radio completamente en vivo desde la Ciudad de Oaxaca de Ju\u00e1rez, a trav\u00e9s de las frecuencias abiertas 570 AM, 94.9 FM y para todo el mundo a trav\u00e9s de www.todooaxacaradio.com. El programa es conducido [&#8230;]<\/p>\n<p>April 2, 2014<\/p>\n<p><a title=\"Permalink to \u201cMadero, ese gran incomprendido\u201d, un art\u00edculo de Oswaldo Garc\u00eda Criollo\" href=\"http:\/\/www.eloriente.net\/home\/2014\/03\/24\/madero-ese-gran-incomprendido-un-articulo-de-oswaldo-garcia-criollo\/\" rel=\"bookmark\">\u201cMadero, ese gran incomprendido\u201d, un art\u00edculo de Oswaldo Garc\u00eda Criollo<\/a><\/p>\n<p><a href=\"http:\/\/www.eloriente.net\/home\/2014\/03\/24\/madero-ese-gran-incomprendido-un-articulo-de-oswaldo-garcia-criollo\/\" rel=\"bookmark\"><img decoding=\"async\" title=\"\u201cMadero, ese gran incomprendido\u201d, un art\u00edculo de Oswaldo Garc\u00eda Criollo\" src=\"http:\/\/www.eloriente.net\/home\/wp-content\/themes\/city-desk\/timthumb.php?src=http%3A%2F%2Fwww.eloriente.net%2Fhome%2Fwp-content%2Fuploads%2F2014%2F03%2FFrancisco_I_Madero.jpg&amp;q=90&amp;w=160&amp;h=106&amp;zc=1\" alt=\"\u201cMadero, ese gran incomprendido\u201d, un art\u00edculo de Oswaldo Garc\u00eda Criollo\" \/><\/a><\/p>\n<p>eloriente.net 24 de marzo de 2014 Por: Oswaldo Garc\u00eda Criollo Apenas el pasado d\u00eda 22 de febrero de este a\u00f1o se cumplieron 101 del cobarde asesinato del Presidente Madero y el vicepresidente Pino Su\u00e1rez, hecho ocurrido en la Ciudad de M\u00e9xico, como resultado del golpe de estado encabezado por el Gral. Victoriano Huerta y otros [&#8230;]<\/p>\n<p>March 24, 2014<\/p>\n\n\t\t\t  <div \n\t\t\t  \tclass = \"fb-comments\" \n\t\t\t  \tdata-href = \"http:\/\/www.eloriente.net\/home\/2014\/06\/03\/de-40-a-100-anos-de-prision-a-secuestradores\/\"\n\t\t\t  \tdata-numposts = \"10\"\n\t\t\t\tdata-colorscheme = \"dark\"\n\t\t\t\tdata-order-by = \"social\"\n\t\t\t\tdata-mobile=true>\n\t\t\t  <\/div>\n\t\t  <style>\n\t\t\t.fb_iframe_widget_fluid_desktop iframe {\n\t\t\t    width: 100% !important;\n\t\t\t}\n\t\t  <\/style>\n\t\t  ","protected":false},"excerpt":{"rendered":"<p>eloriente.net 3\/junio\/2014 eloriente.net (Oaxaca, Oax. a 3 de junio de 2014).- El Diario Oficial de la Federaci\u00f3n da cuenta este d\u00eda del Decreto por el cual se reforman diversos art\u00edculos de la Ley General para Prevenir y Sancionar los Delitos en Materia de Secuestro y se adiciona el art\u00edculo 25 del C\u00f3digo Penal Federal. Entre [&hellip;]<\/p>\n","protected":false},"author":1,"featured_media":27095,"comment_status":"open","ping_status":"open","sticky":false,"template":"","format":"standard","meta":{"_jetpack_memberships_contains_paid_content":false,"footnotes":""},"categories":[22,32,24,31],"tags":[],"class_list":["post-27087","post","type-post","status-publish","format-standard","has-post-thumbnail","hentry","category-derechos-humanos","category-entradas","category-mexico-y-el-mundo","category-principal"],"jetpack_featured_media_url":"http:\/\/www.eloriente.net\/home\/wp-content\/uploads\/2014\/06\/Secuestro-Algunos-derechos-reservados-por-Daquella-manera.jpg","jetpack_sharing_enabled":true,"_links":{"self":[{"href":"http:\/\/www.eloriente.net\/home\/wp-json\/wp\/v2\/posts\/27087"}],"collection":[{"href":"http:\/\/www.eloriente.net\/home\/wp-json\/wp\/v2\/posts"}],"about":[{"href":"http:\/\/www.eloriente.net\/home\/wp-json\/wp\/v2\/types\/post"}],"author":[{"embeddable":true,"href":"http:\/\/www.eloriente.net\/home\/wp-json\/wp\/v2\/users\/1"}],"replies":[{"embeddable":true,"href":"http:\/\/www.eloriente.net\/home\/wp-json\/wp\/v2\/comments?post=27087"}],"version-history":[{"count":5,"href":"http:\/\/www.eloriente.net\/home\/wp-json\/wp\/v2\/posts\/27087\/revisions"}],"predecessor-version":[{"id":27097,"href":"http:\/\/www.eloriente.net\/home\/wp-json\/wp\/v2\/posts\/27087\/revisions\/27097"}],"wp:featuredmedia":[{"embeddable":true,"href":"http:\/\/www.eloriente.net\/home\/wp-json\/wp\/v2\/media\/27095"}],"wp:attachment":[{"href":"http:\/\/www.eloriente.net\/home\/wp-json\/wp\/v2\/media?parent=27087"}],"wp:term":[{"taxonomy":"category","embeddable":true,"href":"http:\/\/www.eloriente.net\/home\/wp-json\/wp\/v2\/categories?post=27087"},{"taxonomy":"post_tag","embeddable":true,"href":"http:\/\/www.eloriente.net\/home\/wp-json\/wp\/v2\/tags?post=27087"}],"curies":[{"name":"wp","href":"https:\/\/api.w.org\/{rel}","templated":true}]}}