{"id":27157,"date":"2014-06-04T11:13:24","date_gmt":"2014-06-04T17:13:24","guid":{"rendered":"http:\/\/www.eloriente.net\/home\/?p=27157"},"modified":"2014-06-17T10:49:34","modified_gmt":"2014-06-17T16:49:34","slug":"escucha-a-julio-basulto-jesus-martinez-alvaro-reyes-y-monica-barroso-en-todo-oaxaca-radio-27may14","status":"publish","type":"post","link":"http:\/\/www.eloriente.net\/home\/2014\/06\/04\/escucha-a-julio-basulto-jesus-martinez-alvaro-reyes-y-monica-barroso-en-todo-oaxaca-radio-27may14\/","title":{"rendered":"Escucha a Julio Basulto, Jes\u00fas Mart\u00ednez, \u00c1lvaro Reyes y M\u00f3nica Barroso en Todo Oaxaca Radio 3\/Jun\/14"},"content":{"rendered":"<p>todooaxacaradio.com<\/p>\n<p>4 de junio de 2014<\/p>\n<p>Como cada martes, en punto de las 17:00 horas se transmiti\u00f3 el programa Todo Oaxaca Radio completamente en vivo desde la Ciudad de Oaxaca de Ju\u00e1rez, a trav\u00e9s de las frecuencias abiertas 570 AM, 94.9 FM y para todo el mundo a trav\u00e9s de www.todooaxacaradio.com.<\/p>\n<p>El programa es conducido por Rub\u00e9n Vasconcelos Beltr\u00e1n, cronista de la Ciudad de Oaxaca, as\u00ed como Guadalupe Zarza Brise\u00f1o, reconocida empresaria y representante de la sociedad civil.<\/p>\n<p><strong>Nuestros temas e invitados del 3 de junio de de 2014<\/strong><\/p>\n<p>En esta primera emisi\u00f3n de junio de 2014, charlamos con cinco personalidades para abordar temas de inter\u00e9s social, art\u00edstico, civil y cultural que concierne a nuestra entidad oaxaque\u00f1a \u00bfquieres saber m\u00e1s? Escucha el programa dando click en el reproductor localizado al final de la redacci\u00f3n.<\/p>\n<p><strong>Minuto 00<strong>\u201931<strong>\u2019<\/strong><strong>\u2019<\/strong><\/strong><\/strong><\/p>\n<p>Julio C\u00e9sar Basulto, director de la organizaci\u00f3n Nican Axcan, A.C.<\/p>\n<p><em>\u201cLos invitamos a participar en el evento &#8216;Oaxaca Sustentable en el Tule&#8217; con motivo del D\u00eda Mundial del Medio Ambiente\u00bb<\/em><\/p>\n<p><em>\u201cEn coordinaci\u00f3n con el ayuntamiento de Santa Mar\u00eda El Tule, realizamos este evento con la finalidad de mostrar a la gente los proyectos sustentables que est\u00e1n operando en el estado de Oaxaca\u00bb<\/em><\/p>\n<p><em>\u201cLos talleres que ofreceremos se caracterizan por ser creativos en diferentes t\u00e9cnicas, tenemos por ejemplo el taller de tejido con bolsas de pl\u00e1stico, reciclaje de pet, etc\u00e9tera\u00bb<\/em><\/p>\n<p><em>\u201cSi eres capaz de transformar la basura en algo \u00fatil y bonito, lo mismo puedes hacer con esas emociones y sentimientos para ser plenos y felices\u00bb<\/em><\/p>\n<p><em>\u201cEl evento est\u00e1 abierto al p\u00fablico de 11:00 a las 18:00 horas el pr\u00f3ximo jueves 5 de junio\u00bb<\/em><\/p>\n<p>&nbsp;<\/p>\n<p><a href=\"http:\/\/www.eloriente.net\/home\/wp-content\/uploads\/2014\/06\/Julio-C\u00e9sar-Basulto.jpg\"><img loading=\"lazy\" decoding=\"async\" class=\"size-medium wp-image-27163 aligncenter\" title=\"Julio-C\u00e9sar-Basulto\" src=\"http:\/\/www.eloriente.net\/home\/wp-content\/uploads\/2014\/06\/Julio-C\u00e9sar-Basulto-300x199.jpg\" alt=\"\" width=\"300\" height=\"199\" srcset=\"http:\/\/www.eloriente.net\/home\/wp-content\/uploads\/2014\/06\/Julio-C\u00e9sar-Basulto-300x199.jpg 300w, http:\/\/www.eloriente.net\/home\/wp-content\/uploads\/2014\/06\/Julio-C\u00e9sar-Basulto-1024x682.jpg 1024w\" sizes=\"(max-width: 300px) 100vw, 300px\" \/><\/a><\/p>\n<p>&nbsp;<\/p>\n<p><strong>Minuto 16<strong>\u201932<strong>\u2019<\/strong><strong>\u2019<\/strong><\/strong><\/strong><\/p>\n<p>Jes\u00fas Mart\u00ednez, coordinador del taller \u00abAfelpARTE\u201d del Centro de las Artes de San Agust\u00edn.<\/p>\n<p><em>\u201cInvitamos a los radioescuchas a asistir a una exhibici\u00f3n que se llevar\u00e1 a cabo el d\u00eda 6 de junio a las 7:00 de la noche en la Galer\u00eda Bodega Quetzalli\u00bb<\/em><\/p>\n<p><em>\u201cEstamos trabajando en un taller de textil, el material es lana y fieltro; consiste en elaborar tapices con dise\u00f1os de artistas con trayectoria reconocida\u00bb<\/em><\/p>\n<p><em>\u201cEl d\u00eda viernes presentaremos las obras de los artistas\u00a0Patricia \u00c1lvarez, James Brown, Trine Ellistsgaard, Demian Flores, Jan Hendrix, Mira Jokic, Guillermo Olgu\u00edn, Francisco Toledo, Laureana Toledo y Paloma Torres\u00bb<\/em><\/p>\n<p><em>\u00abCada uno de los diez artistas concibe las im\u00e1genes y el arte de manera diferente\u00bb<\/em><\/p>\n<p><em>\u201cLa galer\u00eda est\u00e1 ubicada en la calle de Murgu\u00eda No. 400, en el Centro Hist\u00f3rico; y la exposici\u00f3n estar\u00e1 disponible dos meses\u00bb\u00a0<\/em><\/p>\n<p>&nbsp;<\/p>\n<p><a href=\"http:\/\/www.eloriente.net\/home\/wp-content\/uploads\/2014\/06\/Jes%C3%BAs-Mart%C3%ADnez.jpg\"><img loading=\"lazy\" decoding=\"async\" class=\"aligncenter\" style=\"-webkit-user-select: none; cursor: -webkit-zoom-in;\" src=\"http:\/\/www.eloriente.net\/home\/wp-content\/uploads\/2014\/06\/Jes%C3%BAs-Mart%C3%ADnez.jpg\" alt=\"\" width=\"300\" height=\"199\" \/><\/a><\/p>\n<p>&nbsp;<\/p>\n<p><strong>Minuto 28<strong>\u201945<strong>\u2019<\/strong><strong>\u2019<\/strong><\/strong><\/strong><\/p>\n<p>Octavio Castellanos, coordinador de educaci\u00f3n vial de Tr\u00e1nsito Municipal; y \u00c1lvaro Reyes S\u00e1nchez, regidor de agencias, colonias y tenencia de la tierra del municipio de Oaxaca de Ju\u00e1rez.<\/p>\n<p><em>\u201cLa circulaci\u00f3n debe ser constante, segura y fluida, es por ello que se implement\u00f3 el programa &#8216;Uno por uno&#8217; en toda la ciudad\u00bb<\/em><\/p>\n<p><em>\u201cEs necesario recordar a todos los conductores que aunque no est\u00e9 la se\u00f1al, hay que implementar el Uno por uno\u00bb<\/em><\/p>\n<p><em>\u201cEstamos llevando este programa a las escuelas primarias, tratando de educar a los conductores a trav\u00e9s de los ni\u00f1os\u00bb<\/em><\/p>\n<p><em>\u201cHacemos la invitaci\u00f3n a la ciudadan\u00eda el d\u00eda 6 de junio vamos a estar en la agencia de Montoya, impartiendo los programas de recolecci\u00f3n de basura, pintemos los pasos peatonales, etc\u00e9tera\u00bb<\/em><\/p>\n<p><em>\u201cHay que respetar al ciclista, hay que educar a los conductores\u00bb<\/em><\/p>\n<p>&nbsp;<\/p>\n<p><a href=\"http:\/\/www.eloriente.net\/home\/wp-content\/uploads\/2014\/06\/Octavio-Castellanos-y-%C3%81lvaro-Reyes.jpg\"><img loading=\"lazy\" decoding=\"async\" class=\"aligncenter\" style=\"-webkit-user-select: none; cursor: -webkit-zoom-in;\" src=\"http:\/\/www.eloriente.net\/home\/wp-content\/uploads\/2014\/06\/Octavio-Castellanos-y-%C3%81lvaro-Reyes.jpg\" alt=\"\" width=\"300\" height=\"199\" \/><\/a><\/p>\n<p>&nbsp;<\/p>\n<p><strong>Minuto 40<strong>\u201954<strong>\u2019<\/strong><strong>\u2019<\/strong><\/strong><\/strong><\/p>\n<p>M\u00f3nica Barroso, encargada de prensa de Oaxaca Cine<\/p>\n<p><em>\u201c Del 10 al 19 de junio, OaxacaCine pone a disposici\u00f3n de los oaxaque\u00f1os 8 pel\u00edculas de la 56 Muestra Internacional de Cine de la Cineteca Nacional\u00bb<\/em><\/p>\n<p><em>\u201cArrancamos este 10 de junio con la presentaci\u00f3n de la pel\u00edcula &#8216;La Diosa Arrodillada&#8217; del a\u00f1o 1947, protagonizada por Mar\u00eda F\u00e9lix\u00bb<\/em><\/p>\n<p><em>\u201cEl mi\u00e9rcoles 11 de junio se proyectar\u00e1 la pel\u00edcula danesa Ninfoman\u00eda, Volumen 1, a las 19:00 horas; y para los amantes del anime, el d\u00eda 13 se presenta la pel\u00edcula &#8216;Se levanta el viento&#8217; del director Hayao Miyazaki\u00bb<\/em><\/p>\n<p><em>\u201cTodas las pel\u00edculas inician a las 19:00 horas en el teatro Macedonio Alcal\u00e1; los invitamos a llegar con anticipaci\u00f3n, ya que las puertas se cierran puntualmente\u00bb<\/em><\/p>\n<p><em>\u201cLas taquillas se abren a partir de las 4:00 pm y los boletos tienen un costo general de 30 pesos y de 20 pesos para quienes presenten credencial escolar o INAPAM vigente\u00bb<\/em><\/p>\n<p>&nbsp;<\/p>\n<p><a href=\"http:\/\/www.eloriente.net\/home\/wp-content\/uploads\/2014\/06\/M%C3%B3nica-Barroso.jpg\"><img loading=\"lazy\" decoding=\"async\" class=\"aligncenter\" style=\"-webkit-user-select: none; cursor: -webkit-zoom-in;\" src=\"http:\/\/www.eloriente.net\/home\/wp-content\/uploads\/2014\/06\/M%C3%B3nica-Barroso.jpg\" alt=\"\" width=\"300\" height=\"199\" \/><\/a><\/p>\n<p>&nbsp;<\/p>\n<p><iframe loading=\"lazy\" src=\"http:\/\/www.ivoox.com\/player_ek_3187681_2_1.html?data=lJalmZucdY6ZmKial5eJd6KmmpKSmaiRdo6ZmKiakpKJe6ShkZKSmaiRmNDY0JC8w93Fp8Kfs8bRy9SPdJSZk6u319PNs4amp5edk5mRaZi3jrncxtSPk8LswsjOjbfFqMrjjoqkpZKY&amp;\" frameborder=\"0\" scrolling=\"no\" width=\"238\" height=\"48\"><\/iframe><\/p>\n<p>&nbsp;<\/p>\n<p><strong>Entradas relacionadas:<\/strong><\/p>\n<p><a title=\"Permalink to Escucha a Claudio Ruiz, Luis Z\u00e1rate y Carlos Altamirano en Todo Oaxaca Radio 27\/May\/14\" href=\"http:\/\/www.eloriente.net\/home\/2014\/05\/29\/escucha-a-claudio-ruiz-luis-zarate-y-carlos-altamirano-en-todo-oaxaca-radio-27may14\/\" rel=\"bookmark\">Escucha a Claudio Ruiz, Luis Z\u00e1rate y Carlos Altamirano en Todo Oaxaca Radio 27\/May\/14<\/a><\/p>\n<p><a href=\"http:\/\/www.eloriente.net\/home\/2014\/05\/29\/escucha-a-claudio-ruiz-luis-zarate-y-carlos-altamirano-en-todo-oaxaca-radio-27may14\/\" rel=\"bookmark\"><img decoding=\"async\" title=\"Escucha a Claudio Ruiz, Luis Z\u00e1rate y Carlos Altamirano en Todo Oaxaca Radio 27\/May\/14\" src=\"http:\/\/www.eloriente.net\/home\/wp-content\/themes\/city-desk\/timthumb.php?src=http%3A%2F%2Fwww.eloriente.net%2Fhome%2Fwp-content%2Fuploads%2F2014%2F05%2FClaudio-Ruiz-Solana.jpg&amp;q=90&amp;w=160&amp;h=106&amp;zc=1\" alt=\"Escucha a Claudio Ruiz, Luis Z\u00e1rate y Carlos Altamirano en Todo Oaxaca Radio 27\/May\/14\" \/><\/a><\/p>\n<p>todooaxacaradio.com 29 de mayo de 2014 Como cada martes, en punto de las 17:00 horas se transmiti\u00f3 el programa Todo Oaxaca Radio completamente en vivo desde la Ciudad de Oaxaca de Ju\u00e1rez, a trav\u00e9s de las frecuencias abiertas 570 AM, 94.9 FM y para todo el mundo a trav\u00e9s de www.todooaxacaradio.com. El programa es conducido [&#8230;]<\/p>\n<p>May 29, 2014<\/p>\n<div id=\"post-26401\">\n<p><a title=\"Permalink to Escucha a Nancy Garc\u00eda y H\u00e9ctor Porras en Todo Oaxaca Radio 20\/May\/14\" href=\"http:\/\/www.eloriente.net\/home\/2014\/05\/22\/escucha-a-nancy-garcia-y-hector-porras-en-todo-oaxaca-radio-20may14\/\" rel=\"bookmark\">Escucha a Nancy Garc\u00eda y H\u00e9ctor Porras en Todo Oaxaca Radio 20\/May\/14<\/a><\/p>\n<p><a href=\"http:\/\/www.eloriente.net\/home\/2014\/05\/22\/escucha-a-nancy-garcia-y-hector-porras-en-todo-oaxaca-radio-20may14\/\" rel=\"bookmark\"><img decoding=\"async\" title=\"Escucha a Nancy Garc\u00eda y H\u00e9ctor Porras en Todo Oaxaca Radio 20\/May\/14\" src=\"http:\/\/www.eloriente.net\/home\/wp-content\/themes\/city-desk\/timthumb.php?src=http%3A%2F%2Fwww.eloriente.net%2Fhome%2Fwp-content%2Fuploads%2F2014%2F05%2FNancy-Porras.jpg&amp;q=90&amp;w=160&amp;h=106&amp;zc=1\" alt=\"Escucha a Nancy Garc\u00eda y H\u00e9ctor Porras en Todo Oaxaca Radio 20\/May\/14\" \/><\/a><\/p>\n<p>todooaxacaradio.com 22 de mayo de 2014 Como cada martes, en punto de las 17:00 horas se transmiti\u00f3 el programa Todo Oaxaca Radio completamente en vivo desde la Ciudad de Oaxaca de Ju\u00e1rez, a trav\u00e9s de las frecuencias abiertas 570 AM, 94.9 FM y para todo el mundo a trav\u00e9s de www.todooaxacaradio.com. El programa es conducido [&#8230;]<\/p>\n<p>May 22, 2014<\/p>\n<\/div>\n<div id=\"post-25945\">\n<p><a title=\"Permalink to Escucha a Adriana Pedro, Yecenia Ram\u00edrez, Armando Mart\u00ednez y Marcos Garc\u00eda en Todo Oaxaca Radio 13\/May\/14\" href=\"http:\/\/www.eloriente.net\/home\/2014\/05\/15\/escucha-a-adriana-pedro-yecenia-ramirez-armando-martinez-y-marcos-garcia-en-todo-oaxaca-radio-13may14\/\" rel=\"bookmark\">Escucha a Adriana Pedro, Yecenia Ram\u00edrez, Armando Mart\u00ednez y Marcos Garc\u00eda en Todo Oaxaca Radio 13\/May\/14<\/a><\/p>\n<p><a href=\"http:\/\/www.eloriente.net\/home\/2014\/05\/15\/escucha-a-adriana-pedro-yecenia-ramirez-armando-martinez-y-marcos-garcia-en-todo-oaxaca-radio-13may14\/\" rel=\"bookmark\"><img decoding=\"async\" title=\"Escucha a Adriana Pedro, Yecenia Ram\u00edrez, Armando Mart\u00ednez y Marcos Garc\u00eda en Todo Oaxaca Radio 13\/May\/14\" src=\"http:\/\/www.eloriente.net\/home\/wp-content\/themes\/city-desk\/timthumb.php?src=http%3A%2F%2Fwww.eloriente.net%2Fhome%2Fwp-content%2Fuploads%2F2014%2F05%2FAdriana-Pedro-y-Yecenia-Ram%C3%ADrez.jpg&amp;q=90&amp;w=160&amp;h=106&amp;zc=1\" alt=\"Escucha a Adriana Pedro, Yecenia Ram\u00edrez, Armando Mart\u00ednez y Marcos Garc\u00eda en Todo Oaxaca Radio 13\/May\/14\" \/><\/a><\/p>\n<p>todooaxacaradio.com 15 de mayo de 2014 Como cada martes, en punto de las 17:00 horas se transmiti\u00f3 el programa Todo Oaxaca Radio completamente en vivo desde la Ciudad de Oaxaca de Ju\u00e1rez, a trav\u00e9s de las frecuencias abiertas 570 AM, 94.9 FM y para todo el mundo a trav\u00e9s de www.todooaxacaradio.com. El programa es conducido [&#8230;]<\/p>\n<p>May 15, 2014<\/p>\n<\/div>\n\n\t\t\t  <div \n\t\t\t  \tclass = \"fb-comments\" \n\t\t\t  \tdata-href = \"http:\/\/www.eloriente.net\/home\/2014\/06\/04\/escucha-a-julio-basulto-jesus-martinez-alvaro-reyes-y-monica-barroso-en-todo-oaxaca-radio-27may14\/\"\n\t\t\t  \tdata-numposts = \"10\"\n\t\t\t\tdata-colorscheme = \"dark\"\n\t\t\t\tdata-order-by = \"social\"\n\t\t\t\tdata-mobile=true>\n\t\t\t  <\/div>\n\t\t  <style>\n\t\t\t.fb_iframe_widget_fluid_desktop iframe {\n\t\t\t    width: 100% !important;\n\t\t\t}\n\t\t  <\/style>\n\t\t  ","protected":false},"excerpt":{"rendered":"<p>todooaxacaradio.com 4 de junio de 2014 Como cada martes, en punto de las 17:00 horas se transmiti\u00f3 el programa Todo Oaxaca Radio completamente en vivo desde la Ciudad de Oaxaca de Ju\u00e1rez, a trav\u00e9s de las frecuencias abiertas 570 AM, 94.9 FM y para todo el mundo a trav\u00e9s de www.todooaxacaradio.com. El programa es conducido [&hellip;]<\/p>\n","protected":false},"author":26,"featured_media":27163,"comment_status":"open","ping_status":"open","sticky":false,"template":"","format":"standard","meta":{"_jetpack_memberships_contains_paid_content":false,"footnotes":""},"categories":[32,63,464,12],"tags":[239,4076,1539,73,330,1538,415],"class_list":["post-27157","post","type-post","status-publish","format-standard","has-post-thumbnail","hentry","category-entradas","category-estados","category-oaxaca-estados","category-todo-oaxaca-radio","tag-arte","tag-cine","tag-educacion-vial","tag-oaxaca","tag-radio","tag-sustentabilidad","tag-todo"],"jetpack_featured_media_url":"http:\/\/www.eloriente.net\/home\/wp-content\/uploads\/2014\/06\/Julio-C\u00e9sar-Basulto.jpg","jetpack_sharing_enabled":true,"_links":{"self":[{"href":"http:\/\/www.eloriente.net\/home\/wp-json\/wp\/v2\/posts\/27157"}],"collection":[{"href":"http:\/\/www.eloriente.net\/home\/wp-json\/wp\/v2\/posts"}],"about":[{"href":"http:\/\/www.eloriente.net\/home\/wp-json\/wp\/v2\/types\/post"}],"author":[{"embeddable":true,"href":"http:\/\/www.eloriente.net\/home\/wp-json\/wp\/v2\/users\/26"}],"replies":[{"embeddable":true,"href":"http:\/\/www.eloriente.net\/home\/wp-json\/wp\/v2\/comments?post=27157"}],"version-history":[{"count":14,"href":"http:\/\/www.eloriente.net\/home\/wp-json\/wp\/v2\/posts\/27157\/revisions"}],"predecessor-version":[{"id":27173,"href":"http:\/\/www.eloriente.net\/home\/wp-json\/wp\/v2\/posts\/27157\/revisions\/27173"}],"wp:featuredmedia":[{"embeddable":true,"href":"http:\/\/www.eloriente.net\/home\/wp-json\/wp\/v2\/media\/27163"}],"wp:attachment":[{"href":"http:\/\/www.eloriente.net\/home\/wp-json\/wp\/v2\/media?parent=27157"}],"wp:term":[{"taxonomy":"category","embeddable":true,"href":"http:\/\/www.eloriente.net\/home\/wp-json\/wp\/v2\/categories?post=27157"},{"taxonomy":"post_tag","embeddable":true,"href":"http:\/\/www.eloriente.net\/home\/wp-json\/wp\/v2\/tags?post=27157"}],"curies":[{"name":"wp","href":"https:\/\/api.w.org\/{rel}","templated":true}]}}