{"id":27176,"date":"2014-06-04T12:26:15","date_gmt":"2014-06-04T18:26:15","guid":{"rendered":"http:\/\/www.eloriente.net\/home\/?p=27176"},"modified":"2014-06-04T12:26:15","modified_gmt":"2014-06-04T18:26:15","slug":"agresion-a-periodistas-muestran-grado-de-civilidad-benjamin-robles","status":"publish","type":"post","link":"http:\/\/www.eloriente.net\/home\/2014\/06\/04\/agresion-a-periodistas-muestran-grado-de-civilidad-benjamin-robles\/","title":{"rendered":"Agresi\u00f3n a periodistas muestran &#8216;grado de civilidad&#8217;: Benjam\u00edn Robles"},"content":{"rendered":"<p>eloriente.net\/Senado de la Rep\u00fablica<\/p>\n<p>4 de junio de 2014<\/p>\n<p>Este d\u00eda, en Sesi\u00f3n de la Comisi\u00f3n Permanente, el Senado de la Rep\u00fablica decidi\u00f3 hacer suyo el siguiente mensaje del Senador por Oaxaca Benjam\u00edn Robles Montoya, en relaci\u00f3n al D\u00eda de la Libertad de Expresi\u00f3n en M\u00e9xico, y que fue publicado en la <a href=\"http:\/\/www.senado.gob.mx\/index.php?ver=sp&amp;mn=2&amp;sm=1\" target=\"_blank\">Gaceta<\/a> correspondiente. En negritas, hemos destacado los fragmentos de este mensaje que es necesario destacar:<\/p>\n<p>\u00abDesde este Senado de la Rep\u00fablica, instituci\u00f3n estructural de nuestro Estado, consideramos que <strong>uno de los grandes pendientes para la arm\u00f3nica convivencia y\u00a0 desarrollo de M\u00e9xico es el de integrar dentro del marco jur\u00eddico, las normas precisas para que el orden legal garantice completamente la libertad de expresi\u00f3n<\/strong> de cada una de las mexicanas y mexicanos.<\/p>\n<p>En M\u00e9xico es lamentable contar con instituciones y andamiajes legales modernas, pero que por a\u00f1os, hemos encabezado la lista dentro de los pa\u00edses m\u00e1s peligrosos contra la libertad de expresi\u00f3n.<\/p>\n<p>Avergonzados, debemos reconocer que al d\u00eda de hoy, <strong>el periodismo en M\u00e9xico es la actividad m\u00e1s peligrosa para ejercer<\/strong>. \u00a1D\u00eda con d\u00eda, la sociedad mexicana sufre las agresiones, secuestros, y homicidios de los integrantes y trabajadores de los medios de comunicaci\u00f3n! Enfrentando as\u00ed, un problema pol\u00edtico, judicial, c\u00edvico y social.<\/p>\n<p>Al d\u00eda de hoy, <strong>las medidas cautelares que ha intentado implementar el Ejecutivo para garantizar los Derechos Humanos de los Periodistas no han sido efectivas<\/strong>; las medidas no han sido las adecuadas y la respuesta gubernamental ha sido insuficiente.<\/p>\n<p>As\u00ed mismo, no nos damos cuenta en nuestro quehacer cotidiano que este problema en M\u00e9xico se est\u00e1 convirtiendo en una simple estad\u00edstica, que la sociedad no ha reflexionado en el gran compromiso que se tiene con los periodistas; M\u00e9xico no debe permitir que la muerte de un comunicador sea invisible.<\/p>\n<p><strong>La agresi\u00f3n, desaparici\u00f3n \u00f3 ejecuci\u00f3n de un periodista, \u00fanicamente refleja el grado de civilidad que se vive en M\u00e9xico<\/strong>; permeando as\u00ed el silencio, la falta de cr\u00edtica, la desaparici\u00f3n del pensamiento, la no generaci\u00f3n de nuevas ideas.<\/p>\n<p>Desde el poder legislativo, debemos velar por lograr una gran concordancia entre todos los sectores de la sociedad para armonizar el orden jur\u00eddico con el deber social y el deseo del quehacer individual. Lo anterior, de la mano con los integrantes de los medios de comunicaci\u00f3n, comunicadores, periodistas, l\u00edderes de opini\u00f3n, voceadores; hasta lograr un cambio en la visi\u00f3n social, pol\u00edtico y judicial y que los estudios internacionales eliminen a nuestro pa\u00eds, como el pa\u00eds m\u00e1s violento hacia el periodismo.<\/p>\n<p>Es cuanto.\u00bb<\/p>\n<p><a href=\"http:\/\/www.eloriente.net\/home\/wp-content\/uploads\/2014\/05\/Captura-de-pantalla-2014-05-15-a-las-12.23.51.png\"><img loading=\"lazy\" decoding=\"async\" class=\"alignnone size-medium wp-image-25970\" title=\"Benjam\u00edn Robles captura 140514\" src=\"http:\/\/www.eloriente.net\/home\/wp-content\/uploads\/2014\/05\/Captura-de-pantalla-2014-05-15-a-las-12.23.51-300x164.png\" alt=\"\" width=\"300\" height=\"164\" srcset=\"http:\/\/www.eloriente.net\/home\/wp-content\/uploads\/2014\/05\/Captura-de-pantalla-2014-05-15-a-las-12.23.51-300x164.png 300w, http:\/\/www.eloriente.net\/home\/wp-content\/uploads\/2014\/05\/Captura-de-pantalla-2014-05-15-a-las-12.23.51.png 635w\" sizes=\"(max-width: 300px) 100vw, 300px\" \/><\/a><\/p>\n<p>FOTO: Archivo<\/p>\n<p><strong>OTRAS ENTRADAS:<\/strong><\/p>\n<h2><a title=\"Permalink to F\u00e9lix Serrano asume liderazgo de PRD en Congreso\" href=\"http:\/\/www.eloriente.net\/home\/2014\/06\/02\/felix-serrano-asume-liderazgo-de-prd-en-congreso\/\" rel=\"bookmark\">F\u00e9lix Serrano asume liderazgo de PRD en Congreso<\/a><\/h2>\n<address id=\"post-27062\"><a href=\"http:\/\/www.eloriente.net\/home\/2014\/06\/02\/felix-serrano-asume-liderazgo-de-prd-en-congreso\/\" rel=\"bookmark\"><img decoding=\"async\" title=\"F\u00e9lix Serrano asume liderazgo de PRD en Congreso\" src=\"http:\/\/www.eloriente.net\/home\/wp-content\/themes\/city-desk\/timthumb.php?src=http%3A%2F%2Fwww.eloriente.net%2Fhome%2Fwp-content%2Fuploads%2F2014%2F06%2FFraccion-PRD-62-Legislatura.jpg&amp;q=90&amp;w=160&amp;h=106&amp;zc=1\" alt=\"F\u00e9lix Serrano asume liderazgo de PRD en Congreso\" \/><\/a>eloriente.net\/62 Legislatura* 2 de junio de 2014 *Integrantes de la bancada en la LXII Legislatura del Estado, nombraron al diputado F\u00e9lix Antonio Serrano Toledo, en sustituci\u00f3n del diputado Anselmo Ortiz Garc\u00eda. SAN RAYMUNDO Jalpan, Oaxaca, junio 2.- Integrantes de la fracci\u00f3n parlamentaria del Partido de la Revoluci\u00f3n Democr\u00e1tica en la LXII Legislatura del Estado anunciaron [&#8230;]<\/p>\n<p>June 2, 2014<\/p><\/address>\n<div id=\"post-27027\">\n<p><a title=\"Permalink to Las 10+ vistas de ELORIENTE.NET en mayo 2014\" href=\"http:\/\/www.eloriente.net\/home\/2014\/06\/02\/las-10-vistas-de-eloriente-net-en-mayo-2014\/\" rel=\"bookmark\">Las 10+ vistas de ELORIENTE.NET en mayo 2014<\/a><\/p>\n<p><a href=\"http:\/\/www.eloriente.net\/home\/2014\/06\/02\/las-10-vistas-de-eloriente-net-en-mayo-2014\/\" rel=\"bookmark\"><img decoding=\"async\" title=\"Las 10+ vistas de ELORIENTE.NET en mayo 2014\" src=\"http:\/\/www.eloriente.net\/home\/wp-content\/themes\/city-desk\/timthumb.php?src=http%3A%2F%2Fwww.eloriente.net%2Fhome%2Fwp-content%2Fuploads%2F2014%2F06%2FBellas-Artes-Por-Carlos-S%C3%A1nchez-Pimienta.jpg&amp;q=90&amp;w=160&amp;h=106&amp;zc=1\" alt=\"Las 10+ vistas de ELORIENTE.NET en mayo 2014\" \/><\/a>eloriente.net 2\/junio\/2014 Cada mes, ELORIENTE.NET publica la lista de los contenidos m\u00e1s visitados por nuestros usuarios de manera mensual. Esto, para que aquellos que se han perdido una buena recomendaci\u00f3n o una buena nota, tengan la oportunidad de volver sobre ella, regocijarse y disfrutar. Hay que recordar que el objetivo de ELORIENTE.NET\u00a0es no solamente informar, [&#8230;]<\/p>\n<address>June 2, 2014<\/address>\n<\/div>\n<p><a title=\"Permalink to Promueven reflexi\u00f3n pol\u00edtica en foro sobre reformas estructurales\" href=\"http:\/\/www.eloriente.net\/home\/2014\/05\/31\/promueven-reflexion-politica-en-foro-sobre-reformas-estructurales\/\" rel=\"bookmark\">Promueven reflexi\u00f3n pol\u00edtica en foro sobre reformas estructurales<\/a><\/p>\n<p><a href=\"http:\/\/www.eloriente.net\/home\/2014\/05\/31\/promueven-reflexion-politica-en-foro-sobre-reformas-estructurales\/\" rel=\"bookmark\"><img decoding=\"async\" title=\"Promueven reflexi\u00f3n pol\u00edtica en foro sobre reformas estructurales\" src=\"http:\/\/www.eloriente.net\/home\/wp-content\/themes\/city-desk\/timthumb.php?src=http%3A%2F%2Fwww.eloriente.net%2Fhome%2Fwp-content%2Fuploads%2F2014%2F05%2F01.jpg&amp;q=90&amp;w=160&amp;h=106&amp;zc=1\" alt=\"Promueven reflexi\u00f3n pol\u00edtica en foro sobre reformas estructurales\" \/><\/a><\/p>\n<p>eloriente.net\/UABJO 31\/mayo\/2014 Con la finalidad de\u00a0promover el an\u00e1lisis y reflexi\u00f3n en torno a la situaci\u00f3n pol\u00edtica del pa\u00eds, la Universidad Aut\u00f3noma \u201cBenito Ju\u00e1rez\u201d de Oaxaca (UABJO) organiza en conjunto con el Movimiento de Regeneraci\u00f3n Nacional (MORENA), el foro \u201cLas reformas estructurales vigencia y\/o permanencia\u201d, el cual se llevar\u00e1 a cabo del 2 al 6 de [&#8230;]<\/p>\n<p>May 31, 2014<\/p>\n<p>&nbsp;<\/p>\n\n\t\t\t  <div \n\t\t\t  \tclass = \"fb-comments\" \n\t\t\t  \tdata-href = \"http:\/\/www.eloriente.net\/home\/2014\/06\/04\/agresion-a-periodistas-muestran-grado-de-civilidad-benjamin-robles\/\"\n\t\t\t  \tdata-numposts = \"10\"\n\t\t\t\tdata-colorscheme = \"dark\"\n\t\t\t\tdata-order-by = \"social\"\n\t\t\t\tdata-mobile=true>\n\t\t\t  <\/div>\n\t\t  <style>\n\t\t\t.fb_iframe_widget_fluid_desktop iframe {\n\t\t\t    width: 100% !important;\n\t\t\t}\n\t\t  <\/style>\n\t\t  ","protected":false},"excerpt":{"rendered":"<p>eloriente.net\/Senado de la Rep\u00fablica 4 de junio de 2014 Este d\u00eda, en Sesi\u00f3n de la Comisi\u00f3n Permanente, el Senado de la Rep\u00fablica decidi\u00f3 hacer suyo el siguiente mensaje del Senador por Oaxaca Benjam\u00edn Robles Montoya, en relaci\u00f3n al D\u00eda de la Libertad de Expresi\u00f3n en M\u00e9xico, y que fue publicado en la Gaceta correspondiente. En [&hellip;]<\/p>\n","protected":false},"author":1,"featured_media":25970,"comment_status":"open","ping_status":"open","sticky":false,"template":"","format":"standard","meta":{"_jetpack_memberships_contains_paid_content":false,"footnotes":""},"categories":[91,22,32,24,21],"tags":[1543,79,1541,1542,1544,1540],"class_list":["post-27176","post","type-post","status-publish","format-standard","has-post-thumbnail","hentry","category-congreso-y-justicia","category-derechos-humanos","category-entradas","category-mexico-y-el-mundo","category-politica-y-gobierno","tag-7-de-junio","tag-benjamin-robles","tag-camara-alta","tag-libertad-de-expresion","tag-periodistas","tag-senador"],"jetpack_featured_media_url":"http:\/\/www.eloriente.net\/home\/wp-content\/uploads\/2014\/05\/Captura-de-pantalla-2014-05-15-a-las-12.23.51.png","jetpack_sharing_enabled":true,"_links":{"self":[{"href":"http:\/\/www.eloriente.net\/home\/wp-json\/wp\/v2\/posts\/27176"}],"collection":[{"href":"http:\/\/www.eloriente.net\/home\/wp-json\/wp\/v2\/posts"}],"about":[{"href":"http:\/\/www.eloriente.net\/home\/wp-json\/wp\/v2\/types\/post"}],"author":[{"embeddable":true,"href":"http:\/\/www.eloriente.net\/home\/wp-json\/wp\/v2\/users\/1"}],"replies":[{"embeddable":true,"href":"http:\/\/www.eloriente.net\/home\/wp-json\/wp\/v2\/comments?post=27176"}],"version-history":[{"count":1,"href":"http:\/\/www.eloriente.net\/home\/wp-json\/wp\/v2\/posts\/27176\/revisions"}],"predecessor-version":[{"id":27177,"href":"http:\/\/www.eloriente.net\/home\/wp-json\/wp\/v2\/posts\/27176\/revisions\/27177"}],"wp:featuredmedia":[{"embeddable":true,"href":"http:\/\/www.eloriente.net\/home\/wp-json\/wp\/v2\/media\/25970"}],"wp:attachment":[{"href":"http:\/\/www.eloriente.net\/home\/wp-json\/wp\/v2\/media?parent=27176"}],"wp:term":[{"taxonomy":"category","embeddable":true,"href":"http:\/\/www.eloriente.net\/home\/wp-json\/wp\/v2\/categories?post=27176"},{"taxonomy":"post_tag","embeddable":true,"href":"http:\/\/www.eloriente.net\/home\/wp-json\/wp\/v2\/tags?post=27176"}],"curies":[{"name":"wp","href":"https:\/\/api.w.org\/{rel}","templated":true}]}}