{"id":27209,"date":"2014-06-05T08:32:16","date_gmt":"2014-06-05T14:32:16","guid":{"rendered":"http:\/\/www.eloriente.net\/home\/?p=27209"},"modified":"2014-06-05T11:35:34","modified_gmt":"2014-06-05T17:35:34","slug":"viable-proyecto-de-corredores-del-transporte-publico-serrano-toledo","status":"publish","type":"post","link":"http:\/\/www.eloriente.net\/home\/2014\/06\/05\/viable-proyecto-de-corredores-del-transporte-publico-serrano-toledo\/","title":{"rendered":"Viable Corredores del Transporte P\u00fablico: Serrano Toledo"},"content":{"rendered":"<p>eloriente.net\/<a href=\"http:\/\/www.congresooaxaca.gob.mx\/\" target=\"_blank\">Congreso del Estado<\/a><\/p>\n<p>5\/junio\/2014<\/p>\n<p><strong>El presidente de la Comisi\u00f3n Permanente de Vialidad y Transporte de la LXII Legislatura del Estado acudi\u00f3 a la presentaci\u00f3n de esta propuesta de la Sevitra.<\/strong><\/p>\n<p>El<strong> <\/strong>Proyecto Corredores de Transporte P\u00fablico de la Ciudad de Oaxaca promover\u00e1 mayor eficiencia del transporte p\u00fablico masivo, consider\u00f3 el diputado presidente de la Comisi\u00f3n Permanente de Vialidad y Transporte de la LXII Legislatura del Estado,\u00a0 F\u00e9lix Antonio Serrano Toledo, del PRD.<\/p>\n<p>El proyecto fue presentado este martes por el Subsecretario de Planeaci\u00f3n y Normatividad de la Secretar\u00eda de Vialidad y Transporte (Sevitra), Gonzalo Villalobos, ante los legisladores Sergio Andr\u00e9s Bello Guerra, del PAN; Mar\u00eda del Carmen Ric\u00e1rdez Vela, del PRI; \u00a0Santiago Garc\u00eda Sandoval, del Partido Unidad Popular (PUP), integrantes propietarios de la Comisi\u00f3n.<\/p>\n<p>Tambi\u00e9n en presencia de \u00a0los diputados suplentes de la misma, Sergio L\u00f3pez S\u00e1nchez, del PRD; Emilia Garc\u00eda Guzm\u00e1n, Edith Yolanda L\u00f3pez Velasco y Gustavo D\u00edaz S\u00e1nchez, del PRI; Leslie Jim\u00e9nez Valencia, del PAN;\u00a0 Manuel P\u00e9rez Morales, del Partido Social Dem\u00f3crata (PSD).<\/p>\n<p>El proyecto, dijo, resalta que en 9 municipios conurbanos diariamente hay 303 mil 983 usuarios del transporte p\u00fablico, que representan el 79.2 por ciento del total y destinan de 30 a 40 por ciento de su salario en este concepto.<\/p>\n<p>El funcionario de la Sevitra, explic\u00f3 que de acuerdo a un an\u00e1lisis realizado al respecto, los usuarios se pronunciaron porque haya tarifas competitivas, mayor cobertura, pues actualmente s\u00f3lo operan 78 rutas en la zona metropolitana.<\/p>\n<p>Indic\u00f3 que se prev\u00e9 que haya tres corredores del transporte p\u00fablico que beneficiar\u00edan a los 303 mil 983 usuarios y, entre las tareas a llevar a cabo se encuentra la elaboraci\u00f3n del proyecto ejecutivo, los estudios t\u00e9cnicos,\u00a0 de origen y movilidad vial en ejes de intersecciones, as\u00ed como la informaci\u00f3n a usuarios.<\/p>\n<p>El diputado Serrano Toledo, presidente de la Comisi\u00f3n Permanente de Vialidad y Transporte de la LXII Legislatura del Estado y coordinador del grupo parlamentario de su partido en el Congreso local, al t\u00e9rmino de la reuni\u00f3n dijo que el proyecto continuar\u00e1 su an\u00e1lisis.<\/p>\n<p>En este sentido, se\u00f1al\u00f3 que la Comisi\u00f3n que preside dar\u00e1 seguimiento al mismo, para que toda la ciudadan\u00eda lo conozca, opine y considere su viabilidad.<\/p>\n<p>Indic\u00f3 que este sistema de transporte colectivo, de acuerdo a la informaci\u00f3n proporcionada por Sevitra, \u00a0contempla un presupuesto del Gobierno Federal de 450 millones de pesos, para establecer tres rutas: de Viguera a la Central de Abasto,\u00a0 de la Central de Abasto a Santa Cruz Xoxocotl\u00e1n, y una tercera del Crucero de Tlalixtac de Cabrera a la Central de Abasto.<\/p>\n<p>A\u00f1adi\u00f3 que el Gobierno del Estado aportar\u00eda de 8 a 10 millones de pesos, para llevar a cabo el estudio t\u00e9cnico correspondiente.<\/p>\n<p>Los legisladores integrantes de la Comisi\u00f3n de Vialidad y Transporte, intervinieron para exponer sus puntos de vista acerca del proyecto, como la diputada priista Carmelita Ric\u00e1rdez Vela, quien consider\u00f3 importante hacer realidad ese proyecto el cual ya tiene asignados recursos, \u201cno llevarlo a cabo implica regresar recursos a la Federaci\u00f3n\u201d; su hom\u00f3loga Emilia Garc\u00eda Guzm\u00e1n, consider\u00f3 que de llegarse a concretar los corredores de transporte p\u00fablico \u201cser\u00edan de enorme beneficio para los oaxaque\u00f1os\u201d.<\/p>\n<p>Por su parte, la legisladora L\u00f3pez Velasco, y el diputado D\u00edaz S\u00e1nchez,\u00a0 ambos del PRI, mencionaron que Oaxaca requiere estar a la altura de las grandes ciudades y es importante aprovechar los recursos etiquetados.<\/p>\n<p>Mientras, la diputada\u00a0 Jim\u00e9nez Valencia resalt\u00f3 que el proyecto es bueno, sin embargo, es necesario tomar en cuenta la opini\u00f3n de otros sectores de la sociedad, el legislador Bello Guerra mencion\u00f3 que es necesario agilizar las gestiones para que aterricen los recursos necesarios.<\/p>\n<p>En tanto, el diputado Garc\u00eda Sandoval, consider\u00f3 que el proyecto tiene carencias y es necesario socializarlo, y el legislador L\u00f3pez S\u00e1nchez, presidente de la Comisi\u00f3n Permanente de Presupuesto y Programaci\u00f3n, dijo que se requiere mejorar\u00a0 el servicio de transporte en la ciudad.<\/p>\n<p>Al t\u00e9rmino de la reuni\u00f3n, el diputado Serrano Toledo, puntualiz\u00f3 que los integrantes de la Comisi\u00f3n que preside acordaron reunirse nuevamente para continuar el an\u00e1lisis de este proyecto.<\/p>\n<p>&nbsp;<\/p>\n<p><a href=\"http:\/\/www.eloriente.net\/home\/wp-content\/uploads\/2014\/06\/Diputados-Por-Congreso.jpg\"><img loading=\"lazy\" decoding=\"async\" class=\"alignnone size-medium wp-image-27210\" title=\"Diputados-Por Congreso\" src=\"http:\/\/www.eloriente.net\/home\/wp-content\/uploads\/2014\/06\/Diputados-Por-Congreso-300x124.jpg\" alt=\"\" width=\"300\" height=\"124\" srcset=\"http:\/\/www.eloriente.net\/home\/wp-content\/uploads\/2014\/06\/Diputados-Por-Congreso-300x124.jpg 300w, http:\/\/www.eloriente.net\/home\/wp-content\/uploads\/2014\/06\/Diputados-Por-Congreso-1024x425.jpg 1024w, http:\/\/www.eloriente.net\/home\/wp-content\/uploads\/2014\/06\/Diputados-Por-Congreso.jpg 1758w\" sizes=\"(max-width: 300px) 100vw, 300px\" \/><\/a><\/p>\n<p>Foto: Congreso del Estado<\/p>\n<p>&nbsp;<\/p>\n<p><strong>Entradas relacionadas:<\/strong><\/p>\n<p><a title=\"Permalink to F\u00e9lix Serrano asume liderazgo de PRD en Congreso\" href=\"http:\/\/www.eloriente.net\/home\/2014\/06\/02\/felix-serrano-asume-liderazgo-de-prd-en-congreso\/\" rel=\"bookmark\">F\u00e9lix Serrano asume liderazgo de PRD en Congreso<\/a><\/p>\n<p><a href=\"http:\/\/www.eloriente.net\/home\/2014\/06\/02\/felix-serrano-asume-liderazgo-de-prd-en-congreso\/\" rel=\"bookmark\"><img decoding=\"async\" title=\"F\u00e9lix Serrano asume liderazgo de PRD en Congreso\" src=\"http:\/\/www.eloriente.net\/home\/wp-content\/themes\/city-desk\/timthumb.php?src=http%3A%2F%2Fwww.eloriente.net%2Fhome%2Fwp-content%2Fuploads%2F2014%2F06%2FFraccion-PRD-62-Legislatura.jpg&amp;q=90&amp;w=160&amp;h=106&amp;zc=1\" alt=\"F\u00e9lix Serrano asume liderazgo de PRD en Congreso\" \/><\/a><\/p>\n<p>eloriente.net\/62 Legislatura* 2 de junio de 2014 *Integrantes de la bancada en la LXII Legislatura del Estado, nombraron al diputado F\u00e9lix Antonio Serrano Toledo, en sustituci\u00f3n del diputado Anselmo Ortiz Garc\u00eda. SAN RAYMUNDO Jalpan, Oaxaca, junio 2.- Integrantes de la fracci\u00f3n parlamentaria del Partido de la Revoluci\u00f3n Democr\u00e1tica en la LXII Legislatura del Estado anunciaron [&#8230;]<\/p>\n<p>June 2, 2014<\/p>\n<p><a title=\"Permalink to Senador Benjam\u00edn Robles publica \u201cLas nuevas reglas democr\u00e1ticas\u201d\" href=\"http:\/\/www.eloriente.net\/home\/2014\/05\/28\/senador-benjamin-robles-publica-las-nuevas-reglas-democraticas\/\" rel=\"bookmark\">Senador Benjam\u00edn Robles publica \u201cLas nuevas reglas democr\u00e1ticas\u201d<\/a><\/p>\n<p><a href=\"http:\/\/www.eloriente.net\/home\/2014\/05\/28\/senador-benjamin-robles-publica-las-nuevas-reglas-democraticas\/\" rel=\"bookmark\"><img decoding=\"async\" title=\"Senador Benjam\u00edn Robles publica \u201cLas nuevas reglas democr\u00e1ticas\u201d\" src=\"http:\/\/www.eloriente.net\/home\/wp-content\/themes\/city-desk\/timthumb.php?src=http%3A%2F%2Fwww.eloriente.net%2Fhome%2Fwp-content%2Fuploads%2F2014%2F05%2FLas-nuevas-reglas-democraticas.jpg&amp;q=90&amp;w=160&amp;h=106&amp;zc=1\" alt=\"Senador Benjam\u00edn Robles publica \u201cLas nuevas reglas democr\u00e1ticas\u201d\" \/><\/a><\/p>\n<p>eloriente.net 28 de mayo de 2014 Luego de que el Congreso de la Uni\u00f3n aprobara la quinta generaci\u00f3n de leyes electorales, el senador oaxaque\u00f1o por el PRD, Benjam\u00edn Robles Montoya, public\u00f3 \u201cLas nuevas reglas democr\u00e1ticas\u201d, un documento electr\u00f3nico que compila una descripci\u00f3n breve sobre las adiciones al marco normativo y reglamentario de las elecciones de [&#8230;]<\/p>\n<p>May 28, 2014<\/p>\n<div id=\"post-26562\">\n<p><a title=\"Permalink to Entregan 520 municipios de Oaxaca sus Leyes de Ingresos a Congreso Local\" href=\"http:\/\/www.eloriente.net\/home\/2014\/05\/26\/entregan-520-municipios-de-oaxaca-sus-leyes-de-ingresos-a-congreso-local\/\" rel=\"bookmark\">Entregan 520 municipios de Oaxaca sus Leyes de Ingresos a Congreso Local<\/a><\/p>\n<p><a href=\"http:\/\/www.eloriente.net\/home\/2014\/05\/26\/entregan-520-municipios-de-oaxaca-sus-leyes-de-ingresos-a-congreso-local\/\" rel=\"bookmark\"><img decoding=\"async\" title=\"Entregan 520 municipios de Oaxaca sus Leyes de Ingresos a Congreso Local\" src=\"http:\/\/www.eloriente.net\/home\/wp-content\/themes\/city-desk\/timthumb.php?src=http%3A%2F%2Fwww.eloriente.net%2Fhome%2Fwp-content%2Fuploads%2F2014%2F05%2FDiputado-Por-Congreso-del-Estado.jpg&amp;q=90&amp;w=160&amp;h=106&amp;zc=1\" alt=\"Entregan 520 municipios de Oaxaca sus Leyes de Ingresos a Congreso Local\" \/><\/a><\/p>\n<p>eloriente.net\/Congreso del Estado 26 de mayo de 2014 En lo que va de este 2014 hubo un\u00a0r\u00e9cord en la presentaci\u00f3n de Leyes de Ingresos de 520 de los 570\u00a0municipios de la entidad, inform\u00f3 el diputado presidente de la\u00a0Comisi\u00f3n Permanente de Presupuesto y Programaci\u00f3n de la LXII\u00a0Legislatura del Estado, Sergio L\u00f3pez S\u00e1nchez. Indic\u00f3 que en tiempo [&#8230;]<\/p>\n<p>May 26, 2014<\/p>\n<\/div>\n\n\t\t\t  <div \n\t\t\t  \tclass = \"fb-comments\" \n\t\t\t  \tdata-href = \"http:\/\/www.eloriente.net\/home\/2014\/06\/05\/viable-proyecto-de-corredores-del-transporte-publico-serrano-toledo\/\"\n\t\t\t  \tdata-numposts = \"10\"\n\t\t\t\tdata-colorscheme = \"dark\"\n\t\t\t\tdata-order-by = \"social\"\n\t\t\t\tdata-mobile=true>\n\t\t\t  <\/div>\n\t\t  <style>\n\t\t\t.fb_iframe_widget_fluid_desktop iframe {\n\t\t\t    width: 100% !important;\n\t\t\t}\n\t\t  <\/style>\n\t\t  ","protected":false},"excerpt":{"rendered":"<p>eloriente.net\/Congreso del Estado 5\/junio\/2014 El presidente de la Comisi\u00f3n Permanente de Vialidad y Transporte de la LXII Legislatura del Estado acudi\u00f3 a la presentaci\u00f3n de esta propuesta de la Sevitra. El Proyecto Corredores de Transporte P\u00fablico de la Ciudad de Oaxaca promover\u00e1 mayor eficiencia del transporte p\u00fablico masivo, consider\u00f3 el diputado presidente de la Comisi\u00f3n [&hellip;]<\/p>\n","protected":false},"author":26,"featured_media":27210,"comment_status":"open","ping_status":"open","sticky":false,"template":"","format":"standard","meta":{"_jetpack_memberships_contains_paid_content":false,"footnotes":""},"categories":[91,32,21],"tags":[],"class_list":["post-27209","post","type-post","status-publish","format-standard","has-post-thumbnail","hentry","category-congreso-y-justicia","category-entradas","category-politica-y-gobierno"],"jetpack_featured_media_url":"http:\/\/www.eloriente.net\/home\/wp-content\/uploads\/2014\/06\/Diputados-Por-Congreso.jpg","jetpack_sharing_enabled":true,"_links":{"self":[{"href":"http:\/\/www.eloriente.net\/home\/wp-json\/wp\/v2\/posts\/27209"}],"collection":[{"href":"http:\/\/www.eloriente.net\/home\/wp-json\/wp\/v2\/posts"}],"about":[{"href":"http:\/\/www.eloriente.net\/home\/wp-json\/wp\/v2\/types\/post"}],"author":[{"embeddable":true,"href":"http:\/\/www.eloriente.net\/home\/wp-json\/wp\/v2\/users\/26"}],"replies":[{"embeddable":true,"href":"http:\/\/www.eloriente.net\/home\/wp-json\/wp\/v2\/comments?post=27209"}],"version-history":[{"count":6,"href":"http:\/\/www.eloriente.net\/home\/wp-json\/wp\/v2\/posts\/27209\/revisions"}],"predecessor-version":[{"id":27212,"href":"http:\/\/www.eloriente.net\/home\/wp-json\/wp\/v2\/posts\/27209\/revisions\/27212"}],"wp:featuredmedia":[{"embeddable":true,"href":"http:\/\/www.eloriente.net\/home\/wp-json\/wp\/v2\/media\/27210"}],"wp:attachment":[{"href":"http:\/\/www.eloriente.net\/home\/wp-json\/wp\/v2\/media?parent=27209"}],"wp:term":[{"taxonomy":"category","embeddable":true,"href":"http:\/\/www.eloriente.net\/home\/wp-json\/wp\/v2\/categories?post=27209"},{"taxonomy":"post_tag","embeddable":true,"href":"http:\/\/www.eloriente.net\/home\/wp-json\/wp\/v2\/tags?post=27209"}],"curies":[{"name":"wp","href":"https:\/\/api.w.org\/{rel}","templated":true}]}}