{"id":27378,"date":"2014-06-07T09:22:53","date_gmt":"2014-06-07T15:22:53","guid":{"rendered":"http:\/\/www.eloriente.net\/home\/?p=27378"},"modified":"2014-06-07T11:51:31","modified_gmt":"2014-06-07T17:51:31","slug":"no-cesan-manifestaciones-en-brasil-a-cinco-dias-del-mundial","status":"publish","type":"post","link":"http:\/\/www.eloriente.net\/home\/2014\/06\/07\/no-cesan-manifestaciones-en-brasil-a-cinco-dias-del-mundial\/","title":{"rendered":"No cesan manifestaciones en Brasil a cinco d\u00edas del mundial"},"content":{"rendered":"<p>eloriente.net<\/p>\n<p>7\/junio\/2014<\/p>\n<p>A cinco d\u00edas de que inicie la Copa Mundial de F\u00fatbol, Brasil 2014, las manifestaciones en las principales ciudades del pa\u00eds sudamericano como R\u00edo de Janeiro y S\u00e3o Paulo no cesan. Desde 2013, miles de personas han salido a la calle a expresar su descontento por la alza en el precio del transporte p\u00fablico, los elevados gastos del Mundial y la poca inversi\u00f3n en servicios p\u00fablicos.<\/p>\n<p>Tan solo el pasado jueves\u00a0empleados del metro de S\u00e3o Paulo anunciaron un paro de labores indefinido como forma de protesta. Seg\u00fan datos de las autoridades del sistema de transporte, esta huelga <a href=\"http:\/\/www1.folha.uol.com.br\/fsp\/poder\/169712-greve-do-metro-afeta-45-milhoes-em-sp-e-continua-nesta-sexta-feira.shtml\" target=\"_blank\">afect\u00f3 a m\u00e1s de 4.5 millones de usuarios directamente<\/a>, generando un caos vial en la ciudad, debido a la aglomeraci\u00f3n de veh\u00edculos en las principales calles y avenidas.<\/p>\n<p>De acuerdo con Amnist\u00eda Internacional en su reporte \u00ab<a href=\"http:\/\/www.amnesty.org\/es\/library\/asset\/AMR19\/005\/2014\/es\/1a57acf8-a446-4a2a-aa36-07c697a5a8ff\/amr190052014es.pdf\" target=\"_blank\">Usan estrategia de miedo: Protecci\u00f3n del derecho a la protesta en Brasil<\/a>\u00ab, la respuesta del gobierno brasile\u00f1o hacia dichas protestas ha sido, en muchos casos, violenta y abusiva, ya que se\u00f1ala las unidades de polic\u00eda militar usan gas lacrim\u00f3geno indiscriminadamente contra los manifestantes.<\/p>\n<p>Adem\u00e1s, la organizaci\u00f3n en contra de la violencia y abusos de los derechos humanos lament\u00f3 que los grupos parlamentarios del gobierno de Brasil recientemente hayan solicitado leyes m\u00e1s estrictas para dar a las autoridades policiales y penales m\u00e1s facultades para reprimir las manifestaciones.<\/p>\n<p>Ante esta situaci\u00f3n, el ex futbolista brasile\u00f1o declar\u00f3: \u00ab<a href=\"http:\/\/www1.folha.uol.com.br\/esporte\/folhanacopa\/2014\/05\/1462211-fifa-esta-traumatizada-e-nunca-mais-fara-copa-no-brasil-diz-ronaldo.shtml\" target=\"_blank\">las manifestaciones pac\u00edficas son v\u00e1lidas, pero las violentas no lo son<\/a>\u00ab, aseverando que\u00a0en el futuro no habr\u00e1\u00a0una nueva oportunidad para que Brasil vea otra Copa Mundial en el pa\u00eds, ya que \u00abla FIFA va a quedar traumatizada\u00bb.<\/p>\n<p>Por su parte, el titular del Ministerio de Justicia de Brasil, Jos\u00e9 Eduardo Cardozo, asegur\u00f3 que <a href=\"http:\/\/oglobo.globo.com\/brasil\/cardozo-apela-ao-patriotismo-contra-greves-manifestacoes-12733261\" target=\"_blank\">el patriotismo ser\u00e1 el \u00fanico mecanismo para reducir las protestas<\/a>, por lo que llam\u00f3 a la ciudadan\u00eda a proyectar una buena imagen del pa\u00eds. \u00abQueremos estar orgullosos de nuestro pa\u00eds\u00bb, expres\u00f3.<\/p>\n<p>Asimismo, afirm\u00f3 que la Copa Mundial de F\u00fatbol es un importante evento que puede traer grandes ganancias y beneficios econ\u00f3micos al pa\u00eds.<\/p>\n<p>Finalmente, Jos\u00e9 Eduardo Cardozo\u00a0tambi\u00e9n rest\u00f3 importancia a las advertencias de gobiernos extranjeros sobre los riesgos que podr\u00edan sufrir los turistas que viajen a Brasil durante la Copa Mundial, asegurando que existen las condiciones necesarias para que la ley se respete y se cree un ambiente de paz para tener un gran torneo.<\/p>\n<p>&nbsp;<\/p>\n<p><iframe loading=\"lazy\" src=\"\/\/www.youtube.com\/embed\/zhQFYGBy-tE\" frameborder=\"0\" width=\"420\" height=\"315\"><\/iframe><\/p>\n<p>Video:\u00a0<a dir=\"ltr\" href=\"http:\/\/www.youtube.com\/channel\/UCSv9d0kQegylHWpP83jWSQg\" data-sessionlink=\"ei=VE6TU9P5FdeRrAbkr4CIBg&amp;feature=watch\" data-ytid=\"UCSv9d0kQegylHWpP83jWSQg\" data-name=\"watch\">tvbrasil<\/a><\/p>\n<p>&nbsp;<\/p>\n<p><iframe loading=\"lazy\" src=\"\/\/www.youtube.com\/embed\/YMfU-f-4fnE\" frameborder=\"0\" width=\"420\" height=\"315\"><\/iframe><\/p>\n<p>Video:\u00a0<a dir=\"ltr\" href=\"http:\/\/www.youtube.com\/channel\/UCSv9d0kQegylHWpP83jWSQg\" data-sessionlink=\"ei=VE6TU9P5FdeRrAbkr4CIBg&amp;feature=watch\" data-ytid=\"UCSv9d0kQegylHWpP83jWSQg\" data-name=\"watch\">tvbrasil<\/a><\/p>\n<p>&nbsp;<\/p>\n<p><iframe loading=\"lazy\" src=\"\/\/www.youtube.com\/embed\/bp3ErterbCg\" frameborder=\"0\" width=\"420\" height=\"315\"><\/iframe><\/p>\n<p>Video:\u00a0<a dir=\"ltr\" href=\"http:\/\/www.youtube.com\/channel\/UCDmGOrCvNl1e-cpqafv7P_Q\" data-sessionlink=\"ei=cE2TU-puiI6sBuCsgdAL&amp;feature=watch\" data-ytid=\"UCDmGOrCvNl1e-cpqafv7P_Q\" data-name=\"watch\">OpinionNTN24<\/a><\/p>\n<p>&nbsp;<\/p>\n<p><a href=\"http:\/\/www.eloriente.net\/home\/wp-content\/uploads\/2014\/06\/Manifestaci\u00f3n-Brasil-Por-Duda-Arraes.jpg\"><img loading=\"lazy\" decoding=\"async\" class=\"alignnone  wp-image-27388\" title=\"Manifestaci\u00f3n Brasil-Por Duda Arraes\" src=\"http:\/\/www.eloriente.net\/home\/wp-content\/uploads\/2014\/06\/Manifestaci\u00f3n-Brasil-Por-Duda-Arraes-681x1024.jpg\" alt=\"\" width=\"286\" height=\"430\" srcset=\"http:\/\/www.eloriente.net\/home\/wp-content\/uploads\/2014\/06\/Manifestaci\u00f3n-Brasil-Por-Duda-Arraes-681x1024.jpg 681w, http:\/\/www.eloriente.net\/home\/wp-content\/uploads\/2014\/06\/Manifestaci\u00f3n-Brasil-Por-Duda-Arraes-199x300.jpg 199w, http:\/\/www.eloriente.net\/home\/wp-content\/uploads\/2014\/06\/Manifestaci\u00f3n-Brasil-Por-Duda-Arraes-1024x1538.jpg 1024w, http:\/\/www.eloriente.net\/home\/wp-content\/uploads\/2014\/06\/Manifestaci\u00f3n-Brasil-Por-Duda-Arraes.jpg 1065w\" sizes=\"(max-width: 286px) 100vw, 286px\" \/><\/a><\/p>\n<p>Foto:\u00a0<a href=\"https:\/\/www.flickr.com\/photos\/duda_arraes\/\">Duda Arraes<\/a><\/p>\n<p>&nbsp;<\/p>\n<p><strong>Entradas relacionadas:<\/strong><\/p>\n<p><a title=\"Permalink to El atractivo cultural y econ\u00f3mico del f\u00fatbol\" href=\"http:\/\/www.eloriente.net\/home\/2014\/06\/04\/el-atractivo-cultural-y-economico-del-futbol\/\" rel=\"bookmark\">El atractivo cultural y econ\u00f3mico del f\u00fatbol<\/a><\/p>\n<p><a href=\"http:\/\/www.eloriente.net\/home\/2014\/06\/04\/el-atractivo-cultural-y-economico-del-futbol\/\" rel=\"bookmark\"><img decoding=\"async\" title=\"El atractivo cultural y econ\u00f3mico del f\u00fatbol\" src=\"http:\/\/www.eloriente.net\/home\/wp-content\/themes\/city-desk\/timthumb.php?src=http%3A%2F%2Fwww.eloriente.net%2Fhome%2Fwp-content%2Fuploads%2F2014%2F06%2FF%C3%BAtbol-IsakFotografi.jpg&amp;q=90&amp;w=160&amp;h=106&amp;zc=1\" alt=\"El atractivo cultural y econ\u00f3mico del f\u00fatbol\" \/><\/a><\/p>\n<p>eloriente.net 4\/ junio\/2014 Por: Rodrigo A. Robles Brena* El f\u00fatbol soccer es el deporte universal de nuestros tiempos, el m\u00e1s\u00a0jugado y observado por espectadores de todo el mundo. De acuerdo a datos de la Federaci\u00f3n Internacional de F\u00fatbol\u00a0Asociaci\u00f3n (FIFA), cerca de 300 millones de personas lo jugaban en 210\u00a0pa\u00edses del mundo en 2010. El n\u00famero [&#8230;]<\/p>\n<p>June 4, 2014<\/p>\n<p><a title=\"Permalink to Consulta aqu\u00ed calendario de partidos, Brasil 2014 #S\u00e1badoMundialista\" href=\"http:\/\/www.eloriente.net\/home\/2014\/05\/31\/consulta-aqui-calendario-de-partidos-brasil-2014-sabadomundialista\/\" rel=\"bookmark\">Consulta aqu\u00ed calendario de partidos, Brasil 2014 #S\u00e1badoMundialista<\/a><\/p>\n<p><a href=\"http:\/\/www.eloriente.net\/home\/2014\/05\/31\/consulta-aqui-calendario-de-partidos-brasil-2014-sabadomundialista\/\" rel=\"bookmark\"><img decoding=\"async\" title=\"Consulta aqu\u00ed calendario de partidos, Brasil 2014 #S\u00e1badoMundialista\" src=\"http:\/\/www.eloriente.net\/home\/wp-content\/themes\/city-desk\/timthumb.php?src=http%3A%2F%2Fwww.eloriente.net%2Fhome%2Fwp-content%2Fuploads%2F2014%2F05%2FCollage-Copa-Mundial-Por-FIFA.jpg&amp;q=90&amp;w=160&amp;h=106&amp;zc=1\" alt=\"Consulta aqu\u00ed calendario de partidos, Brasil 2014 #S\u00e1badoMundialista\" \/><\/a><\/p>\n<p>eloriente.net 31\/mayo\/2014 Estamos a 12 d\u00edas del inicio de la edici\u00f3n XX de uno de los eventos internacionales m\u00e1s esperados, la Copa Mundial de F\u00fatbol Brasil 2014, luego de cuatro a\u00f1os desde la \u00faltima competici\u00f3n en Sud\u00e1frica 2010, donde result\u00f3 triunfador la escuadra de Espa\u00f1a y como subcampe\u00f3n el equipo de Pa\u00edses Bajos. \u00bfQui\u00e9n es [&#8230;]<\/p>\n<p>May 31, 2014<\/p>\n<p><a title=\"Permalink to \u00bfM\u00e9xico a octavos de final? Un art\u00edculo de Alfredo Woolrich\" href=\"http:\/\/www.eloriente.net\/home\/2014\/05\/24\/mexico-a-octavos-de-final-un-articulo-de-alfredo-woolrich\/\" rel=\"bookmark\">\u00bfM\u00e9xico a octavos de final? Un art\u00edculo de Alfredo Woolrich<\/a><\/p>\n<p><a href=\"http:\/\/www.eloriente.net\/home\/2014\/05\/24\/mexico-a-octavos-de-final-un-articulo-de-alfredo-woolrich\/\" rel=\"bookmark\"><img decoding=\"async\" title=\"\u00bfM\u00e9xico a octavos de final? Un art\u00edculo de Alfredo Woolrich\" src=\"http:\/\/www.eloriente.net\/home\/wp-content\/themes\/city-desk\/timthumb.php?src=http%3A%2F%2Fwww.eloriente.net%2Fhome%2Fwp-content%2Fuploads%2F2014%2F05%2FSelecci%C3%B3n-f%C3%BAtbol-Por-Francisco-Carbajal.jpg&amp;q=90&amp;w=160&amp;h=106&amp;zc=1\" alt=\"\u00bfM\u00e9xico a octavos de final? Un art\u00edculo de Alfredo Woolrich\" \/><\/a><\/p>\n<p>eloriente.net 24 de mayo de 2014 Por:\u00a0Alfredo Woolrich La cantidad de factores a considerar para que M\u00e9xico avance a los octavos de final de la Copa del Mundo de 2014 es tan extensa como impredecible. Podemos apelar al momento actual de la selecci\u00f3n y de sus rivales, o hacer la evaluaci\u00f3n individual de cada uno [&#8230;]<\/p>\n<p>May 24, 2014<\/p>\n\n\t\t\t  <div \n\t\t\t  \tclass = \"fb-comments\" \n\t\t\t  \tdata-href = \"http:\/\/www.eloriente.net\/home\/2014\/06\/07\/no-cesan-manifestaciones-en-brasil-a-cinco-dias-del-mundial\/\"\n\t\t\t  \tdata-numposts = \"10\"\n\t\t\t\tdata-colorscheme = \"dark\"\n\t\t\t\tdata-order-by = \"social\"\n\t\t\t\tdata-mobile=true>\n\t\t\t  <\/div>\n\t\t  <style>\n\t\t\t.fb_iframe_widget_fluid_desktop iframe {\n\t\t\t    width: 100% !important;\n\t\t\t}\n\t\t  <\/style>\n\t\t  ","protected":false},"excerpt":{"rendered":"<p>eloriente.net 7\/junio\/2014 A cinco d\u00edas de que inicie la Copa Mundial de F\u00fatbol, Brasil 2014, las manifestaciones en las principales ciudades del pa\u00eds sudamericano como R\u00edo de Janeiro y S\u00e3o Paulo no cesan. Desde 2013, miles de personas han salido a la calle a expresar su descontento por la alza en el precio del transporte [&hellip;]<\/p>\n","protected":false},"author":26,"featured_media":27388,"comment_status":"open","ping_status":"open","sticky":false,"template":"","format":"standard","meta":{"_jetpack_memberships_contains_paid_content":false,"footnotes":""},"categories":[245,22,32,10,24],"tags":[1324,217,483,267,341,231,206],"class_list":["post-27378","post","type-post","status-publish","format-standard","has-post-thumbnail","hentry","category-brasil-2014","category-derechos-humanos","category-entradas","category-lo-mas-reciente","category-mexico-y-el-mundo","tag-brasil-2014-2","tag-derechos-humanos-2","tag-manifestaciones","tag-mundial","tag-policia","tag-politica","tag-seguridad"],"jetpack_featured_media_url":"http:\/\/www.eloriente.net\/home\/wp-content\/uploads\/2014\/06\/Manifestaci\u00f3n-Brasil-Por-Duda-Arraes.jpg","jetpack_sharing_enabled":true,"_links":{"self":[{"href":"http:\/\/www.eloriente.net\/home\/wp-json\/wp\/v2\/posts\/27378"}],"collection":[{"href":"http:\/\/www.eloriente.net\/home\/wp-json\/wp\/v2\/posts"}],"about":[{"href":"http:\/\/www.eloriente.net\/home\/wp-json\/wp\/v2\/types\/post"}],"author":[{"embeddable":true,"href":"http:\/\/www.eloriente.net\/home\/wp-json\/wp\/v2\/users\/26"}],"replies":[{"embeddable":true,"href":"http:\/\/www.eloriente.net\/home\/wp-json\/wp\/v2\/comments?post=27378"}],"version-history":[{"count":19,"href":"http:\/\/www.eloriente.net\/home\/wp-json\/wp\/v2\/posts\/27378\/revisions"}],"predecessor-version":[{"id":27390,"href":"http:\/\/www.eloriente.net\/home\/wp-json\/wp\/v2\/posts\/27378\/revisions\/27390"}],"wp:featuredmedia":[{"embeddable":true,"href":"http:\/\/www.eloriente.net\/home\/wp-json\/wp\/v2\/media\/27388"}],"wp:attachment":[{"href":"http:\/\/www.eloriente.net\/home\/wp-json\/wp\/v2\/media?parent=27378"}],"wp:term":[{"taxonomy":"category","embeddable":true,"href":"http:\/\/www.eloriente.net\/home\/wp-json\/wp\/v2\/categories?post=27378"},{"taxonomy":"post_tag","embeddable":true,"href":"http:\/\/www.eloriente.net\/home\/wp-json\/wp\/v2\/tags?post=27378"}],"curies":[{"name":"wp","href":"https:\/\/api.w.org\/{rel}","templated":true}]}}