{"id":27395,"date":"2014-06-07T11:13:20","date_gmt":"2014-06-07T17:13:20","guid":{"rendered":"http:\/\/www.eloriente.net\/home\/?p=27395"},"modified":"2014-06-07T11:24:20","modified_gmt":"2014-06-07T17:24:20","slug":"confien-en-nosotros-hector-moreno-sabadomundialista","status":"publish","type":"post","link":"http:\/\/www.eloriente.net\/home\/2014\/06\/07\/confien-en-nosotros-hector-moreno-sabadomundialista\/","title":{"rendered":"\u00abConf\u00eden en nosotros\u00bb: H\u00e9ctor Moreno #S\u00e1badoMundialista"},"content":{"rendered":"<p>eloriente.net<\/p>\n<p>7\/junio\/2014<\/p>\n<p>\u00abConf\u00eden en nosotros\u00bb, afirm\u00f3 el defensa H\u00e9ctor Moreno a pocos d\u00edas del primer partido de la Selecci\u00f3n Mexicana contra Camer\u00fan en la Copa Mundial de F\u00fatbol, Brasil 2014, en entrevista para FIFA.com.<\/p>\n<p>Moreno asegur\u00f3 que para todos los seleccionados mexicanos es un gran sue\u00f1o asistir al Mundial. \u00abVamos a hacer lo m\u00e1ximo para que nuestros fan\u00e1ticos tengan un recuerdo imborrable\u00bb, a\u00f1adi\u00f3.<\/p>\n<p>A pesar de que la participaci\u00f3n de M\u00e9xico en el mundial estuvo en juego, el tambi\u00e9n jugador central mencion\u00f3 que lo peor ha pasado, incluso considera las derrotas del equipo tricolor como una bendici\u00f3n disfrazada; y se\u00f1al\u00f3 que ahora est\u00e1n muy motivados para realizar un gran torneo.<\/p>\n<p>El tambi\u00e9n jugador de\u00a0RCD Espanyol asegur\u00f3 que la percepci\u00f3n general de la selecci\u00f3n es que no se tiene nada que perder, al contrario declar\u00f3: \u00abcreo que vamos a dar una sorpresa muy agradable\u201d.<\/p>\n<p>Brasil 2014 representa para H\u00e9ctor Moreno su segunda contienda mundialista, por lo que manifest\u00f3: \u00abvaloro esta nueva oportunidad\u00a0porque s\u00e9 lo dif\u00edcil que ha sido conseguir estar aqu\u00ed\u201d.<\/p>\n<p>En cuanto al pinzamiento y fractura de Juan Carlos Medina y Luis Montes, respectivamente, coment\u00f3: \u00abobviamente fue muy duro ver c\u00f3mo acababa el sue\u00f1o de un amigo de esa forma. Sin embargo, se ha convertido en una motivaci\u00f3n m\u00e1s para nosotros. Queremos ganar por nosotros, por la afici\u00f3n y tambi\u00e9n por nuestros compa\u00f1eros lesionados\u201d.<\/p>\n<p>Adem\u00e1s, Moreno se mostr\u00f3 muy optimista sobre el partido contra Brasil: \u00abNo podemos dejarnos vencer por la adversidad. Por ejemplo, nos toca jugar contra el local, con miles de espectadores apoy\u00e1ndolo. Les hemos ganado en el pasado y tenemos confianza en volverlo a hacer\u00bb.<\/p>\n<p>Finalmente concluy\u00f3: \u00abme sentir\u00e9 satisfecho si damos todo en la cancha, si no nos quedamos con nada guardado. Si eso sucede nos va a ir bien, aunque en el f\u00fatbol no se puede dar nada por sentado\u201d.<\/p>\n<p><em>Con informaci\u00f3n de\u00a0<a href=\"http:\/\/www.fifa.com\/\" target=\"_blank\">FIFA.com<\/a><\/em><\/p>\n<p>&nbsp;<\/p>\n<p><a href=\"http:\/\/www.eloriente.net\/home\/wp-content\/uploads\/2014\/06\/H\u00e9ctor-Moreno-Por-prismatico.jpg\"><img loading=\"lazy\" decoding=\"async\" class=\"alignnone  wp-image-27400\" title=\"H\u00e9ctor Moreno-Por prismatico\" src=\"http:\/\/www.eloriente.net\/home\/wp-content\/uploads\/2014\/06\/H\u00e9ctor-Moreno-Por-prismatico.jpg\" alt=\"\" width=\"257\" height=\"387\" srcset=\"http:\/\/www.eloriente.net\/home\/wp-content\/uploads\/2014\/06\/H\u00e9ctor-Moreno-Por-prismatico.jpg 680w, http:\/\/www.eloriente.net\/home\/wp-content\/uploads\/2014\/06\/H\u00e9ctor-Moreno-Por-prismatico-199x300.jpg 199w\" sizes=\"(max-width: 257px) 100vw, 257px\" \/><\/a><\/p>\n<p>Foto:\u00a0<a href=\"https:\/\/www.flickr.com\/photos\/prismatico\/\">prismatico<\/a><\/p>\n<p>&nbsp;<\/p>\n<p><strong>Entradas relacionadas:<\/strong><\/p>\n<p><a title=\"Permalink to No cesan manifestaciones en Brasil a cinco d\u00edas del mundial\" href=\"http:\/\/www.eloriente.net\/home\/2014\/06\/07\/no-cesan-manifestaciones-en-brasil-a-cinco-dias-del-mundial\/\" rel=\"bookmark\">No cesan manifestaciones en Brasil a cinco d\u00edas del mundial<\/a><\/p>\n<p><a href=\"http:\/\/www.eloriente.net\/home\/2014\/06\/07\/no-cesan-manifestaciones-en-brasil-a-cinco-dias-del-mundial\/\" rel=\"bookmark\"><img decoding=\"async\" title=\"No cesan manifestaciones en Brasil a cinco d\u00edas del mundial\" src=\"http:\/\/www.eloriente.net\/home\/wp-content\/themes\/city-desk\/timthumb.php?src=http%3A%2F%2Fwww.eloriente.net%2Fhome%2Fwp-content%2Fuploads%2F2014%2F06%2FManifestaci%C3%B3n-Brasil-Por-Duda-Arraes.jpg&amp;q=90&amp;w=160&amp;h=106&amp;zc=1\" alt=\"No cesan manifestaciones en Brasil a cinco d\u00edas del mundial\" \/><\/a><\/p>\n<p>eloriente.net 7\/junio\/2014 A cinco d\u00edas de que inicie la Copa Mundial de F\u00fatbol, Brasil 2014, las manifestaciones en las principales ciudades del pa\u00eds sudamericano como R\u00edo de Janeiro y S\u00e3o Paulo no cesan. Desde 2013, miles de personas han salido a la calle a expresar su descontento por la alza en el precio del transporte [&#8230;]<\/p>\n<p>June 7, 2014<\/p>\n<p><a title=\"Permalink to Consulta aqu\u00ed calendario de partidos, Brasil 2014 #S\u00e1badoMundialista\" href=\"http:\/\/www.eloriente.net\/home\/2014\/05\/31\/consulta-aqui-calendario-de-partidos-brasil-2014-sabadomundialista\/\" rel=\"bookmark\">Consulta aqu\u00ed calendario de partidos, Brasil 2014 #S\u00e1badoMundialista<\/a><\/p>\n<p><a href=\"http:\/\/www.eloriente.net\/home\/2014\/05\/31\/consulta-aqui-calendario-de-partidos-brasil-2014-sabadomundialista\/\" rel=\"bookmark\"><img decoding=\"async\" title=\"Consulta aqu\u00ed calendario de partidos, Brasil 2014 #S\u00e1badoMundialista\" src=\"http:\/\/www.eloriente.net\/home\/wp-content\/themes\/city-desk\/timthumb.php?src=http%3A%2F%2Fwww.eloriente.net%2Fhome%2Fwp-content%2Fuploads%2F2014%2F05%2FCollage-Copa-Mundial-Por-FIFA.jpg&amp;q=90&amp;w=160&amp;h=106&amp;zc=1\" alt=\"Consulta aqu\u00ed calendario de partidos, Brasil 2014 #S\u00e1badoMundialista\" \/><\/a><\/p>\n<p>eloriente.net 31\/mayo\/2014 Estamos a 12 d\u00edas del inicio de la edici\u00f3n XX de uno de los eventos internacionales m\u00e1s esperados, la Copa Mundial de F\u00fatbol Brasil 2014, luego de cuatro a\u00f1os desde la \u00faltima competici\u00f3n en Sud\u00e1frica 2010, donde result\u00f3 triunfador la escuadra de Espa\u00f1a y como subcampe\u00f3n el equipo de Pa\u00edses Bajos. \u00bfQui\u00e9n es [&#8230;]<\/p>\n<p>May 31, 2014<\/p>\n<p><a title=\"Permalink to \u00bfM\u00e9xico a octavos de final? Un art\u00edculo de Alfredo Woolrich\" href=\"http:\/\/www.eloriente.net\/home\/2014\/05\/24\/mexico-a-octavos-de-final-un-articulo-de-alfredo-woolrich\/\" rel=\"bookmark\">\u00bfM\u00e9xico a octavos de final? Un art\u00edculo de Alfredo Woolrich<\/a><\/p>\n<p><a href=\"http:\/\/www.eloriente.net\/home\/2014\/05\/24\/mexico-a-octavos-de-final-un-articulo-de-alfredo-woolrich\/\" rel=\"bookmark\"><img decoding=\"async\" title=\"\u00bfM\u00e9xico a octavos de final? Un art\u00edculo de Alfredo Woolrich\" src=\"http:\/\/www.eloriente.net\/home\/wp-content\/themes\/city-desk\/timthumb.php?src=http%3A%2F%2Fwww.eloriente.net%2Fhome%2Fwp-content%2Fuploads%2F2014%2F05%2FSelecci%C3%B3n-f%C3%BAtbol-Por-Francisco-Carbajal.jpg&amp;q=90&amp;w=160&amp;h=106&amp;zc=1\" alt=\"\u00bfM\u00e9xico a octavos de final? Un art\u00edculo de Alfredo Woolrich\" \/><\/a><\/p>\n<p>eloriente.net 24 de mayo de 2014 Por:\u00a0Alfredo Woolrich La cantidad de factores a considerar para que M\u00e9xico avance a los octavos de final de la Copa del Mundo de 2014 es tan extensa como impredecible. Podemos apelar al momento actual de la selecci\u00f3n y de sus rivales, o hacer la evaluaci\u00f3n individual de cada uno [&#8230;]<\/p>\n<p>May 24, 2014<\/p>\n\n\t\t\t  <div \n\t\t\t  \tclass = \"fb-comments\" \n\t\t\t  \tdata-href = \"http:\/\/www.eloriente.net\/home\/2014\/06\/07\/confien-en-nosotros-hector-moreno-sabadomundialista\/\"\n\t\t\t  \tdata-numposts = \"10\"\n\t\t\t\tdata-colorscheme = \"dark\"\n\t\t\t\tdata-order-by = \"social\"\n\t\t\t\tdata-mobile=true>\n\t\t\t  <\/div>\n\t\t  <style>\n\t\t\t.fb_iframe_widget_fluid_desktop iframe {\n\t\t\t    width: 100% !important;\n\t\t\t}\n\t\t  <\/style>\n\t\t  ","protected":false},"excerpt":{"rendered":"<p>eloriente.net 7\/junio\/2014 \u00abConf\u00eden en nosotros\u00bb, afirm\u00f3 el defensa H\u00e9ctor Moreno a pocos d\u00edas del primer partido de la Selecci\u00f3n Mexicana contra Camer\u00fan en la Copa Mundial de F\u00fatbol, Brasil 2014, en entrevista para FIFA.com. Moreno asegur\u00f3 que para todos los seleccionados mexicanos es un gran sue\u00f1o asistir al Mundial. \u00abVamos a hacer lo m\u00e1ximo para [&hellip;]<\/p>\n","protected":false},"author":26,"featured_media":27400,"comment_status":"open","ping_status":"open","sticky":false,"template":"","format":"standard","meta":{"_jetpack_memberships_contains_paid_content":false,"footnotes":""},"categories":[245,15,32,10,24],"tags":[1324,1088,266,1571,141,1572,269],"class_list":["post-27395","post","type-post","status-publish","format-standard","has-post-thumbnail","hentry","category-brasil-2014","category-deportes","category-entradas","category-lo-mas-reciente","category-mexico-y-el-mundo","tag-brasil-2014-2","tag-copa-mundial","tag-futbol","tag-hector-moreno","tag-mexico","tag-optimismo","tag-seleccion"],"jetpack_featured_media_url":"http:\/\/www.eloriente.net\/home\/wp-content\/uploads\/2014\/06\/H\u00e9ctor-Moreno-Por-prismatico.jpg","jetpack_sharing_enabled":true,"_links":{"self":[{"href":"http:\/\/www.eloriente.net\/home\/wp-json\/wp\/v2\/posts\/27395"}],"collection":[{"href":"http:\/\/www.eloriente.net\/home\/wp-json\/wp\/v2\/posts"}],"about":[{"href":"http:\/\/www.eloriente.net\/home\/wp-json\/wp\/v2\/types\/post"}],"author":[{"embeddable":true,"href":"http:\/\/www.eloriente.net\/home\/wp-json\/wp\/v2\/users\/26"}],"replies":[{"embeddable":true,"href":"http:\/\/www.eloriente.net\/home\/wp-json\/wp\/v2\/comments?post=27395"}],"version-history":[{"count":18,"href":"http:\/\/www.eloriente.net\/home\/wp-json\/wp\/v2\/posts\/27395\/revisions"}],"predecessor-version":[{"id":27415,"href":"http:\/\/www.eloriente.net\/home\/wp-json\/wp\/v2\/posts\/27395\/revisions\/27415"}],"wp:featuredmedia":[{"embeddable":true,"href":"http:\/\/www.eloriente.net\/home\/wp-json\/wp\/v2\/media\/27400"}],"wp:attachment":[{"href":"http:\/\/www.eloriente.net\/home\/wp-json\/wp\/v2\/media?parent=27395"}],"wp:term":[{"taxonomy":"category","embeddable":true,"href":"http:\/\/www.eloriente.net\/home\/wp-json\/wp\/v2\/categories?post=27395"},{"taxonomy":"post_tag","embeddable":true,"href":"http:\/\/www.eloriente.net\/home\/wp-json\/wp\/v2\/tags?post=27395"}],"curies":[{"name":"wp","href":"https:\/\/api.w.org\/{rel}","templated":true}]}}