{"id":27494,"date":"2014-06-09T15:48:21","date_gmt":"2014-06-09T21:48:21","guid":{"rendered":"http:\/\/www.eloriente.net\/home\/?p=27494"},"modified":"2015-01-07T18:04:44","modified_gmt":"2015-01-08T00:04:44","slug":"consulta-aqui-calendario-de-elecciones-2014-2015","status":"publish","type":"post","link":"http:\/\/www.eloriente.net\/home\/2014\/06\/09\/consulta-aqui-calendario-de-elecciones-2014-2015\/","title":{"rendered":"Consulta aqu\u00ed calendario de elecciones 2015"},"content":{"rendered":"<p>Actualizaci\u00f3n con informaci\u00f3n del Insituto Nacional Electoral<\/p>\n<p>7 de enero de 2015<\/p>\n<p>A continuaci\u00f3n, te presentamos el Calendario actualizado que <a href=\"http:\/\/www.ine.mx\/docs\/IFE-v2\/DECEYEC\/DECEYEC-ProcesosElectorales\/Calendario-Docs\/ISU_Cal_Elect-2015.pdf\" target=\"_blank\">el INE ha puesto<\/a> a disposici\u00f3n de los ciudadanos:<br \/>\n<iframe loading=\"lazy\" src=\"\/\/e.issuu.com\/embed.html#5422719\/10833320\" width=\"525\" height=\"342\" frameborder=\"0\" allowfullscreen=\"allowfullscreen\"><\/iframe><br \/>\nESTE CALENDARIO YA ES CON DATOS AL 6 DE ENERO DE 2015*<\/p>\n<p><a href=\"http:\/\/www.eloriente.net\/home\/wp-content\/uploads\/2014\/06\/Captura-de-pantalla-2015-01-07-a-las-18.00.08.png\"><img loading=\"lazy\" decoding=\"async\" class=\"alignnone  wp-image-34917\" src=\"http:\/\/www.eloriente.net\/home\/wp-content\/uploads\/2014\/06\/Captura-de-pantalla-2015-01-07-a-las-18.00.08-1024x667.png\" alt=\"Captura de pantalla 2015-01-07 a la(s) 18.00.08\" width=\"568\" height=\"370\" srcset=\"http:\/\/www.eloriente.net\/home\/wp-content\/uploads\/2014\/06\/Captura-de-pantalla-2015-01-07-a-las-18.00.08-1024x667.png 1024w, http:\/\/www.eloriente.net\/home\/wp-content\/uploads\/2014\/06\/Captura-de-pantalla-2015-01-07-a-las-18.00.08-300x195.png 300w, http:\/\/www.eloriente.net\/home\/wp-content\/uploads\/2014\/06\/Captura-de-pantalla-2015-01-07-a-las-18.00.08.png 1057w\" sizes=\"(max-width: 568px) 100vw, 568px\" \/><\/a><\/p>\n<p>&nbsp;<\/p>\n<p><strong>PUBLICACI\u00d3N ANTERIOR:<\/strong><\/p>\n<p><strong>\u00a0<\/strong><\/p>\n<p><strong>eloriente.net<\/strong><\/p>\n<p><strong>9\/junio\/2014<\/strong><\/p>\n<p>Durante el primer domingo del pr\u00f3ximo mes de julio, ciudadanos de los estados de Coahuila, Nayarit y Puebla elegir\u00e1n mediante su derecho al voto a sus representantes locales, dando fin a las comicios electorales del a\u00f1o 2014.<\/p>\n<p>Por su parte, en 2015, 17 estados de la Rep\u00fablica celebrar\u00e1n elecciones populares para nombrar a sus diputados y presidentes municipales. Adem\u00e1s, nueve entidades renovar\u00e1n a sus gobernadores.<\/p>\n<p>ELORIENTE.NET pone a tu disposici\u00f3n el calendario de elecciones 2014-2015 en M\u00e9xico:<\/p>\n<p><span style=\"text-decoration: underline;\"><strong>6 de julio de 2014<\/strong><\/span><\/p>\n<p><strong>Coahuila<\/strong><\/p>\n<p>&#8211; 16 diputados de mayor\u00eda relativa<br \/>\n&#8211; 9 diputados de representaci\u00f3n proporcional<\/p>\n<p><strong>Nayarit<\/strong><\/p>\n<p>&#8211; 18 diputados de mayor\u00eda relativa<br \/>\n&#8211; 12 diputados de representaci\u00f3n proporcional<br \/>\n&#8211; 20 ayuntamientos<\/p>\n<p><strong>Puebla<\/strong><\/p>\n<p>&#8211; 2 ayuntamientos (Elecciones extraordinarias)<\/p>\n<p><span style=\"text-decoration: underline;\"><strong>5 de julio de 2015<\/strong><\/span><\/p>\n<p><strong>Baja California Sur<\/strong><\/p>\n<p>&#8211; Gobernador<br \/>\n&#8211; 16 diputados de mayor\u00eda relativa<br \/>\n&#8211; 5 diputados de representaci\u00f3n proporcional<br \/>\n&#8211; 5 ayuntamientos<\/p>\n<p><strong>Campeche<\/strong><\/p>\n<p>&#8211; Gobernador<br \/>\n&#8211; 21 diputados de mayor\u00eda relativa<br \/>\n&#8211; 14 diputados de representaci\u00f3n proporcional<br \/>\n&#8211; 11 ayuntamientos<\/p>\n<p><strong>Colima<\/strong><\/p>\n<p>&#8211; Gobernador<br \/>\n&#8211; 16 diputados de mayor\u00eda relativa<br \/>\n&#8211; 9 diputados de representaci\u00f3n proporcional<br \/>\n&#8211; 10 ayuntamientos<\/p>\n<p><strong>Chiapas<\/strong><\/p>\n<p>&#8211; 25 diputados de mayor\u00eda relativa<br \/>\n&#8211; 16 diputados de representaci\u00f3n proporcional<br \/>\n&#8211; 122 ayuntamientos<\/p>\n<p><strong>Distrito Federal<\/strong><\/p>\n<p>&#8211; 40 diputados de mayor\u00eda relativa<br \/>\n&#8211; 26 diputados de representaci\u00f3n proporcional<br \/>\n&#8211; 16 jefes delegacionales<\/p>\n<p><strong>Guanajuato<\/strong><\/p>\n<p>&#8211; 22 diputados de mayor\u00eda relativa<br \/>\n&#8211; 14 diputados de representaci\u00f3n proporcional<br \/>\n&#8211; 46 ayuntamientos<\/p>\n<p><strong>Guerrero<\/strong><\/p>\n<p>&#8211; Gobernador<br \/>\n&#8211; 28 diputados de mayor\u00eda relativa<br \/>\n&#8211; 18 diputados de representaci\u00f3n proporcional<br \/>\n&#8211; 81 ayuntamientos<\/p>\n<p><strong>Jalisco<\/strong><\/p>\n<p>&#8211; 20 diputados de mayor\u00eda relativa<br \/>\n&#8211; 19 diputados de representaci\u00f3n proporcional<br \/>\n&#8211; 125 ayuntamientos<\/p>\n<p><strong>Estado de M\u00e9xico<\/strong><\/p>\n<p>&#8211; 45 diputados de mayor\u00eda relativa<br \/>\n&#8211; 30 diputados de representaci\u00f3n proporcional<br \/>\n&#8211; 125 ayuntamientos<\/p>\n<p><strong>Michoac\u00e1n<\/strong><\/p>\n<p>&#8211; Gobernador<br \/>\n&#8211; 24 diputados de mayor\u00eda relativa<br \/>\n&#8211; 16 diputados de representaci\u00f3n proporcional<br \/>\n&#8211; 113 ayuntamientos<\/p>\n<p><strong>Morelos<\/strong><\/p>\n<p>&#8211; 18 diputados de mayor\u00eda relativa<br \/>\n&#8211; 12 diputados de representaci\u00f3n proporcional<br \/>\n&#8211; 33 ayuntamientos<\/p>\n<p><strong>Nuevo Le\u00f3n<\/strong><\/p>\n<p>&#8211; Gobernador<br \/>\n&#8211; 26 diputados de mayor\u00eda relativa<br \/>\n&#8211; 16 diputados de representaci\u00f3n proporcional<br \/>\n&#8211; 51 ayuntamientos<\/p>\n<p><strong>Quer\u00e9taro<\/strong><\/p>\n<p>&#8211; Gobernador<br \/>\n&#8211; 15 diputados de mayor\u00eda relativa<br \/>\n&#8211; 10 diputados de representaci\u00f3n proporcional<br \/>\n&#8211; 18 ayuntamientos<\/p>\n<p><strong>San Luis Potos\u00ed<\/strong><\/p>\n<p>&#8211; Gobernador<br \/>\n&#8211; 15 diputados de mayor\u00eda relativa<br \/>\n&#8211; 10 diputados de representaci\u00f3n proporcional<br \/>\n&#8211; 58 ayuntamientos<\/p>\n<p><strong>Sonora<\/strong><\/p>\n<p>&#8211; Gobernador<br \/>\n&#8211; 21 diputados de mayor\u00eda relativa<br \/>\n&#8211; 12 diputados de representaci\u00f3n proporcional<br \/>\n&#8211; 72 ayuntamientos<\/p>\n<p><strong>Tabasco<\/strong><\/p>\n<p>&#8211; 21 diputados de mayor\u00eda relativa<br \/>\n&#8211; 14 diputados de representaci\u00f3n proporcional<br \/>\n&#8211; 17 ayuntamientos<\/p>\n<p><strong>Yucat\u00e1n<\/strong><\/p>\n<p>&#8211; 15 diputados de mayor\u00eda relativa<br \/>\n&#8211; 10 diputados de representaci\u00f3n proporcional<br \/>\n&#8211; 106 ayuntamientos<\/p>\n<p>&nbsp;<\/p>\n<p style=\"text-align: center;\"><a href=\"http:\/\/www.eloriente.net\/home\/wp-content\/uploads\/2014\/06\/Mapa-electoral-2014-2015.png\"><img loading=\"lazy\" decoding=\"async\" class=\"aligncenter\" style=\"-webkit-user-select: none; cursor: -webkit-zoom-in;\" src=\"http:\/\/www.eloriente.net\/home\/wp-content\/uploads\/2014\/06\/Mapa-electoral-2014-2015.png\" alt=\"\" width=\"507\" height=\"421\" \/><\/a><\/p>\n<p>&nbsp;<\/p>\n<p><a href=\"http:\/\/www.eloriente.net\/home\/wp-content\/uploads\/2014\/06\/Voto-Por-Wikimedia.jpg\"><img loading=\"lazy\" decoding=\"async\" class=\"alignnone size-medium wp-image-27505\" title=\"Voto-Por Wikimedia\" src=\"http:\/\/www.eloriente.net\/home\/wp-content\/uploads\/2014\/06\/Voto-Por-Wikimedia-300x225.jpg\" alt=\"\" width=\"300\" height=\"225\" srcset=\"http:\/\/www.eloriente.net\/home\/wp-content\/uploads\/2014\/06\/Voto-Por-Wikimedia-300x225.jpg 300w, http:\/\/www.eloriente.net\/home\/wp-content\/uploads\/2014\/06\/Voto-Por-Wikimedia-1024x768.jpg 1024w, http:\/\/www.eloriente.net\/home\/wp-content\/uploads\/2014\/06\/Voto-Por-Wikimedia.jpg 1632w\" sizes=\"(max-width: 300px) 100vw, 300px\" \/><\/a><\/p>\n<p>Foto: Wikimedia<\/p>\n<p>&nbsp;<\/p>\n<p><strong>Entradas relacionadas:<\/strong><\/p>\n<p><a title=\"Permalink to 4 de cada 10 estadounidenses aprueban gobierno de Obama\" href=\"http:\/\/www.eloriente.net\/home\/2014\/06\/09\/4-de-cada-10-estadounidenses-aprueban-gobierno-de-obama\/\" rel=\"bookmark\">4 de cada 10 estadounidenses aprueban gobierno de Obama<\/a><\/p>\n<p><a href=\"http:\/\/www.eloriente.net\/home\/2014\/06\/09\/4-de-cada-10-estadounidenses-aprueban-gobierno-de-obama\/\" rel=\"bookmark\"><img decoding=\"async\" title=\"4 de cada 10 estadounidenses aprueban gobierno de Obama\" src=\"http:\/\/www.eloriente.net\/home\/wp-content\/themes\/city-desk\/timthumb.php?src=http%3A%2F%2Fwww.eloriente.net%2Fhome%2Fwp-content%2Fuploads%2F2014%2F06%2FObama-Por-Official-U.S.-Navy-Imagery.jpg&amp;q=90&amp;w=160&amp;h=106&amp;zc=1\" alt=\"4 de cada 10 estadounidenses aprueban gobierno de Obama\" \/><\/a><\/p>\n<p>eloriente.net 9\/junio\/2014 A la fecha, 4 de cada 10 estadounidenses aprueba la forma de gobierno de su presidente, Barack Obama, mientras que 5 de cada 10 lo desaprueba, seg\u00fan las cifras diarias de Polling Report, un instrumento que mide las tendencias de la opini\u00f3n p\u00fablica norteamericana. De acuerdo con el \u00faltimo registro del 7 de [&#8230;]<\/p>\n<p>June 9, 2014<\/p>\n<div id=\"post-27343\">\n<p><a title=\"Permalink to Video: Debate presidencial Colombia: Santos-Zuluaga, por Caracol\" href=\"http:\/\/www.eloriente.net\/home\/2014\/06\/06\/video-debate-presidencial-colombia-santos-zuloaga-por-caracol\/\" rel=\"bookmark\">Video: Debate presidencial Colombia: Santos-Zuluaga, por Caracol<\/a><\/p>\n<p><a href=\"http:\/\/www.eloriente.net\/home\/2014\/06\/06\/video-debate-presidencial-colombia-santos-zuloaga-por-caracol\/\" rel=\"bookmark\"><img decoding=\"async\" title=\"Video: Debate presidencial Colombia: Santos-Zuluaga, por Caracol\" src=\"http:\/\/www.eloriente.net\/home\/wp-content\/themes\/city-desk\/timthumb.php?src=http%3A%2F%2Fwww.eloriente.net%2Fhome%2Fwp-content%2Fuploads%2F2014%2F06%2FCaptura-de-pantalla-2014-06-06-a-las-14.14.58.png&amp;q=90&amp;w=160&amp;h=106&amp;zc=1\" alt=\"Video: Debate presidencial Colombia: Santos-Zuluaga, por Caracol\" \/><\/a><\/p>\n<p>eloriente.net 6 de junio de 2014 \u00d3scar Iv\u00e1n Zuluaga del Centro Democr\u00e1tico y Juan Manuel Santos de Unidad Nacional, se encontraron ayer en la cadena televisiva Caracol para efectuar un debate rumbo a la elecci\u00f3n presidencial del 15 de junio pr\u00f3ximo. Ambos candidatos se enfrentan en segunda vuelta, as\u00ed que el domingo 15 deber\u00e1 declararse [&#8230;]<\/p>\n<p>June 6, 2014<\/p>\n<\/div>\n<div id=\"post-27351\">\n<p><a title=\"Permalink to Necesario avanzar en armonizaci\u00f3n pol\u00edtico electoral: Alejandra G. Morlan\" href=\"http:\/\/www.eloriente.net\/home\/2014\/06\/06\/necesario-avanzar-en-armonizacion-politico-electoral-alejandra-g-morlan\/\" rel=\"bookmark\">Necesario avanzar en armonizaci\u00f3n pol\u00edtico electoral: Alejandra G. Morlan<\/a><\/p>\n<p><a href=\"http:\/\/www.eloriente.net\/home\/2014\/06\/06\/necesario-avanzar-en-armonizacion-politico-electoral-alejandra-g-morlan\/\" rel=\"bookmark\"><img decoding=\"async\" title=\"Necesario avanzar en armonizaci\u00f3n pol\u00edtico electoral: Alejandra G. Morlan\" src=\"http:\/\/www.eloriente.net\/home\/wp-content\/themes\/city-desk\/timthumb.php?src=http%3A%2F%2Fwww.eloriente.net%2Fhome%2Fwp-content%2Fuploads%2F2014%2F04%2FGarc%C3%ADa-Morlan-Por-El-Oriente.jpg&amp;q=90&amp;w=160&amp;h=106&amp;zc=1\" alt=\"Necesario avanzar en armonizaci\u00f3n pol\u00edtico electoral: Alejandra G. Morlan\" \/><\/a><\/p>\n<p>eloriente.net\/Env\u00edo 6\/junio\/2014 La diputada local del Partido Acci\u00f3n Nacional (PAN), Alejandra Garc\u00eda Morlan, record\u00f3 que entre los pendientes de la LXII Legislatura se encuentra el estudio y an\u00e1lisis de las iniciativas en materia pol\u00edtico electoral, para armonizar las normas locales con la reforma estructural recientemente aprobada. Particularmente hizo referencia a la propuesta que la legisladora [&#8230;]<\/p>\n<p>June 6, 2014<\/p>\n<\/div>\n\n\t\t\t  <div \n\t\t\t  \tclass = \"fb-comments\" \n\t\t\t  \tdata-href = \"http:\/\/www.eloriente.net\/home\/2014\/06\/09\/consulta-aqui-calendario-de-elecciones-2014-2015\/\"\n\t\t\t  \tdata-numposts = \"10\"\n\t\t\t\tdata-colorscheme = \"dark\"\n\t\t\t\tdata-order-by = \"social\"\n\t\t\t\tdata-mobile=true>\n\t\t\t  <\/div>\n\t\t  <style>\n\t\t\t.fb_iframe_widget_fluid_desktop iframe {\n\t\t\t    width: 100% !important;\n\t\t\t}\n\t\t  <\/style>\n\t\t  ","protected":false},"excerpt":{"rendered":"<p>Actualizaci\u00f3n con informaci\u00f3n del Insituto Nacional Electoral 7 de enero de 2015 A continuaci\u00f3n, te presentamos el Calendario actualizado que el INE ha puesto a disposici\u00f3n de los ciudadanos: ESTE CALENDARIO YA ES CON DATOS AL 6 DE ENERO DE 2015* &nbsp; PUBLICACI\u00d3N ANTERIOR: \u00a0 eloriente.net 9\/junio\/2014 Durante el primer domingo del pr\u00f3ximo mes de [&hellip;]<\/p>\n","protected":false},"author":26,"featured_media":27505,"comment_status":"open","ping_status":"open","sticky":false,"template":"","format":"standard","meta":{"_jetpack_memberships_contains_paid_content":false,"footnotes":""},"categories":[49,71,32,63,10,24,21,31],"tags":[128,93,369,1242,279,141,191],"class_list":["post-27494","post","type-post","status-publish","format-standard","has-post-thumbnail","hentry","category-destacadas","category-elecciones","category-entradas","category-estados","category-lo-mas-reciente","category-mexico-y-el-mundo","category-politica-y-gobierno","category-principal","tag-ayuntamiento","tag-diputados","tag-elecciones-2","tag-gobernadores","tag-ine","tag-mexico","tag-voto"],"jetpack_featured_media_url":"http:\/\/www.eloriente.net\/home\/wp-content\/uploads\/2014\/06\/Voto-Por-Wikimedia.jpg","jetpack_sharing_enabled":true,"_links":{"self":[{"href":"http:\/\/www.eloriente.net\/home\/wp-json\/wp\/v2\/posts\/27494"}],"collection":[{"href":"http:\/\/www.eloriente.net\/home\/wp-json\/wp\/v2\/posts"}],"about":[{"href":"http:\/\/www.eloriente.net\/home\/wp-json\/wp\/v2\/types\/post"}],"author":[{"embeddable":true,"href":"http:\/\/www.eloriente.net\/home\/wp-json\/wp\/v2\/users\/26"}],"replies":[{"embeddable":true,"href":"http:\/\/www.eloriente.net\/home\/wp-json\/wp\/v2\/comments?post=27494"}],"version-history":[{"count":14,"href":"http:\/\/www.eloriente.net\/home\/wp-json\/wp\/v2\/posts\/27494\/revisions"}],"predecessor-version":[{"id":34918,"href":"http:\/\/www.eloriente.net\/home\/wp-json\/wp\/v2\/posts\/27494\/revisions\/34918"}],"wp:featuredmedia":[{"embeddable":true,"href":"http:\/\/www.eloriente.net\/home\/wp-json\/wp\/v2\/media\/27505"}],"wp:attachment":[{"href":"http:\/\/www.eloriente.net\/home\/wp-json\/wp\/v2\/media?parent=27494"}],"wp:term":[{"taxonomy":"category","embeddable":true,"href":"http:\/\/www.eloriente.net\/home\/wp-json\/wp\/v2\/categories?post=27494"},{"taxonomy":"post_tag","embeddable":true,"href":"http:\/\/www.eloriente.net\/home\/wp-json\/wp\/v2\/tags?post=27494"}],"curies":[{"name":"wp","href":"https:\/\/api.w.org\/{rel}","templated":true}]}}