{"id":27509,"date":"2014-06-09T17:28:25","date_gmt":"2014-06-09T23:28:25","guid":{"rendered":"http:\/\/www.eloriente.net\/home\/?p=27509"},"modified":"2014-06-09T17:36:33","modified_gmt":"2014-06-09T23:36:33","slug":"noticias-y-politica","status":"publish","type":"post","link":"http:\/\/www.eloriente.net\/home\/2014\/06\/09\/noticias-y-politica\/","title":{"rendered":"Noticias y Pol\u00edtica"},"content":{"rendered":"<p>eloriente.net<\/p>\n<p>9 de junio de 2014<\/p>\n<p>A la redacci\u00f3n de ELORIENTE.NET, a nuestros correos electr\u00f3nicos o en redes sociales, llega una importante cantidad de informaci\u00f3n, invitaciones, sinopsis, colaboraciones y tambi\u00e9n diversas s\u00edntesis o res\u00famentes de noticias. <strong>Todas las comunicaciones las agradecemos puntualmente <\/strong>pues de alguna manera nos permiten contar con un panorama de la situaci\u00f3n en el estado, en M\u00e9xico e inclusive en el mundo que es diversa y muy completa.<\/p>\n<p>De esta forma, por ejemplo, nos hemos hecho de amigos e inclusive de colaboradores internacionales que peri\u00f3dicamente publican aqu\u00ed sus reflexiones y aportaciones.<\/p>\n<p><strong>Llama la atenci\u00f3n en especial, sin embargo, el caso de las s\u00edntesis informativas.<\/strong> Algunas de ellas llegan a primer\u00edsima hora a nuestros correos y debe reconocerse su puntualidad y cada vez mayor grado de sofisticaci\u00f3n y profesionalismo. Echan mano del video, podcast, redes y otras herramientas tecnol\u00f3gicas que ya las hubieran querido tener en las antiguas redacciones de las empresas period\u00edsticas de anta\u00f1o.<\/p>\n<p><strong>El problema<\/strong>, f\u00e1cilmente identificable, es la informaci\u00f3n que se comparte o enlista atrav\u00e9s de estos instrumentos, la cual en <strong>la mayor\u00eda de los casos \u00fanicamente da cuenta de las actividades de l\u00edderes pol\u00edticos, servidores p\u00fablicos y aspirantes a alg\u00fan cargo de representaci\u00f3n popular.<\/strong><\/p>\n<p><strong>As\u00ed, la oferta informativa es la oferta de los personajes p\u00fablicos.<\/strong><\/p>\n<p>La noticia no es aut\u00e9nticamente lo que sucede en las calles o en la vida de los pobladores, alg\u00fan acontecimiento tecnol\u00f3gico o cient\u00edfico que cambie la forma en que viviremos globalmente en los pr\u00f3ximos a\u00f1os, ni tampoco la reflexi\u00f3n sobre el progreso de las naciones o las haza\u00f1as humanas.<\/p>\n<p><strong>La noticia es lo que desea informar la clase pol\u00edtica.<\/strong><\/p>\n<p>Honda realidad que debe alertarnos a todos, incluyendo(nos) a los propios medios y tambi\u00e9n a los ciudadanos, para que contenidos e informaci\u00f3n se conduzcan de una forma m\u00e1s o menos responsable, para que accedamos a <strong>un cambio necesario<\/strong>, donde la noticia sea en efecto una lectura de un acontecimiento de la realidad pero, al mismo tiempo, una herramienta para conocer y entender el entorno y a nosotros mismos como sociedad y como individuos.<\/p>\n<p>De ninguna manera se trata de nivelar num\u00e9ricamente las noticias referidas a pol\u00edticos o gobernantes con aquellas que nos los contemplen, ni tampoco de omitirlas.<\/p>\n<p><strong>Se trata de rescatar otra vez para los medios la posibilidad de que otro contenido es posible, que a\u00f1ada valor a la vida de las personas y sus comunidades.<\/strong><\/p>\n<p>Aunque ya entrados en ello, ser\u00eda magn\u00edfico que las organizaciones dedicadas a observar a los medios realizaran an\u00e1lisis y estudios al respecto para develar con sustento el tipo de informaci\u00f3n dominante. \u00bfCu\u00e1nta de la informaci\u00f3n impresa en los diarios de Oaxaca es oficial? \u00bfCu\u00e1nta y con qu\u00e9 tendencia se publica sobre hombres y mujeres dedicados a la pol\u00edtica? \u00bfCu\u00e1les son los personajes favoritos?<\/p>\n<p><strong>De alguna manera y como hip\u00f3tesis, es posible que responder a estas preguntas, tambi\u00e9n conteste porqu\u00e9 solamente entre el 4 y 5 por ciento de la gente lee el peri\u00f3dico.<\/strong><\/p>\n<p>&nbsp;<\/p>\n<p>Deja tus Opiniones! o env\u00edalas a direcciongeneral@eloriente.net<\/p>\n<p><a href=\"http:\/\/www.eloriente.net\/home\/wp-content\/uploads\/2014\/06\/Redaccion-The-New-York-Times-1942-Algunos-derechos-reservados-por-El-cromaticom.jpg\"><img loading=\"lazy\" decoding=\"async\" class=\"alignnone size-medium wp-image-27515\" title=\"Redaccion The New York Times 1942 Algunos derechos reservados por El cromaticom\" src=\"http:\/\/www.eloriente.net\/home\/wp-content\/uploads\/2014\/06\/Redaccion-The-New-York-Times-1942-Algunos-derechos-reservados-por-El-cromaticom-287x300.jpg\" alt=\"\" width=\"287\" height=\"300\" srcset=\"http:\/\/www.eloriente.net\/home\/wp-content\/uploads\/2014\/06\/Redaccion-The-New-York-Times-1942-Algunos-derechos-reservados-por-El-cromaticom-287x300.jpg 287w, http:\/\/www.eloriente.net\/home\/wp-content\/uploads\/2014\/06\/Redaccion-The-New-York-Times-1942-Algunos-derechos-reservados-por-El-cromaticom.jpg 403w\" sizes=\"(max-width: 287px) 100vw, 287px\" \/><\/a><\/p>\n<p>Foto: Redactores The New York Times 1942 <a title=\"Attribution License\" href=\"https:\/\/creativecommons.org\/licenses\/by\/2.0\/\">Algunos derechos reservados<\/a> por <a href=\"https:\/\/www.flickr.com\/photos\/elcromaticom\/\">El cromaticom<\/a><\/p>\n<p><strong>OTRAS ENTRADAS:<\/strong><\/p>\n<p><a title=\"Permalink to ASE audita a UABJO por primera vez\" href=\"http:\/\/www.eloriente.net\/home\/2014\/05\/28\/ase-audita-a-uabjo-por-primera-vez\/\" rel=\"bookmark\">ASE audita a UABJO por primera vez<\/a><\/p>\n<p><a href=\"http:\/\/www.eloriente.net\/home\/2014\/05\/28\/ase-audita-a-uabjo-por-primera-vez\/\" rel=\"bookmark\"><img decoding=\"async\" title=\"ASE audita a UABJO por primera vez\" src=\"http:\/\/www.eloriente.net\/home\/wp-content\/themes\/city-desk\/timthumb.php?src=http%3A%2F%2Fwww.eloriente.net%2Fhome%2Fwp-content%2Fuploads%2F2014%2F05%2FLupa-Revisio%CC%81n-Algunos-derechos-reservados-por-Freddy-The-Boy.jpg&amp;q=90&amp;w=160&amp;h=106&amp;zc=1\" alt=\"ASE audita a UABJO por primera vez\" \/><\/a><\/p>\n<p>eloriente.net 28 de mayo de 2014 Que un \u00f3rgano t\u00e9cnico del Congreso como lo es la Auditor\u00eda Superior del Estado (ASE) realice por vez primera una auditor\u00eda a la principal universidad p\u00fablica de Oaxaca, es un hecho que no debe pasarse por alto. Ayer, la ASE notific\u00f3 a las instancias correspondientes de la Universidad Aut\u00f3noma [&#8230;]<\/p>\n<p>May 28, 2014<\/p>\n<div id=\"post-25594\">\n<p><a title=\"Permalink to Los Senadores Clave: escr\u00edbeles\" href=\"http:\/\/www.eloriente.net\/home\/2014\/05\/09\/los-senadores-clave-escribeles\/\" rel=\"bookmark\">Los Senadores Clave: escr\u00edbeles<\/a><\/p>\n<p><a href=\"http:\/\/www.eloriente.net\/home\/2014\/05\/09\/los-senadores-clave-escribeles\/\" rel=\"bookmark\"><img decoding=\"async\" title=\"Los Senadores Clave: escr\u00edbeles\" src=\"http:\/\/www.eloriente.net\/home\/wp-content\/themes\/city-desk\/timthumb.php?src=http%3A%2F%2Fwww.eloriente.net%2Fhome%2Fwp-content%2Fuploads%2F2013%2F12%2Fsenado1.jpg&amp;q=90&amp;w=160&amp;h=106&amp;zc=1\" alt=\"Los Senadores Clave: escr\u00edbeles\" \/><\/a>eloriente.net 8 de mayo de 2014 Ninguna ciudadana o ciudadano deber\u00eda rehuir a la responsabilidad de hacer llegar sus reflexiones, comentarios y propuestas a los legisladores que en se encuentran, en estos d\u00edas, revisando y elaborando algunas de las leyes secundarias m\u00e1s importantes para el pa\u00eds: la energ\u00e9tica (en la que est\u00e1 en juego el [&#8230;]<\/p>\n<address>May 9, 2014<\/address>\n<\/div>\n<div id=\"post-25269\">\n<p><a title=\"Permalink to Contra corrupci\u00f3n, blindar recursos federales\" href=\"http:\/\/www.eloriente.net\/home\/2014\/05\/03\/contra-corrupcion-blindar-recursos-federales\/\" rel=\"bookmark\">Contra corrupci\u00f3n, blindar recursos federales<\/a><\/p>\n<p><a href=\"http:\/\/www.eloriente.net\/home\/2014\/05\/03\/contra-corrupcion-blindar-recursos-federales\/\" rel=\"bookmark\"><img decoding=\"async\" title=\"Contra corrupci\u00f3n, blindar recursos federales\" src=\"http:\/\/www.eloriente.net\/home\/wp-content\/themes\/city-desk\/timthumb.php?src=http%3A%2F%2Fwww.eloriente.net%2Fhome%2Fwp-content%2Fuploads%2F2014%2F05%2FInfraestructura-Oaxaca-PNI-ELORIENTE.NET_.png&amp;q=90&amp;w=160&amp;h=106&amp;zc=1\" alt=\"Contra corrupci\u00f3n, blindar recursos federales\" \/><\/a>eloriente.net 3 de mayo de 2014 Luego de darse a conocer la semana que concluye el Programa Nacional de Infraestructura 2014-2018 por el Gobierno Federal, se abren una serie requirimientos pol\u00edticos, administrativos, econ\u00f3micos y sociales que hagan viables los grandes proyectos e inversiones incluidas en el documento. Entre estos requerimientos, se encuentran el garantizar la [&#8230;]<\/p>\n<p>May 3, 2014<\/p>\n<\/div>\n\n\t\t\t  <div \n\t\t\t  \tclass = \"fb-comments\" \n\t\t\t  \tdata-href = \"http:\/\/www.eloriente.net\/home\/2014\/06\/09\/noticias-y-politica\/\"\n\t\t\t  \tdata-numposts = \"10\"\n\t\t\t\tdata-colorscheme = \"dark\"\n\t\t\t\tdata-order-by = \"social\"\n\t\t\t\tdata-mobile=true>\n\t\t\t  <\/div>\n\t\t  <style>\n\t\t\t.fb_iframe_widget_fluid_desktop iframe {\n\t\t\t    width: 100% !important;\n\t\t\t}\n\t\t  <\/style>\n\t\t  ","protected":false},"excerpt":{"rendered":"<p>eloriente.net 9 de junio de 2014 A la redacci\u00f3n de ELORIENTE.NET, a nuestros correos electr\u00f3nicos o en redes sociales, llega una importante cantidad de informaci\u00f3n, invitaciones, sinopsis, colaboraciones y tambi\u00e9n diversas s\u00edntesis o res\u00famentes de noticias. Todas las comunicaciones las agradecemos puntualmente pues de alguna manera nos permiten contar con un panorama de la situaci\u00f3n [&hellip;]<\/p>\n","protected":false},"author":1,"featured_media":27515,"comment_status":"open","ping_status":"open","sticky":false,"template":"","format":"standard","meta":{"_jetpack_memberships_contains_paid_content":false,"footnotes":""},"categories":[49,9,32],"tags":[],"class_list":["post-27509","post","type-post","status-publish","format-standard","has-post-thumbnail","hentry","category-destacadas","category-editorial","category-entradas"],"jetpack_featured_media_url":"http:\/\/www.eloriente.net\/home\/wp-content\/uploads\/2014\/06\/Redaccion-The-New-York-Times-1942-Algunos-derechos-reservados-por-El-cromaticom.jpg","jetpack_sharing_enabled":true,"_links":{"self":[{"href":"http:\/\/www.eloriente.net\/home\/wp-json\/wp\/v2\/posts\/27509"}],"collection":[{"href":"http:\/\/www.eloriente.net\/home\/wp-json\/wp\/v2\/posts"}],"about":[{"href":"http:\/\/www.eloriente.net\/home\/wp-json\/wp\/v2\/types\/post"}],"author":[{"embeddable":true,"href":"http:\/\/www.eloriente.net\/home\/wp-json\/wp\/v2\/users\/1"}],"replies":[{"embeddable":true,"href":"http:\/\/www.eloriente.net\/home\/wp-json\/wp\/v2\/comments?post=27509"}],"version-history":[{"count":3,"href":"http:\/\/www.eloriente.net\/home\/wp-json\/wp\/v2\/posts\/27509\/revisions"}],"predecessor-version":[{"id":27517,"href":"http:\/\/www.eloriente.net\/home\/wp-json\/wp\/v2\/posts\/27509\/revisions\/27517"}],"wp:featuredmedia":[{"embeddable":true,"href":"http:\/\/www.eloriente.net\/home\/wp-json\/wp\/v2\/media\/27515"}],"wp:attachment":[{"href":"http:\/\/www.eloriente.net\/home\/wp-json\/wp\/v2\/media?parent=27509"}],"wp:term":[{"taxonomy":"category","embeddable":true,"href":"http:\/\/www.eloriente.net\/home\/wp-json\/wp\/v2\/categories?post=27509"},{"taxonomy":"post_tag","embeddable":true,"href":"http:\/\/www.eloriente.net\/home\/wp-json\/wp\/v2\/tags?post=27509"}],"curies":[{"name":"wp","href":"https:\/\/api.w.org\/{rel}","templated":true}]}}