{"id":27524,"date":"2014-06-09T17:49:31","date_gmt":"2014-06-09T23:49:31","guid":{"rendered":"http:\/\/www.eloriente.net\/home\/?p=27524"},"modified":"2014-07-02T10:26:32","modified_gmt":"2014-07-02T16:26:32","slug":"9jun14-segundo-debate-presidencial-santos-zuluaga-desde-colombia","status":"publish","type":"post","link":"http:\/\/www.eloriente.net\/home\/2014\/06\/09\/9jun14-segundo-debate-presidencial-santos-zuluaga-desde-colombia\/","title":{"rendered":"9\/Jun\/14 Segundo debate Presidencial Santos-Zuluaga, desde Colombia"},"content":{"rendered":"<p>eloriente.net\/ELTIEMPO.COM<\/p>\n<p>9 de junio de 2014<\/p>\n<p>&nbsp;<\/p>\n<p><iframe loading=\"lazy\" width=\"560\" height=\"315\" src=\"\/\/www.youtube.com\/embed\/FVSafX8idGg\" frameborder=\"0\" allowfullscreen><\/iframe><\/p>\n<p>&nbsp;<\/p>\n<p>EL TIEMPO de Colombia es el medio que este d\u00eda tendr\u00e1 en vivo el segundo y definitivo debate entre los aspirantes a la presidencia de Colombia: \u00d3scar Iv\u00e1n Zuluaga del Centro Democr\u00e1tico y Juan Manuel Santos de Unidad Nacional.<\/p>\n<p>Para el p\u00fablico de M\u00e9xico, la transmisi\u00f3n comenzar\u00e1 a las 20:30 horas. A continuaci\u00f3n el monitor en red de este encuentro fundamental para Am\u00e9rica Latina:<\/p>\n<p>&nbsp;<\/p>\n<p><iframe loading=\"lazy\" src=\"\/\/www.youtube.com\/embed\/2adJKxbbKWc\" frameborder=\"0\" width=\"560\" height=\"315\"><\/iframe><\/p>\n<p>&nbsp;<\/p>\n<p><a href=\"http:\/\/www.eloriente.net\/home\/wp-content\/uploads\/2014\/06\/CATEDRAL-BOGOTA\u0301-Algunos-derechos-reservados-por-szeke.jpg\"><img loading=\"lazy\" decoding=\"async\" class=\"alignnone size-medium wp-image-27530\" title=\"Catedral Primada, Bogota, Colombia\" src=\"http:\/\/www.eloriente.net\/home\/wp-content\/uploads\/2014\/06\/CATEDRAL-BOGOTA\u0301-Algunos-derechos-reservados-por-szeke-300x200.jpg\" alt=\"\" width=\"300\" height=\"200\" srcset=\"http:\/\/www.eloriente.net\/home\/wp-content\/uploads\/2014\/06\/CATEDRAL-BOGOTA\u0301-Algunos-derechos-reservados-por-szeke-300x200.jpg 300w, http:\/\/www.eloriente.net\/home\/wp-content\/uploads\/2014\/06\/CATEDRAL-BOGOTA\u0301-Algunos-derechos-reservados-por-szeke.jpg 1024w\" sizes=\"(max-width: 300px) 100vw, 300px\" \/><\/a><\/p>\n<p>FOTO: <a id=\"yui_3_11_0_3_1402357615522_318\" title=\"Attribution-ShareAlike License\" href=\"https:\/\/creativecommons.org\/licenses\/by-sa\/2.0\/\">Algunos derechos reservados<\/a> por <a href=\"https:\/\/www.flickr.com\/photos\/pedrosz\/\">szeke<\/a><\/p>\n<p>&nbsp;<\/p>\n<p><strong>Entradas relacionadas:<\/strong><\/p>\n<p><a title=\"Permalink to Video: Debate presidencial Colombia: Santos-Zuluaga, por Caracol\" href=\"http:\/\/www.eloriente.net\/home\/2014\/06\/06\/video-debate-presidencial-colombia-santos-zuloaga-por-caracol\/\" rel=\"bookmark\">Video: Debate presidencial Colombia: Santos-Zuluaga, por Caracol<\/a><\/p>\n<p><a href=\"http:\/\/www.eloriente.net\/home\/2014\/06\/06\/video-debate-presidencial-colombia-santos-zuloaga-por-caracol\/\" rel=\"bookmark\"><img decoding=\"async\" title=\"Video: Debate presidencial Colombia: Santos-Zuluaga, por Caracol\" src=\"http:\/\/www.eloriente.net\/home\/wp-content\/themes\/city-desk\/timthumb.php?src=http%3A%2F%2Fwww.eloriente.net%2Fhome%2Fwp-content%2Fuploads%2F2014%2F06%2FCaptura-de-pantalla-2014-06-06-a-las-14.14.58.png&amp;q=90&amp;w=160&amp;h=106&amp;zc=1\" alt=\"Video: Debate presidencial Colombia: Santos-Zuluaga, por Caracol\" \/><\/a><\/p>\n<p>eloriente.net 6 de junio de 2014 \u00d3scar Iv\u00e1n Zuluaga del Centro Democr\u00e1tico y Juan Manuel Santos de Unidad Nacional, se encontraron ayer en la cadena televisiva Caracol para efectuar un debate rumbo a la elecci\u00f3n presidencial del 15 de junio pr\u00f3ximo. Ambos candidatos se enfrentan en segunda vuelta, as\u00ed que el domingo 15 deber\u00e1 declararse [&#8230;]<\/p>\n<p>June 6, 2014<\/p>\n<p id=\"post-26457\"><a title=\"Permalink to Las pensiones y los haberes \u00bfson justos?\" href=\"http:\/\/www.eloriente.net\/home\/2014\/05\/23\/las-pensiones-y-los-haberes-son-justos\/\" rel=\"bookmark\">Las pensiones y los haberes \u00bfson justos?<\/a><\/p>\n<p><a href=\"http:\/\/www.eloriente.net\/home\/2014\/05\/23\/las-pensiones-y-los-haberes-son-justos\/\" rel=\"bookmark\"><img decoding=\"async\" title=\"Las pensiones y los haberes \u00bfson justos?\" src=\"http:\/\/www.eloriente.net\/home\/wp-content\/themes\/city-desk\/timthumb.php?src=http%3A%2F%2Fwww.eloriente.net%2Fhome%2Fwp-content%2Fuploads%2F2014%2F05%2FSesi%C3%B3n-Por-Tribunal-Electoral.png&amp;q=90&amp;w=160&amp;h=106&amp;zc=1\" alt=\"Las pensiones y los haberes \u00bfson justos?\" \/><\/a><\/p>\n<p>eloriente.net 23 de mayo de 2014 Por: Adri\u00e1n Ortiz Romero Las pensiones y los haberes \u00bfson justos?\u00a0 Reformas por abucheo inhiben el debate S\u00f3lo en un pa\u00eds como el nuestro, s\u00f3lo en algunos temas pueden ocurrir reformas, a pesar de los gritos de la ciudadan\u00eda, pero en otros se puede responder a la aclamaci\u00f3n popular, [&#8230;]<\/p>\n<p>May 23, 2014<\/p>\n<p><a title=\"Permalink to Carlos Navarrete sufre accidente carretero; estable en Iguala\" href=\"http:\/\/www.eloriente.net\/home\/2014\/05\/18\/carlos-navarrete-sufre-accidente-carretero-estable-en-iguala\/\" rel=\"bookmark\">Carlos Navarrete sufre accidente carretero; estable en Iguala<\/a><\/p>\n<p><a href=\"http:\/\/www.eloriente.net\/home\/2014\/05\/18\/carlos-navarrete-sufre-accidente-carretero-estable-en-iguala\/\" rel=\"bookmark\"><img decoding=\"async\" title=\"Carlos Navarrete sufre accidente carretero; estable en Iguala\" src=\"http:\/\/www.eloriente.net\/home\/wp-content\/themes\/city-desk\/timthumb.php?src=http%3A%2F%2Fwww.eloriente.net%2Fhome%2Fwp-content%2Fuploads%2F2014%2F05%2FCaptura-de-pantalla-2014-05-18-a-las-17.06.39.png&amp;q=90&amp;w=160&amp;h=106&amp;zc=1\" alt=\"Carlos Navarrete sufre accidente carretero; estable en Iguala\" \/><\/a><\/p>\n<p>eloriente.net 18 de mayo de 2014 Sufre accidente Carlos Navarrete; reportan dos heridos \u2013 http:\/\/t.co\/8OTBYV1aUf pic.twitter.com\/hD4aVi6xV0 \u2014 1070 Radio Noticias (@1070noticias) Mayo 18, 2014 \u00a0 A las 6:58 de la ma\u00f1ana de este d\u00eda, Carlos Navarrete, aspirante a la presidencia nacional del Partido de la Revoluci\u00f3n Democr\u00e1tica, inform\u00f3 a trav\u00e9s de su cuenta de twitter [&#8230;]<\/p>\n<p>May 18, 2014<\/p>\n\n\t\t\t  <div \n\t\t\t  \tclass = \"fb-comments\" \n\t\t\t  \tdata-href = \"http:\/\/www.eloriente.net\/home\/2014\/06\/09\/9jun14-segundo-debate-presidencial-santos-zuluaga-desde-colombia\/\"\n\t\t\t  \tdata-numposts = \"10\"\n\t\t\t\tdata-colorscheme = \"dark\"\n\t\t\t\tdata-order-by = \"social\"\n\t\t\t\tdata-mobile=true>\n\t\t\t  <\/div>\n\t\t  <style>\n\t\t\t.fb_iframe_widget_fluid_desktop iframe {\n\t\t\t    width: 100% !important;\n\t\t\t}\n\t\t  <\/style>\n\t\t  ","protected":false},"excerpt":{"rendered":"<p>eloriente.net\/ELTIEMPO.COM 9 de junio de 2014 &nbsp; &nbsp; EL TIEMPO de Colombia es el medio que este d\u00eda tendr\u00e1 en vivo el segundo y definitivo debate entre los aspirantes a la presidencia de Colombia: \u00d3scar Iv\u00e1n Zuluaga del Centro Democr\u00e1tico y Juan Manuel Santos de Unidad Nacional. Para el p\u00fablico de M\u00e9xico, la transmisi\u00f3n comenzar\u00e1 [&hellip;]<\/p>\n","protected":false},"author":1,"featured_media":27530,"comment_status":"open","ping_status":"open","sticky":false,"template":"","format":"standard","meta":{"_jetpack_memberships_contains_paid_content":false,"footnotes":""},"categories":[4,71,32,13,24,21],"tags":[],"class_list":["post-27524","post","type-post","status-publish","format-standard","has-post-thumbnail","hentry","category-canal-2-en-vivo","category-elecciones","category-entradas","category-especiales","category-mexico-y-el-mundo","category-politica-y-gobierno"],"jetpack_featured_media_url":"http:\/\/www.eloriente.net\/home\/wp-content\/uploads\/2014\/06\/CATEDRAL-BOGOTA\u0301-Algunos-derechos-reservados-por-szeke.jpg","jetpack_sharing_enabled":true,"_links":{"self":[{"href":"http:\/\/www.eloriente.net\/home\/wp-json\/wp\/v2\/posts\/27524"}],"collection":[{"href":"http:\/\/www.eloriente.net\/home\/wp-json\/wp\/v2\/posts"}],"about":[{"href":"http:\/\/www.eloriente.net\/home\/wp-json\/wp\/v2\/types\/post"}],"author":[{"embeddable":true,"href":"http:\/\/www.eloriente.net\/home\/wp-json\/wp\/v2\/users\/1"}],"replies":[{"embeddable":true,"href":"http:\/\/www.eloriente.net\/home\/wp-json\/wp\/v2\/comments?post=27524"}],"version-history":[{"count":6,"href":"http:\/\/www.eloriente.net\/home\/wp-json\/wp\/v2\/posts\/27524\/revisions"}],"predecessor-version":[{"id":27532,"href":"http:\/\/www.eloriente.net\/home\/wp-json\/wp\/v2\/posts\/27524\/revisions\/27532"}],"wp:featuredmedia":[{"embeddable":true,"href":"http:\/\/www.eloriente.net\/home\/wp-json\/wp\/v2\/media\/27530"}],"wp:attachment":[{"href":"http:\/\/www.eloriente.net\/home\/wp-json\/wp\/v2\/media?parent=27524"}],"wp:term":[{"taxonomy":"category","embeddable":true,"href":"http:\/\/www.eloriente.net\/home\/wp-json\/wp\/v2\/categories?post=27524"},{"taxonomy":"post_tag","embeddable":true,"href":"http:\/\/www.eloriente.net\/home\/wp-json\/wp\/v2\/tags?post=27524"}],"curies":[{"name":"wp","href":"https:\/\/api.w.org\/{rel}","templated":true}]}}