{"id":27564,"date":"2014-06-10T09:39:58","date_gmt":"2014-06-10T15:39:58","guid":{"rendered":"http:\/\/www.eloriente.net\/home\/?p=27564"},"modified":"2014-06-10T14:26:11","modified_gmt":"2014-06-10T20:26:11","slug":"10jun14-1100-en-vivo-presentacion-semaforos-economicos-estatales-por-mexico-como-vamos","status":"publish","type":"post","link":"http:\/\/www.eloriente.net\/home\/2014\/06\/10\/10jun14-1100-en-vivo-presentacion-semaforos-economicos-estatales-por-mexico-como-vamos\/","title":{"rendered":"10\/Jun\/14 11:00 En Vivo: Presentaci\u00f3n Sem\u00e1foros Econ\u00f3micos Estatales, por M\u00e9xico \u00bfC\u00f3mo Vamos?"},"content":{"rendered":"<p>eloriente.net\/<a href=\"http:\/\/mexicocomovamos.mx\/\" target=\"_blank\">M\u00e9xico \u00bfC\u00f3mo vamos?<\/a><\/p>\n<p>10 de junio de 2014<\/p>\n<p>Sin demasiadas conjeturas o rodeos de por medio, la iniciativa M\u00e9xico \u00bfC\u00f3mo vamos? actualiza un sem\u00e1foro econ\u00f3mico para verificar de acuerdo a determinadas metas cu\u00e1l ser\u00eda la respuesta a esa pregunta, sencilla, pero que requiere ser clarificada.<\/p>\n<p>Este sem\u00e1foro es nacional, pero este d\u00eda a las 11 de la ma\u00f1ana presentan su sem\u00e1foro estatal, con lo cual cada entidad podr\u00e1 develar tambi\u00e9n una posible respuesta.<\/p>\n<p>A las 11:00 enl\u00e1zate a trav\u00e9s de ELORIENTE.NET:<\/p>\n<p><a href=\"http:\/\/new.livestream.com\/accounts\/7242572\/events\/3084871\" target=\"_blank\">DA CLICK AQU\u00cd PARA SEGUIR EVENTO EN VIVO<\/a><\/p>\n<p>Cabe recordar que M\u00e9xico \u00bfC\u00f3mo vamos? se define como: \u00abun esfuerzo constante y continuo de un grupo plural de expertos en econom\u00eda y pol\u00edtica p\u00fablica cuyo objetivo es impulsar el crecimiento acelerado y sostenido del pa\u00eds para generar los empleos que los mexicanos necesitan; expandir y fortalecer la clase media; atacar las principales carencias, reducir la desigualdad de oportunidades y lograr el m\u00e1ximo de bienestar e inclusi\u00f3n social en nuestro pa\u00eds.<\/p>\n<p>Nuestra meta es que el pa\u00eds crezca de manera sostenida al 6-7% y que generemos m\u00e1s de 1 mill\u00f3n de empleos formales al a\u00f1o.<\/p>\n<p>Para alcanzar los objetivos se\u00f1alados se llevar\u00e1n a cabo las siguientes acciones: 1) Seguimiento puntual a los \u00edndices de crecimiento econ\u00f3mico y generaci\u00f3n de empleos, 2) Definiendo metas para dar puntual seguimiento al crecimiento y la generaci\u00f3n de empleo, 3) Aportaci\u00f3n de sustancia a la discusi\u00f3n de los temas m\u00e1s importantes para la agenda del pa\u00eds, y 4) Coordinaci\u00f3n de los esfuerzos realizados por los diferentes actores para maximizar el impacto de las pol\u00edticas p\u00fablicas.<\/p>\n<p>&nbsp;<\/p>\n<p><iframe loading=\"lazy\" src=\"http:\/\/new.livestream.com\/accounts\/7242572\/events\/3084871\/videos\/53464850\/player?autoPlay=false&amp;height=360&amp;mute=false&amp;width=640\" frameborder=\"0\" scrolling=\"no\" width=\"640\" height=\"360\"><\/iframe><\/p>\n<p>&nbsp;<\/p>\n<p>Este es el Sem\u00e1foro hoy de la organizaci\u00f3n para M\u00e9xico:<\/p>\n<p><a href=\"http:\/\/www.eloriente.net\/home\/wp-content\/uploads\/2014\/06\/SEM\u00c1FORO-9-DE-JUNIO-2014-M\u00c9XICO-COMO-VAMOS.png\"><img loading=\"lazy\" decoding=\"async\" class=\"alignnone size-full wp-image-27566\" title=\"SEM\u00c1FORO 9 DE JUNIO 2014 M\u00c9XICO COMO VAMOS?\" src=\"http:\/\/www.eloriente.net\/home\/wp-content\/uploads\/2014\/06\/SEM\u00c1FORO-9-DE-JUNIO-2014-M\u00c9XICO-COMO-VAMOS.png\" alt=\"\" width=\"237\" height=\"973\" srcset=\"http:\/\/www.eloriente.net\/home\/wp-content\/uploads\/2014\/06\/SEM\u00c1FORO-9-DE-JUNIO-2014-M\u00c9XICO-COMO-VAMOS.png 237w, http:\/\/www.eloriente.net\/home\/wp-content\/uploads\/2014\/06\/SEM\u00c1FORO-9-DE-JUNIO-2014-M\u00c9XICO-COMO-VAMOS-73x300.png 73w\" sizes=\"(max-width: 237px) 100vw, 237px\" \/><\/a><\/p>\n<p>&nbsp;<\/p>\n<p><strong>Otras entradas:<\/strong><\/p>\n<p><a title=\"Permalink to Establecen marco normativo y conceptual para Juicio Justo en Poder Judicial\" href=\"http:\/\/www.eloriente.net\/home\/2014\/05\/28\/establecen-marco-normativo-y-conceptual-para-juicio-justo-en-el-poder-judicial\/\" rel=\"bookmark\">Establecen marco normativo y conceptual para Juicio Justo en Poder Judicial<\/a><\/p>\n<p><a href=\"http:\/\/www.eloriente.net\/home\/2014\/05\/28\/establecen-marco-normativo-y-conceptual-para-juicio-justo-en-el-poder-judicial\/\" rel=\"bookmark\"><img decoding=\"async\" title=\"Establecen marco normativo y conceptual para Juicio Justo en Poder Judicial\" src=\"http:\/\/www.eloriente.net\/home\/wp-content\/themes\/city-desk\/timthumb.php?src=http%3A%2F%2Fwww.eloriente.net%2Fhome%2Fwp-content%2Fuploads%2F2014%2F05%2FRepresentantes-de-los-Tres-Poderes-del-Estado-hablaron-sobre-DHT2.jpg&amp;q=90&amp;w=160&amp;h=106&amp;zc=1\" alt=\"Establecen marco normativo y conceptual para Juicio Justo en Poder Judicial\" \/><\/a><\/p>\n<p>eloriente.net\/TSJ 28 de mayo de 2014 Para evaluar los avances y pendientes en la construcci\u00f3n de una estrategia integral en defensa de las garant\u00edas individuales de los oaxaque\u00f1os, el gobernador Gabino Cu\u00e9 Monteagudo encabez\u00f3 este martes una reuni\u00f3n de trabajo con los integrantes del Comit\u00e9 Coordinador del Diagn\u00f3stico y Programa de Derechos Humanos en el [&#8230;]<\/p>\n<p>May 28, 2014<\/p>\n<p><a href=\"http:\/\/www.eloriente.net\/home\/2014\/05\/24\/el-turismo-en-mexico-crecera-en-10-o-mas-durante-2014-ruiz-massieu\/\" target=\"_blank\">El turismo en M\u00e9xico crecer\u00e1 en 10% o m\u00e1s durante 2014: Ruiz Massieu<\/a><\/p>\n<p id=\"post-26529\"><a href=\"http:\/\/www.eloriente.net\/home\/2014\/05\/24\/el-turismo-en-mexico-crecera-en-10-o-mas-durante-2014-ruiz-massieu\/\" rel=\"bookmark\"><img decoding=\"async\" title=\"El turismo en M\u00e9xico crecer\u00e1 en 10% o m\u00e1s durante 2014: Ruiz Massieu\" src=\"http:\/\/www.eloriente.net\/home\/wp-content\/themes\/city-desk\/timthumb.php?src=http%3A%2F%2Fwww.eloriente.net%2Fhome%2Fwp-content%2Fuploads%2F2014%2F05%2FReuni%C3%B3n-Por-Secretaria-de-Turismo.jpg&amp;q=90&amp;w=160&amp;h=106&amp;zc=1\" alt=\"El turismo en M\u00e9xico crecer\u00e1 en 10% o m\u00e1s durante 2014: Ruiz Massieu\" \/><\/a><\/p>\n<p>eloriente.net\/Secretar\u00eda de Turismo 24 de mayo de 2014 Las expectativas de crecimiento del turismo nos permiten afirmar que al cierre de 2014 M\u00e9xico alcanzar\u00e1 los dos d\u00edgitos, es decir, que crecer\u00e1 en 10% o m\u00e1s, as\u00ed lo afirm\u00f3 la Secretaria de Turismo del Gobierno de la Rep\u00fablica, Claudia Ruiz Massieu. Adem\u00e1s, se\u00f1al\u00f3 que los reportes [&#8230;]<\/p>\n<div id=\"post-26529\">\n<p>May 24, 2014<\/p>\n<\/div>\n<div id=\"post-26490\">\n<p><a title=\"Permalink to Acaparan pa\u00edses latinoamericanos primeros lugares del \u00cdndice de Experiencias Positivas\" href=\"http:\/\/www.eloriente.net\/home\/2014\/05\/23\/acaparan-paises-latinoamericanos-primeros-lugares-del-indice-de-experiencias-positivas\/\" rel=\"bookmark\">Acaparan pa\u00edses latinoamericanos primeros lugares del \u00cdndice de Experiencias Positivas<\/a><\/p>\n<p><a href=\"http:\/\/www.eloriente.net\/home\/2014\/05\/23\/acaparan-paises-latinoamericanos-primeros-lugares-del-indice-de-experiencias-positivas\/\" rel=\"bookmark\"><img decoding=\"async\" title=\"Acaparan pa\u00edses latinoamericanos primeros lugares del \u00cdndice de Experiencias Positivas\" src=\"http:\/\/www.eloriente.net\/home\/wp-content\/themes\/city-desk\/timthumb.php?src=http%3A%2F%2Fwww.eloriente.net%2Fhome%2Fwp-content%2Fuploads%2F2014%2F05%2FParaguay-Por-Leticia-Chamorro.jpg&amp;q=90&amp;w=160&amp;h=106&amp;zc=1\" alt=\"Acaparan pa\u00edses latinoamericanos primeros lugares del \u00cdndice de Experiencias Positivas\" \/><\/a><\/p>\n<p>eloriente.net 23 de mayo de 2014 A pesar de que la mayor\u00eda de los pa\u00edses latinoamericanos viven fuertes conflictos pol\u00edticos, desigualdad social y crisis econ\u00f3micas, nueve de los 10 pa\u00edses que experimentan los m\u00e1s altos niveles de experiencias positivas en su poblaci\u00f3n son de Latinoam\u00e9rica, as\u00ed lo dio a conocer la agencia estadounidense especializada en [&#8230;]<\/p>\n<p>May 23, 2014<\/p>\n<\/div>\n\n\t\t\t  <div \n\t\t\t  \tclass = \"fb-comments\" \n\t\t\t  \tdata-href = \"http:\/\/www.eloriente.net\/home\/2014\/06\/10\/10jun14-1100-en-vivo-presentacion-semaforos-economicos-estatales-por-mexico-como-vamos\/\"\n\t\t\t  \tdata-numposts = \"10\"\n\t\t\t\tdata-colorscheme = \"dark\"\n\t\t\t\tdata-order-by = \"social\"\n\t\t\t\tdata-mobile=true>\n\t\t\t  <\/div>\n\t\t  <style>\n\t\t\t.fb_iframe_widget_fluid_desktop iframe {\n\t\t\t    width: 100% !important;\n\t\t\t}\n\t\t  <\/style>\n\t\t  ","protected":false},"excerpt":{"rendered":"<p>eloriente.net\/M\u00e9xico \u00bfC\u00f3mo vamos? 10 de junio de 2014 Sin demasiadas conjeturas o rodeos de por medio, la iniciativa M\u00e9xico \u00bfC\u00f3mo vamos? actualiza un sem\u00e1foro econ\u00f3mico para verificar de acuerdo a determinadas metas cu\u00e1l ser\u00eda la respuesta a esa pregunta, sencilla, pero que requiere ser clarificada. Este sem\u00e1foro es nacional, pero este d\u00eda a las 11 [&hellip;]<\/p>\n","protected":false},"author":1,"featured_media":27566,"comment_status":"open","ping_status":"open","sticky":false,"template":"","format":"standard","meta":{"_jetpack_memberships_contains_paid_content":false,"footnotes":""},"categories":[4,32,10,24,19],"tags":[],"class_list":["post-27564","post","type-post","status-publish","format-standard","has-post-thumbnail","hentry","category-canal-2-en-vivo","category-entradas","category-lo-mas-reciente","category-mexico-y-el-mundo","category-turismo-y-negocios"],"jetpack_featured_media_url":"http:\/\/www.eloriente.net\/home\/wp-content\/uploads\/2014\/06\/SEM\u00c1FORO-9-DE-JUNIO-2014-M\u00c9XICO-COMO-VAMOS.png","jetpack_sharing_enabled":true,"_links":{"self":[{"href":"http:\/\/www.eloriente.net\/home\/wp-json\/wp\/v2\/posts\/27564"}],"collection":[{"href":"http:\/\/www.eloriente.net\/home\/wp-json\/wp\/v2\/posts"}],"about":[{"href":"http:\/\/www.eloriente.net\/home\/wp-json\/wp\/v2\/types\/post"}],"author":[{"embeddable":true,"href":"http:\/\/www.eloriente.net\/home\/wp-json\/wp\/v2\/users\/1"}],"replies":[{"embeddable":true,"href":"http:\/\/www.eloriente.net\/home\/wp-json\/wp\/v2\/comments?post=27564"}],"version-history":[{"count":7,"href":"http:\/\/www.eloriente.net\/home\/wp-json\/wp\/v2\/posts\/27564\/revisions"}],"predecessor-version":[{"id":27568,"href":"http:\/\/www.eloriente.net\/home\/wp-json\/wp\/v2\/posts\/27564\/revisions\/27568"}],"wp:featuredmedia":[{"embeddable":true,"href":"http:\/\/www.eloriente.net\/home\/wp-json\/wp\/v2\/media\/27566"}],"wp:attachment":[{"href":"http:\/\/www.eloriente.net\/home\/wp-json\/wp\/v2\/media?parent=27564"}],"wp:term":[{"taxonomy":"category","embeddable":true,"href":"http:\/\/www.eloriente.net\/home\/wp-json\/wp\/v2\/categories?post=27564"},{"taxonomy":"post_tag","embeddable":true,"href":"http:\/\/www.eloriente.net\/home\/wp-json\/wp\/v2\/tags?post=27564"}],"curies":[{"name":"wp","href":"https:\/\/api.w.org\/{rel}","templated":true}]}}