{"id":27597,"date":"2014-06-11T08:39:55","date_gmt":"2014-06-11T14:39:55","guid":{"rendered":"http:\/\/www.eloriente.net\/home\/?p=27597"},"modified":"2014-06-11T14:36:22","modified_gmt":"2014-06-11T20:36:22","slug":"oaxaca-no-tuvo-crecimiento-economico-mexico-como-vamos","status":"publish","type":"post","link":"http:\/\/www.eloriente.net\/home\/2014\/06\/11\/oaxaca-no-tuvo-crecimiento-economico-mexico-como-vamos\/","title":{"rendered":"Oaxaca, sin crecimiento econ\u00f3mico: M\u00e9xico \u00bfC\u00f3mo Vamos?"},"content":{"rendered":"<p>eloriente.net<\/p>\n<p>11\/junio\/2014<\/p>\n<p>Oaxaca no tuvo crecimiento econ\u00f3mico en 2013 (0.0%), as\u00ed lo dio a conocer el reporte \u00abAs\u00ed van los Estados: Sem\u00e1foros Econ\u00f3micos Estatales\u00bb del programa M\u00e9xico \u00bfC\u00f3mo Vamos?, iniciativa del\u00a0<a href=\"http:\/\/imco.org.mx\/home\/\" target=\"_blank\">Instituto Mexicano para la Competitividad A.C.<\/a> y la organizaci\u00f3n <a href=\"http:\/\/www.mexicoevalua.org\/\" target=\"_blank\">M\u00e9xico Eval\u00faa<\/a>.<\/p>\n<p>Bajo la analog\u00eda de los colores de un sem\u00e1foro, la econom\u00eda oaxaque\u00f1a est\u00e1 en rojo, seg\u00fan datos del cuatro trimestre de 2013, respecto al \u00cdndice de Actividad Econ\u00f3mica Estatal (ITAEE) del 3\u00ba trimestre del a\u00f1o 2012; mientras que a nivel nacional se registr\u00f3 un crecimiento del 1.8% a pesar de que la meta era alcanzar el 6%, como lo hizo Baja California Sur.<\/p>\n<p>En cuanto a oportunidades laborales, la entidad se encuentra en color amarillo, registr\u00e1ndose en el primer trimestre de 2014 una tasa de 11.2%, inferior a la del mismo periodo en 2013 (11.4%), lo que representa que actualmente uno de cada 10 trabajadores est\u00e1 empleada de manera formal.<\/p>\n<p>Oaxaca fue el estado m\u00e1s productivo del pa\u00eds en 2013, pasando de 368 pesos a 428.1 pesos por hora trabajada, lo que signific\u00f3 un crecimiento del 16.3%. Ahora, la poblaci\u00f3n produce 56 pesos m\u00e1s, lo que coloca a la entidad en color verde, pero la cantidad a\u00fan est\u00e1 muy por debajo de la media de 753 pesos.<\/p>\n<p>A pesar de ese importante crecimiento en la productividad, el 67.1% de los habitantes de Oaxaca, es decir, 7 de cada 10, no pueden adquirir una canasta b\u00e1sica debido a sus bajos ingresos econ\u00f3micos.<\/p>\n<p>En lo que se refiere a la inversi\u00f3n extranjera directa (IED), como porcentaje del PIBE corriente en Oaxaca, pas\u00f3 de 0% a 0.2%, a\u00fan 2 puntos porcentuales por debajo de la media nacional de 0.4%, situ\u00e1ndose en color amarillo del sem\u00e1foro econ\u00f3mico estatal.<\/p>\n<p>En foco rojo, la entidad oaxaque\u00f1a redujo sus exportaciones totales como porcentaje del PIB de 0.5% a 0.3%, lo que lo ubica como el sexto menor porcentaje a nivel federal en el a\u00f1o 2012.<\/p>\n<p>En Oaxaca a marzo de 2014, la tasa de robo de veh\u00edculos por cada 100 mil habitantes se redujo de 34.9 a 27.1, lo que lo ubica como el quinto estado con menor tasa de robo de veh\u00edculos y en color amarillo.<\/p>\n<p>La deuda p\u00fablica en la entidad se increment\u00f3 en 1.7% en 2013 respecto al a\u00f1o anterior, pasando de 2.3% a 4%, lo que representa al estado con la novena tasa m\u00e1s alta nacional. El\u00a0rubro figura en color rojo debido a que el\u00a0d\u00e9ficit creci\u00f3 por encima de la mediana nacional.<\/p>\n<p>Al primer trimestre de 2014, se registr\u00f3 un 71.8% de tasa de informalidad laboral en Oaxaca, cifra que disminuy\u00f3 en comparaci\u00f3n al mismo periodo en 2013 (73.7%). Adem\u00e1s, esto significa que Oaxaca es el segundo estado con mayor informalidad a nivel nacional s\u00f3lo por detr\u00e1s de Guerrero con 72.4%.<\/p>\n<p>Durante enero-marzo de 2014, Oaxaca present\u00f3 la s\u00e9ptima menor tasa\u00a0en el pa\u00eds de diversificaci\u00f3n laboral (92.3%), es decir, el total de empleados que no dependen directamente del sector p\u00fablico. Por lo que el 7.7% de los trabajadores restantes labora para el estado.<\/p>\n<p>Consulta el documento completo, dando click a la siguiente liga de <a href=\"http:\/\/www.mexicocomovamos.com\/sites\/default\/files\/reporte_semaforo_estatal.pdf\" target=\"_blank\">enlace<\/a>.<\/p>\n<p>&nbsp;<\/p>\n<p style=\"text-align: center;\"><strong>Sem\u00e1foro Econ\u00f3mico Estatal para Oaxaca, por M\u00e9xico \u00bfC\u00f3mo Vamos?<\/strong><\/p>\n<p style=\"text-align: center;\"><a href=\"http:\/\/www.eloriente.net\/home\/wp-content\/uploads\/2014\/06\/Sem%C3%A1foros-Oaxaca.png\" target=\"_blank\"><img loading=\"lazy\" decoding=\"async\" class=\"aligncenter\" style=\"-webkit-user-select: none;\" src=\"http:\/\/www.eloriente.net\/home\/wp-content\/uploads\/2014\/06\/Sem%C3%A1foros-Oaxaca.png\" alt=\"\" width=\"563\" height=\"481\" \/><\/a><\/p>\n<p>&nbsp;<\/p>\n<p><a href=\"http:\/\/www.eloriente.net\/home\/wp-content\/uploads\/2014\/06\/Oaxaca-Por-GobOax.jpg\"><img loading=\"lazy\" decoding=\"async\" class=\"alignnone size-medium wp-image-27617\" title=\"Oaxaca-Por GobOax\" src=\"http:\/\/www.eloriente.net\/home\/wp-content\/uploads\/2014\/06\/Oaxaca-Por-GobOax-300x199.jpg\" alt=\"\" width=\"300\" height=\"199\" srcset=\"http:\/\/www.eloriente.net\/home\/wp-content\/uploads\/2014\/06\/Oaxaca-Por-GobOax-300x199.jpg 300w, http:\/\/www.eloriente.net\/home\/wp-content\/uploads\/2014\/06\/Oaxaca-Por-GobOax-1024x681.jpg 1024w, http:\/\/www.eloriente.net\/home\/wp-content\/uploads\/2014\/06\/Oaxaca-Por-GobOax.jpg 1600w\" sizes=\"(max-width: 300px) 100vw, 300px\" \/><\/a><\/p>\n<p>Foto: <a href=\"https:\/\/www.flickr.com\/photos\/goboax\/\" target=\"_blank\">GobOax<\/a><\/p>\n<p>&nbsp;<\/p>\n<p><strong>Entradas relacionadas:<\/strong><\/p>\n<p><a title=\"Permalink to 10\/Jun\/14 11:00 En Vivo: Presentaci\u00f3n Sem\u00e1foros Econ\u00f3micos Estatales, por M\u00e9xico \u00bfC\u00f3mo Vamos?\" href=\"http:\/\/www.eloriente.net\/home\/2014\/06\/10\/10jun14-1100-en-vivo-presentacion-semaforos-economicos-estatales-por-mexico-como-vamos\/\" rel=\"bookmark\">10\/Jun\/14 11:00 En Vivo: Presentaci\u00f3n Sem\u00e1foros Econ\u00f3micos Estatales, por M\u00e9xico \u00bfC\u00f3mo Vamos?<\/a><\/p>\n<p><a href=\"http:\/\/www.eloriente.net\/home\/2014\/06\/10\/10jun14-1100-en-vivo-presentacion-semaforos-economicos-estatales-por-mexico-como-vamos\/\" rel=\"bookmark\"><img decoding=\"async\" title=\"10\/Jun\/14 11:00 En Vivo: Presentaci\u00f3n Sem\u00e1foros Econ\u00f3micos Estatales, por M\u00e9xico \u00bfC\u00f3mo Vamos?\" src=\"http:\/\/www.eloriente.net\/home\/wp-content\/themes\/city-desk\/timthumb.php?src=http%3A%2F%2Fwww.eloriente.net%2Fhome%2Fwp-content%2Fuploads%2F2014%2F06%2FSEM%C3%81FORO-9-DE-JUNIO-2014-M%C3%89XICO-COMO-VAMOS.png&amp;q=90&amp;w=160&amp;h=106&amp;zc=1\" alt=\"10\/Jun\/14 11:00 En Vivo: Presentaci\u00f3n Sem\u00e1foros Econ\u00f3micos Estatales, por M\u00e9xico \u00bfC\u00f3mo Vamos?\" \/><\/a><\/p>\n<p>eloriente.net\/M\u00e9xico \u00bfC\u00f3mo vamos? 10 de junio de 2014 Sin demasiadas conjeturas o rodeos de por medio, la iniciativa M\u00e9xico \u00bfC\u00f3mo vamos? actualiza un sem\u00e1foro econ\u00f3mico para verificar de acuerdo a determinadas metas cu\u00e1l ser\u00eda la respuesta a esa pregunta, sencilla, pero que requiere ser clarificada. Este sem\u00e1foro es nacional, pero este d\u00eda a las 11 [&#8230;]<\/p>\n<p>June 10, 2014<\/p>\n<p><a title=\"Permalink to Consulta aqu\u00ed: Recursos P\u00fablicos Federales destinados a Oaxaca #Infograf\u00eda\" href=\"http:\/\/www.eloriente.net\/home\/2014\/06\/04\/consulta-aqui-total-de-recursos-publicos-federales-destinados-a-oaxaca\/\" rel=\"bookmark\">Consulta aqu\u00ed: Recursos P\u00fablicos Federales destinados a Oaxaca #Infograf\u00eda<\/a><\/p>\n<p><a href=\"http:\/\/www.eloriente.net\/home\/2014\/06\/04\/consulta-aqui-total-de-recursos-publicos-federales-destinados-a-oaxaca\/\" rel=\"bookmark\"><img decoding=\"async\" title=\"Consulta aqu\u00ed: Recursos P\u00fablicos Federales destinados a Oaxaca #Infograf\u00eda\" src=\"http:\/\/www.eloriente.net\/home\/wp-content\/themes\/city-desk\/timthumb.php?src=http%3A%2F%2Fwww.eloriente.net%2Fhome%2Fwp-content%2Fuploads%2F2014%2F06%2FLuis-Videgaray-Por-SHCP.jpg&amp;q=90&amp;w=160&amp;h=106&amp;zc=1\" alt=\"Consulta aqu\u00ed: Recursos P\u00fablicos Federales destinados a Oaxaca #Infograf\u00eda\" \/><\/a><\/p>\n<p>eloriente.net 4\/junio\/2014 El estado de Oaxaca recibi\u00f3 durante el primer cuatrimestre del a\u00f1o un total de 11 mil 397.7 millones de pesos por parte de la Federaci\u00f3n, as\u00ed lo dio a conocer la Secretar\u00eda de Hacienda y Cr\u00e9dito P\u00fablico a trav\u00e9s de su reporte \u201cInformaci\u00f3n de Finanzas P\u00fablicas y Deuda P\u00fablica, enero-abril 2014\u2033, enviado por [&#8230;]<\/p>\n<p>June 4, 2014<\/p>\n<p><a title=\"Permalink to Lo que debes saber de la reforma fiscal\" href=\"http:\/\/www.eloriente.net\/home\/2014\/05\/30\/lo-que-debes-saber-de-la-reforma-fiscal\/\" rel=\"bookmark\">Lo que debes saber de la reforma fiscal<\/a><\/p>\n<p><a href=\"http:\/\/www.eloriente.net\/home\/2014\/05\/30\/lo-que-debes-saber-de-la-reforma-fiscal\/\" rel=\"bookmark\"><img decoding=\"async\" title=\"Lo que debes saber de la reforma fiscal\" src=\"http:\/\/www.eloriente.net\/home\/wp-content\/themes\/city-desk\/timthumb.php?src=http%3A%2F%2Fwww.eloriente.net%2Fhome%2Fwp-content%2Fuploads%2F2014%2F05%2FMtra.-Adriana-de-la-Rosa-Mart%C3%ADnez-Catedr%C3%A1tica-de-la-Escuela-de-Negocios-y-Estrategia-del-Departamento-de-Economia-y-Finanzas-del-Tecnol%C3%B3gico-de-Monterrey-Campus-Puebla.jpg&amp;q=90&amp;w=160&amp;h=106&amp;zc=1\" alt=\"Lo que debes saber de la reforma fiscal\" \/><\/a><\/p>\n<p>eloriente.net 30\/mayo\/2014 Por: Evelyn Zamora Ram\u00edrez* Despu\u00e9s del ya comenzado r\u00e9gimen de incorporaci\u00f3n de la reforma fiscal el 1 de enero del 2014 \u00a0ya es necesario que las personas f\u00edsicas que tengan actividad empresarial con un ingreso menor a los 2 millones de pesos anuales declaren bimestralmente sus movimientos financieros, con impuestos que van m\u00e1s [&#8230;.]<\/p>\n<p>May 30, 2014<\/p>\n\n\t\t\t  <div \n\t\t\t  \tclass = \"fb-comments\" \n\t\t\t  \tdata-href = \"http:\/\/www.eloriente.net\/home\/2014\/06\/11\/oaxaca-no-tuvo-crecimiento-economico-mexico-como-vamos\/\"\n\t\t\t  \tdata-numposts = \"10\"\n\t\t\t\tdata-colorscheme = \"dark\"\n\t\t\t\tdata-order-by = \"social\"\n\t\t\t\tdata-mobile=true>\n\t\t\t  <\/div>\n\t\t  <style>\n\t\t\t.fb_iframe_widget_fluid_desktop iframe {\n\t\t\t    width: 100% !important;\n\t\t\t}\n\t\t  <\/style>\n\t\t  ","protected":false},"excerpt":{"rendered":"<p>eloriente.net 11\/junio\/2014 Oaxaca no tuvo crecimiento econ\u00f3mico en 2013 (0.0%), as\u00ed lo dio a conocer el reporte \u00abAs\u00ed van los Estados: Sem\u00e1foros Econ\u00f3micos Estatales\u00bb del programa M\u00e9xico \u00bfC\u00f3mo Vamos?, iniciativa del\u00a0Instituto Mexicano para la Competitividad A.C. y la organizaci\u00f3n M\u00e9xico Eval\u00faa. Bajo la analog\u00eda de los colores de un sem\u00e1foro, la econom\u00eda oaxaque\u00f1a est\u00e1 en [&hellip;]<\/p>\n","protected":false},"author":26,"featured_media":27617,"comment_status":"open","ping_status":"open","sticky":false,"template":"","format":"standard","meta":{"_jetpack_memberships_contains_paid_content":false,"footnotes":""},"categories":[32,13,63,23,464,31],"tags":[1609,780,252,1485,518,1610,211],"class_list":["post-27597","post","type-post","status-publish","format-standard","has-post-thumbnail","hentry","category-entradas","category-especiales","category-estados","category-municipios","category-oaxaca-estados","category-principal","tag-como-vamos","tag-crecimiento","tag-economia","tag-ingresos","tag-productividad","tag-semaforo","tag-trabajo"],"jetpack_featured_media_url":"http:\/\/www.eloriente.net\/home\/wp-content\/uploads\/2014\/06\/Oaxaca-Por-GobOax.jpg","jetpack_sharing_enabled":true,"_links":{"self":[{"href":"http:\/\/www.eloriente.net\/home\/wp-json\/wp\/v2\/posts\/27597"}],"collection":[{"href":"http:\/\/www.eloriente.net\/home\/wp-json\/wp\/v2\/posts"}],"about":[{"href":"http:\/\/www.eloriente.net\/home\/wp-json\/wp\/v2\/types\/post"}],"author":[{"embeddable":true,"href":"http:\/\/www.eloriente.net\/home\/wp-json\/wp\/v2\/users\/26"}],"replies":[{"embeddable":true,"href":"http:\/\/www.eloriente.net\/home\/wp-json\/wp\/v2\/comments?post=27597"}],"version-history":[{"count":19,"href":"http:\/\/www.eloriente.net\/home\/wp-json\/wp\/v2\/posts\/27597\/revisions"}],"predecessor-version":[{"id":27619,"href":"http:\/\/www.eloriente.net\/home\/wp-json\/wp\/v2\/posts\/27597\/revisions\/27619"}],"wp:featuredmedia":[{"embeddable":true,"href":"http:\/\/www.eloriente.net\/home\/wp-json\/wp\/v2\/media\/27617"}],"wp:attachment":[{"href":"http:\/\/www.eloriente.net\/home\/wp-json\/wp\/v2\/media?parent=27597"}],"wp:term":[{"taxonomy":"category","embeddable":true,"href":"http:\/\/www.eloriente.net\/home\/wp-json\/wp\/v2\/categories?post=27597"},{"taxonomy":"post_tag","embeddable":true,"href":"http:\/\/www.eloriente.net\/home\/wp-json\/wp\/v2\/tags?post=27597"}],"curies":[{"name":"wp","href":"https:\/\/api.w.org\/{rel}","templated":true}]}}