{"id":27610,"date":"2014-06-11T08:05:49","date_gmt":"2014-06-11T14:05:49","guid":{"rendered":"http:\/\/www.eloriente.net\/home\/?p=27610"},"modified":"2014-06-11T08:08:07","modified_gmt":"2014-06-11T14:08:07","slug":"credenciales-para-votar-09-y-12-deben-renovarse-ine","status":"publish","type":"post","link":"http:\/\/www.eloriente.net\/home\/2014\/06\/11\/credenciales-para-votar-09-y-12-deben-renovarse-ine\/","title":{"rendered":"Credenciales para votar 09 y 12 deben renovarse: INE"},"content":{"rendered":"<p>eloriente.net\/<a href=\"http:\/\/www.ine.mx\/\" target=\"_blank\">INE<\/a><\/p>\n<p>11\/junio\/2014<\/p>\n<p><strong>Estas micas perdieron vigencia desde el 1 de enero de 2014.<\/strong><\/p>\n<p>Al haber perdido vigencia las credenciales para votar con fotograf\u00eda, cuyo reverso posee terminaci\u00f3n 09 y 12, deben renovarse ya que no son v\u00e1lidas para ejercer el voto ni como medio de identificaci\u00f3n.<\/p>\n<p>En Oaxaca, el Instituto Nacional Electoral (INE) opera con 31 m\u00f3dulos nacionales donde los ciudadanos pueden acudir para realizar la actualizaci\u00f3n de su mica, la cual por cierto cuenta con un nuevo dise\u00f1o con mayores dispositivos de seguridad.<\/p>\n<p>Los m\u00f3dulos nacionales permiten a la ciudadan\u00eda realizar su tr\u00e1mite en cualquier m\u00f3dulo de los 32 estados del pa\u00eds, independientemente de la residencia del ciudadano. La mica se recoge en el m\u00f3dulo donde se tramit\u00f3.<\/p>\n<p>Para la inscripci\u00f3n al Padr\u00f3n Electoral, reposici\u00f3n por robo o extrav\u00edo, canje o cambio de datos o domicilio es indispensable que las y los ciudadanos presenten en original acta de nacimiento, comprobante de domicilio no mayor a tres meses de vigencia y una identificaci\u00f3n con fotograf\u00eda vigente.<\/p>\n<p>Los detalles de los documentos v\u00e1lidos pueden ser consultados a trav\u00e9s del sistema telef\u00f3nico INETEL (01-800-433-2000), en el Portal de Internet del INE (<a href=\"http:\/\/www.ine.mx\">www.ine.mx<\/a>) y en redes sociales del instituto: Twitter (@IFEMexico) y Facebook (http:\/\/facebook\/IFEMexico).<\/p>\n<p>En Oaxaca, al corte del 30 de mayo pasado, el instituto registra 2 millones 569 mil 651 ciudadanos inscritos en la Lista Nominal, de los cuales\u00ad\u00ad 120 mil 550 tienen micas 09 y 12, susceptibles de ser reemplazadas.<\/p>\n<p>Como parte de la intensificaci\u00f3n de las campa\u00f1as de promoci\u00f3n de renovaci\u00f3n de la credencial, en los primeros cinco meses del presente a\u00f1o, el INE ha sustituido alrededor de 2 millones de credenciales en el pa\u00eds.<\/p>\n<p>&nbsp;<\/p>\n<p><a href=\"http:\/\/www.eloriente.net\/home\/wp-content\/uploads\/2014\/06\/Votar-Por-INE.jpg\"><img loading=\"lazy\" decoding=\"async\" class=\"alignnone size-medium wp-image-27611\" title=\"Votar-Por-INE\" src=\"http:\/\/www.eloriente.net\/home\/wp-content\/uploads\/2014\/06\/Votar-Por-INE-300x200.jpg\" alt=\"\" width=\"300\" height=\"200\" srcset=\"http:\/\/www.eloriente.net\/home\/wp-content\/uploads\/2014\/06\/Votar-Por-INE-300x200.jpg 300w, http:\/\/www.eloriente.net\/home\/wp-content\/uploads\/2014\/06\/Votar-Por-INE-1024x685.jpg 1024w\" sizes=\"(max-width: 300px) 100vw, 300px\" \/><\/a><\/p>\n<p>Foto: INE<\/p>\n<p>&nbsp;<\/p>\n<p><strong>Entradas relacionadas:<\/strong><\/p>\n<p><a title=\"Permalink to Consulta aqu\u00ed calendario de elecciones 2014-2015\" href=\"http:\/\/www.eloriente.net\/home\/2014\/06\/09\/consulta-aqui-calendario-de-elecciones-2014-2015\/\" rel=\"bookmark\">Consulta aqu\u00ed calendario de elecciones 2014-2015<\/a><\/p>\n<p><a href=\"http:\/\/www.eloriente.net\/home\/2014\/06\/09\/consulta-aqui-calendario-de-elecciones-2014-2015\/\" rel=\"bookmark\"><img decoding=\"async\" title=\"Consulta aqu\u00ed calendario de elecciones 2014-2015\" src=\"http:\/\/www.eloriente.net\/home\/wp-content\/themes\/city-desk\/timthumb.php?src=http%3A%2F%2Fwww.eloriente.net%2Fhome%2Fwp-content%2Fuploads%2F2014%2F06%2FVoto-Por-Wikimedia.jpg&amp;q=90&amp;w=160&amp;h=106&amp;zc=1\" alt=\"Consulta aqu\u00ed calendario de elecciones 2014-2015\" \/><\/a><\/p>\n<p>eloriente.net 9\/junio\/2014 Durante el primer domingo del pr\u00f3ximo mes de julio, ciudadanos de los estados de Coahuila, Nayarit y Puebla elegir\u00e1n mediante su derecho al voto a sus representantes locales, dando fin a las comicios electorales del a\u00f1o 2014. Por su parte, en 2015, 17 estados de la Rep\u00fablica celebrar\u00e1n elecciones populares para nombrar a [&#8230;]<\/p>\n<p>June 9, 2014<\/p>\n<p><a title=\"Permalink to Necesario avanzar en armonizaci\u00f3n pol\u00edtico electoral: Alejandra G. Morlan\" href=\"http:\/\/www.eloriente.net\/home\/2014\/06\/06\/necesario-avanzar-en-armonizacion-politico-electoral-alejandra-g-morlan\/\" rel=\"bookmark\">Necesario avanzar en armonizaci\u00f3n pol\u00edtico electoral: Alejandra G. Morlan<\/a><\/p>\n<p><a href=\"http:\/\/www.eloriente.net\/home\/2014\/06\/06\/necesario-avanzar-en-armonizacion-politico-electoral-alejandra-g-morlan\/\" rel=\"bookmark\"><img decoding=\"async\" title=\"Necesario avanzar en armonizaci\u00f3n pol\u00edtico electoral: Alejandra G. Morlan\" src=\"http:\/\/www.eloriente.net\/home\/wp-content\/themes\/city-desk\/timthumb.php?src=http%3A%2F%2Fwww.eloriente.net%2Fhome%2Fwp-content%2Fuploads%2F2014%2F04%2FGarc%C3%ADa-Morlan-Por-El-Oriente.jpg&amp;q=90&amp;w=160&amp;h=106&amp;zc=1\" alt=\"Necesario avanzar en armonizaci\u00f3n pol\u00edtico electoral: Alejandra G. Morlan\" \/><\/a><\/p>\n<p>eloriente.net\/Env\u00edo 6\/junio\/2014 La diputada local del Partido Acci\u00f3n Nacional (PAN), Alejandra Garc\u00eda Morlan, record\u00f3 que entre los pendientes de la LXII Legislatura se encuentra el estudio y an\u00e1lisis de las iniciativas en materia pol\u00edtico electoral, para armonizar las normas locales con la reforma estructural recientemente aprobada. Particularmente hizo referencia a la propuesta que la legisladora [&#8230;]<\/p>\n<p>June 6, 2014<\/p>\n<p><a title=\"Permalink to Oaxaca, sede de reuniones sobre acceso a recursos p\u00fablicos\" href=\"http:\/\/www.eloriente.net\/home\/2014\/06\/04\/oaxaca-sede-de-reuniones-sobre-acceso-a-recursos-publicos\/\" rel=\"bookmark\">Oaxaca, sede de reuniones sobre acceso a recursos p\u00fablicos<\/a><\/p>\n<p><a href=\"http:\/\/www.eloriente.net\/home\/2014\/06\/04\/oaxaca-sede-de-reuniones-sobre-acceso-a-recursos-publicos\/\" rel=\"bookmark\"><img decoding=\"async\" title=\"Oaxaca, sede de reuniones sobre acceso a recursos p\u00fablicos\" src=\"http:\/\/www.eloriente.net\/home\/wp-content\/themes\/city-desk\/timthumb.php?src=http%3A%2F%2Fwww.eloriente.net%2Fhome%2Fwp-content%2Fuploads%2F2014%2F06%2F440.jpg&amp;q=90&amp;w=160&amp;h=106&amp;zc=1\" alt=\"Oaxaca, sede de reuniones sobre acceso a recursos p\u00fablicos\" \/><\/a><\/p>\n<p>eloriente.net\/Municipio de Oaxaca 4\/junio\/2014 El Municipio de Oaxaca de Ju\u00e1rez fue electo por la Secretaria de Hacienda y Cr\u00e9dito P\u00fablico (SHCP) y la Conferencia Nacional de Municipios de M\u00e9xico (CONAMM) como sede de las reuniones nacional y\u00a0regionales\u00a0sobre \u201cAcceso a Recursos P\u00fablicos para Municipios, Transparencia y Rendici\u00f3n de Cuentas\u201d que reunir\u00e1 a municipios de cinco estados [&#8230;]<\/p>\n<p>June 4, 2014<\/p>\n\n\t\t\t  <div \n\t\t\t  \tclass = \"fb-comments\" \n\t\t\t  \tdata-href = \"http:\/\/www.eloriente.net\/home\/2014\/06\/11\/credenciales-para-votar-09-y-12-deben-renovarse-ine\/\"\n\t\t\t  \tdata-numposts = \"10\"\n\t\t\t\tdata-colorscheme = \"dark\"\n\t\t\t\tdata-order-by = \"social\"\n\t\t\t\tdata-mobile=true>\n\t\t\t  <\/div>\n\t\t  <style>\n\t\t\t.fb_iframe_widget_fluid_desktop iframe {\n\t\t\t    width: 100% !important;\n\t\t\t}\n\t\t  <\/style>\n\t\t  ","protected":false},"excerpt":{"rendered":"<p>eloriente.net\/INE 11\/junio\/2014 Estas micas perdieron vigencia desde el 1 de enero de 2014. Al haber perdido vigencia las credenciales para votar con fotograf\u00eda, cuyo reverso posee terminaci\u00f3n 09 y 12, deben renovarse ya que no son v\u00e1lidas para ejercer el voto ni como medio de identificaci\u00f3n. En Oaxaca, el Instituto Nacional Electoral (INE) opera con [&hellip;]<\/p>\n","protected":false},"author":26,"featured_media":27611,"comment_status":"open","ping_status":"open","sticky":false,"template":"","format":"standard","meta":{"_jetpack_memberships_contains_paid_content":false,"footnotes":""},"categories":[1588,32,10,21],"tags":[1606,473,922,279,1607,1608,921],"class_list":["post-27610","post","type-post","status-publish","format-standard","has-post-thumbnail","hentry","category-comunicados-y-boletines","category-entradas","category-lo-mas-reciente","category-politica-y-gobierno","tag-credenciales","tag-diseno","tag-identificacion","tag-ine","tag-mica","tag-renovacion","tag-votar"],"jetpack_featured_media_url":"http:\/\/www.eloriente.net\/home\/wp-content\/uploads\/2014\/06\/Votar-Por-INE.jpg","jetpack_sharing_enabled":true,"_links":{"self":[{"href":"http:\/\/www.eloriente.net\/home\/wp-json\/wp\/v2\/posts\/27610"}],"collection":[{"href":"http:\/\/www.eloriente.net\/home\/wp-json\/wp\/v2\/posts"}],"about":[{"href":"http:\/\/www.eloriente.net\/home\/wp-json\/wp\/v2\/types\/post"}],"author":[{"embeddable":true,"href":"http:\/\/www.eloriente.net\/home\/wp-json\/wp\/v2\/users\/26"}],"replies":[{"embeddable":true,"href":"http:\/\/www.eloriente.net\/home\/wp-json\/wp\/v2\/comments?post=27610"}],"version-history":[{"count":3,"href":"http:\/\/www.eloriente.net\/home\/wp-json\/wp\/v2\/posts\/27610\/revisions"}],"predecessor-version":[{"id":27613,"href":"http:\/\/www.eloriente.net\/home\/wp-json\/wp\/v2\/posts\/27610\/revisions\/27613"}],"wp:featuredmedia":[{"embeddable":true,"href":"http:\/\/www.eloriente.net\/home\/wp-json\/wp\/v2\/media\/27611"}],"wp:attachment":[{"href":"http:\/\/www.eloriente.net\/home\/wp-json\/wp\/v2\/media?parent=27610"}],"wp:term":[{"taxonomy":"category","embeddable":true,"href":"http:\/\/www.eloriente.net\/home\/wp-json\/wp\/v2\/categories?post=27610"},{"taxonomy":"post_tag","embeddable":true,"href":"http:\/\/www.eloriente.net\/home\/wp-json\/wp\/v2\/tags?post=27610"}],"curies":[{"name":"wp","href":"https:\/\/api.w.org\/{rel}","templated":true}]}}