{"id":27634,"date":"2014-06-11T14:30:51","date_gmt":"2014-06-11T20:30:51","guid":{"rendered":"http:\/\/www.eloriente.net\/home\/?p=27634"},"modified":"2014-06-12T17:21:13","modified_gmt":"2014-06-12T23:21:13","slug":"colima-el-estado-donde-es-mas-facil-hacer-negocios","status":"publish","type":"post","link":"http:\/\/www.eloriente.net\/home\/2014\/06\/11\/colima-el-estado-donde-es-mas-facil-hacer-negocios\/","title":{"rendered":"Colima, el estado donde es m\u00e1s f\u00e1cil hacer negocios"},"content":{"rendered":"<p>eloriente.net<\/p>\n<p>11\/junio\/2014<\/p>\n<p style=\"text-align: justify;\"><span style=\"text-align: justify;\"><a href=\"http:\/\/www.eloriente.net\/home\/wp-content\/uploads\/2014\/06\/Negocios-2014.png\"><img loading=\"lazy\" decoding=\"async\" class=\"alignright size-full wp-image-27652\" title=\"Negocios 2014\" src=\"http:\/\/www.eloriente.net\/home\/wp-content\/uploads\/2014\/06\/Negocios-2014.png\" alt=\"\" width=\"237\" height=\"820\" \/><\/a>Colima es el estado de la Rep\u00fablica donde es m\u00e1s f\u00e1cil hacer negocios, seguido de Aguascalientes y Guanajuato, as\u00ed lo dio a conocer la quinta edici\u00f3n 2014 del estudio \u00abDoing Business en M\u00e9xico\u00bb, auspiciado por el Banco Mundial.\u00a0<\/span><\/p>\n<p style=\"text-align: justify;\">Al contrario, en\u00a0Baja California, Morelos y Distrito Federal es m\u00e1s dif\u00edcil establecer una nueva empresa, desde la perspectiva de las regulaciones y pr\u00e1cticas locales en cuatro \u00e1reas: apertura de un negocio, obtenci\u00f3n de permisos de construcci\u00f3n, registro de la propiedad y cumplimiento de contratos.<\/p>\n<p style=\"text-align: justify;\">Seg\u00fan el reporte, la apertura de empresas mejor\u00f3 a nivel nacional respecto a 2012 gracias a la eliminaci\u00f3n del capital m\u00ednimo obligatorio y del cobro para la obtenci\u00f3n del permiso de uso de denominaci\u00f3n o raz\u00f3n social.<\/p>\n<p style=\"text-align: justify;\">Adem\u00e1s, celebr\u00f3 que los requerimientos de tiempo y costo promedio para abrir una empresa en M\u00e9xico han descendido significativamente desde 2007: 23% en tr\u00e1mites, 67% en tiempo y 29% en costo, niveles cercanos a los promedios de las econom\u00edas de altos ingresos de la OCDE.<\/p>\n<p style=\"text-align: justify;\">Reconoci\u00f3 que el uso de plataformas en internet como Tuempresa, RIE, Fedanet y el softwate DARIO han permitido ahorrar tiempo y dinero en el proceso.<\/p>\n<p style=\"text-align: justify;\">En cuanto a permiso de construcci\u00f3n, Doing Business destac\u00f3 que en Colima es m\u00e1s f\u00e1cil obtenerlo gracias al Sistema Integral de Desarrollo Urbano que permite expedir la licencia inmediatamente usando planos y cartograf\u00eda digital.<\/p>\n<p style=\"text-align: justify;\">En el caso concreto de Oaxaca, la entidad se ubic\u00f3 en la posici\u00f3n n\u00famero 24, dos lugares arriba en comparaci\u00f3n a 2012, debido a reformas que facilitaron el proceso local de apertura de una empresa y en el cumplimiento de contratos; tambi\u00e9n se introdujo una tarifa para el registro en el RPC y se redujo el costo de la licencia de funcionamiento.<\/p>\n<p style=\"text-align: justify;\">Finalmente, Doing Business propuso que las regulaciones empresariales en los estados sean inteligentes; ello engloba cinco aspectos: simplificaci\u00f3n, mensurabilidad, adaptabilidad, relevancia y transparencia (Modelo SMART).<\/p>\n<p>Consulta el reporte \u00abDoing Business en M\u00e9xico 2014&#8243;completo, dando click a la siguiente <a href=\"http:\/\/espanol.doingbusiness.org\/~\/media\/GIAWB\/Doing%20Business\/Documents\/Subnational-Reports\/DB14-Mexico-spanish\" target=\"_blank\">liga de enlace<\/a>.<\/p>\n<p>&nbsp;<\/p>\n<p><strong>Tr\u00e1mite para la apertura de una empresa en Oaxaca de Ju\u00e1rez:<\/strong><\/p>\n<p>1) Obtenci\u00f3n del permiso de uso de denominaci\u00f3n o raz\u00f3n social y elecci\u00f3n del fedatario p\u00fablico a trav\u00e9s del portal <a href=\"http:\/\/tuempresa.gob.mx\" target=\"_blank\">tuempresa.gob.mx<\/a>.<\/p>\n<p>2) Firma del acta constitutiva ante el fedatario p\u00fablico. Posteriormente, el fedatario da el aviso de uso de denominaci\u00f3n o raz\u00f3n social en l\u00ednea e inscribe la sociedad en el Registro Federal de Contribuyentes (RFC) y el Registro P\u00fablico de Comercio (RPC) en l\u00ednea.<\/p>\n<p>3) Obtenci\u00f3n de la C\u00e9dula de Registro al Padr\u00f3n Fiscal Municipal a trav\u00e9s de la Unidad de Tr\u00e1mites Empresariales, adscrita a la Direcci\u00f3n General de Desarrollo Econ\u00f3mico del Municipio de Oaxaca.<\/p>\n<p>4) Inscripci\u00f3n en el Instituto Mexicano del Seguro Social (IMSS).<\/p>\n<p>5) Registro de la compa\u00f1\u00eda en el Registro Estatal de Contribuyentes en la Secretar\u00eda de Finanzas.<\/p>\n<p>6) Inscripci\u00f3n en el Sistema de Informaci\u00f3n Empresarial (SIEM).<\/p>\n<p>&nbsp;<\/p>\n<p><a href=\"http:\/\/www.eloriente.net\/home\/wp-content\/uploads\/2014\/05\/Negocio-Por-INADEM.jpg\"><img loading=\"lazy\" decoding=\"async\" class=\"alignnone size-medium wp-image-25514\" title=\"Negocio-Por INADEM\" src=\"http:\/\/www.eloriente.net\/home\/wp-content\/uploads\/2014\/05\/Negocio-Por-INADEM-300x116.jpg\" alt=\"\" width=\"300\" height=\"116\" srcset=\"http:\/\/www.eloriente.net\/home\/wp-content\/uploads\/2014\/05\/Negocio-Por-INADEM-300x116.jpg 300w, http:\/\/www.eloriente.net\/home\/wp-content\/uploads\/2014\/05\/Negocio-Por-INADEM.jpg 930w\" sizes=\"(max-width: 300px) 100vw, 300px\" \/><\/a><\/p>\n<p>Foto: INADEM<\/p>\n<p>&nbsp;<\/p>\n<p><strong>Entradas relacionadas:<\/strong><\/p>\n<p><a title=\"Permalink to Oaxaca, sin crecimiento econ\u00f3mico: M\u00e9xico \u00bfC\u00f3mo Vamos?\" href=\"http:\/\/www.eloriente.net\/home\/2014\/06\/11\/oaxaca-no-tuvo-crecimiento-economico-mexico-como-vamos\/\" rel=\"bookmark\">Oaxaca, sin crecimiento econ\u00f3mico: M\u00e9xico \u00bfC\u00f3mo Vamos?<\/a><\/p>\n<p><a href=\"http:\/\/www.eloriente.net\/home\/2014\/06\/11\/oaxaca-no-tuvo-crecimiento-economico-mexico-como-vamos\/\" rel=\"bookmark\"><img decoding=\"async\" title=\"Oaxaca, sin crecimiento econ\u00f3mico: M\u00e9xico \u00bfC\u00f3mo Vamos?\" src=\"http:\/\/www.eloriente.net\/home\/wp-content\/themes\/city-desk\/timthumb.php?src=http%3A%2F%2Fwww.eloriente.net%2Fhome%2Fwp-content%2Fuploads%2F2014%2F06%2FOaxaca-Por-GobOax.jpg&amp;q=90&amp;w=160&amp;h=106&amp;zc=1\" alt=\"Oaxaca, sin crecimiento econ\u00f3mico: M\u00e9xico \u00bfC\u00f3mo Vamos?\" \/><\/a><\/p>\n<p>eloriente.net 11 de junio de 2014 Oaxaca no tuvo crecimiento econ\u00f3mico en 2013 (0.0%), as\u00ed lo dio a conocer el reporte \u201cAs\u00ed van los Estados: Sem\u00e1foros Econ\u00f3micos Estatales\u201d del programa M\u00e9xico \u00bfC\u00f3mo Vamos?, iniciativa del\u00a0Instituto Mexicano para la Competitividad A.C. y la organizaci\u00f3n M\u00e9xico Eval\u00faa. Bajo la analog\u00eda de los colores de un sem\u00e1foro, la [&#8230;]<\/p>\n<p>June 11, 2014<\/p>\n<p><a title=\"Permalink to Consulta aqu\u00ed: Recursos P\u00fablicos Federales destinados a Oaxaca #Infograf\u00eda\" href=\"http:\/\/www.eloriente.net\/home\/2014\/06\/04\/consulta-aqui-total-de-recursos-publicos-federales-destinados-a-oaxaca\/\" rel=\"bookmark\">Consulta aqu\u00ed: Recursos P\u00fablicos Federales destinados a Oaxaca #Infograf\u00eda<\/a><\/p>\n<p><a href=\"http:\/\/www.eloriente.net\/home\/2014\/06\/04\/consulta-aqui-total-de-recursos-publicos-federales-destinados-a-oaxaca\/\" rel=\"bookmark\"><img decoding=\"async\" title=\"Consulta aqu\u00ed: Recursos P\u00fablicos Federales destinados a Oaxaca #Infograf\u00eda\" src=\"http:\/\/www.eloriente.net\/home\/wp-content\/themes\/city-desk\/timthumb.php?src=http%3A%2F%2Fwww.eloriente.net%2Fhome%2Fwp-content%2Fuploads%2F2014%2F06%2FLuis-Videgaray-Por-SHCP.jpg&amp;q=90&amp;w=160&amp;h=106&amp;zc=1\" alt=\"Consulta aqu\u00ed: Recursos P\u00fablicos Federales destinados a Oaxaca #Infograf\u00eda\" \/><\/a><\/p>\n<p>eloriente.net 4\/junio\/2014 El estado de Oaxaca recibi\u00f3 durante el primer cuatrimestre del a\u00f1o un total de 11 mil 397.7 millones de pesos por parte de la Federaci\u00f3n, as\u00ed lo dio a conocer la Secretar\u00eda de Hacienda y Cr\u00e9dito P\u00fablico a trav\u00e9s de su reporte \u201cInformaci\u00f3n de Finanzas P\u00fablicas y Deuda P\u00fablica, enero-abril 2014\u2033, enviado por [&#8230;]<\/p>\n<p>June 4, 2014<\/p>\n<p><a title=\"Permalink to ASE audita a UABJO por primera vez\" href=\"http:\/\/www.eloriente.net\/home\/2014\/05\/28\/ase-audita-a-uabjo-por-primera-vez\/\" rel=\"bookmark\">ASE audita a UABJO por primera vez<\/a><\/p>\n<p><a href=\"http:\/\/www.eloriente.net\/home\/2014\/05\/28\/ase-audita-a-uabjo-por-primera-vez\/\" rel=\"bookmark\"><img decoding=\"async\" title=\"ASE audita a UABJO por primera vez\" src=\"http:\/\/www.eloriente.net\/home\/wp-content\/themes\/city-desk\/timthumb.php?src=http%3A%2F%2Fwww.eloriente.net%2Fhome%2Fwp-content%2Fuploads%2F2014%2F05%2FLupa-Revisio%CC%81n-Algunos-derechos-reservados-por-Freddy-The-Boy.jpg&amp;q=90&amp;w=160&amp;h=106&amp;zc=1\" alt=\"ASE audita a UABJO por primera vez\" \/><\/a><\/p>\n<p>eloriente.net 28 de mayo de 2014 Que un \u00f3rgano t\u00e9cnico del Congreso como lo es la Auditor\u00eda Superior del Estado (ASE) realice por vez primera una auditor\u00eda a la principal universidad p\u00fablica de Oaxaca, es un hecho que no debe pasarse por alto. Ayer, la ASE notific\u00f3 a las instancias correspondientes de la Universidad Aut\u00f3noma [&#8230;]<\/p>\n<p>May 28, 2014<\/p>\n\n\t\t\t  <div \n\t\t\t  \tclass = \"fb-comments\" \n\t\t\t  \tdata-href = \"http:\/\/www.eloriente.net\/home\/2014\/06\/11\/colima-el-estado-donde-es-mas-facil-hacer-negocios\/\"\n\t\t\t  \tdata-numposts = \"10\"\n\t\t\t\tdata-colorscheme = \"dark\"\n\t\t\t\tdata-order-by = \"social\"\n\t\t\t\tdata-mobile=true>\n\t\t\t  <\/div>\n\t\t  <style>\n\t\t\t.fb_iframe_widget_fluid_desktop iframe {\n\t\t\t    width: 100% !important;\n\t\t\t}\n\t\t  <\/style>\n\t\t  ","protected":false},"excerpt":{"rendered":"<p>eloriente.net 11\/junio\/2014 Colima es el estado de la Rep\u00fablica donde es m\u00e1s f\u00e1cil hacer negocios, seguido de Aguascalientes y Guanajuato, as\u00ed lo dio a conocer la quinta edici\u00f3n 2014 del estudio \u00abDoing Business en M\u00e9xico\u00bb, auspiciado por el Banco Mundial.\u00a0 Al contrario, en\u00a0Baja California, Morelos y Distrito Federal es m\u00e1s dif\u00edcil establecer una nueva empresa, [&hellip;]<\/p>\n","protected":false},"author":26,"featured_media":25514,"comment_status":"open","ping_status":"open","sticky":false,"template":"","format":"standard","meta":{"_jetpack_memberships_contains_paid_content":false,"footnotes":""},"categories":[32,63,35,10,464,19],"tags":[1616,252,1615,631,277,634,1617],"class_list":["post-27634","post","type-post","status-publish","format-standard","has-post-thumbnail","hentry","category-entradas","category-estados","category-secciones-oriente","category-lo-mas-reciente","category-oaxaca-estados","category-turismo-y-negocios","tag-apertura","tag-economia","tag-empresa","tag-estado","tag-gobierno","tag-negocios","tag-proceso"],"jetpack_featured_media_url":"http:\/\/www.eloriente.net\/home\/wp-content\/uploads\/2014\/05\/Negocio-Por-INADEM.jpg","jetpack_sharing_enabled":true,"_links":{"self":[{"href":"http:\/\/www.eloriente.net\/home\/wp-json\/wp\/v2\/posts\/27634"}],"collection":[{"href":"http:\/\/www.eloriente.net\/home\/wp-json\/wp\/v2\/posts"}],"about":[{"href":"http:\/\/www.eloriente.net\/home\/wp-json\/wp\/v2\/types\/post"}],"author":[{"embeddable":true,"href":"http:\/\/www.eloriente.net\/home\/wp-json\/wp\/v2\/users\/26"}],"replies":[{"embeddable":true,"href":"http:\/\/www.eloriente.net\/home\/wp-json\/wp\/v2\/comments?post=27634"}],"version-history":[{"count":38,"href":"http:\/\/www.eloriente.net\/home\/wp-json\/wp\/v2\/posts\/27634\/revisions"}],"predecessor-version":[{"id":27743,"href":"http:\/\/www.eloriente.net\/home\/wp-json\/wp\/v2\/posts\/27634\/revisions\/27743"}],"wp:featuredmedia":[{"embeddable":true,"href":"http:\/\/www.eloriente.net\/home\/wp-json\/wp\/v2\/media\/25514"}],"wp:attachment":[{"href":"http:\/\/www.eloriente.net\/home\/wp-json\/wp\/v2\/media?parent=27634"}],"wp:term":[{"taxonomy":"category","embeddable":true,"href":"http:\/\/www.eloriente.net\/home\/wp-json\/wp\/v2\/categories?post=27634"},{"taxonomy":"post_tag","embeddable":true,"href":"http:\/\/www.eloriente.net\/home\/wp-json\/wp\/v2\/tags?post=27634"}],"curies":[{"name":"wp","href":"https:\/\/api.w.org\/{rel}","templated":true}]}}