{"id":27687,"date":"2014-06-11T14:53:24","date_gmt":"2014-06-11T20:53:24","guid":{"rendered":"http:\/\/www.eloriente.net\/home\/?p=27687"},"modified":"2014-06-11T14:53:41","modified_gmt":"2014-06-11T20:53:41","slug":"bajo-crecimiento-del-pais-impactara-duramente-a-oaxaca-jimenez-valencia","status":"publish","type":"post","link":"http:\/\/www.eloriente.net\/home\/2014\/06\/11\/bajo-crecimiento-del-pais-impactara-duramente-a-oaxaca-jimenez-valencia\/","title":{"rendered":"Bajo crecimiento del pa\u00eds impactar\u00e1 duramente a Oaxaca: Jim\u00e9nez Valencia"},"content":{"rendered":"<p>eloriente.net\/<a href=\"http:\/\/www.congresooaxaca.gob.mx\/\" target=\"_blank\">Congreso del Estado<\/a><\/p>\n<p>11\/junio\/2014<\/p>\n<div dir=\"ltr\">\n<p>La presidenta de la Comisi\u00f3n Permanente de Hacienda del Congreso del Estado, Leslie Jim\u00e9nez Valencia, expres\u00f3 su preocupaci\u00f3n por el nulo crecimiento del primer trimestre del a\u00f1o en el pa\u00eds, el cual fue apenas del 1.8% seg\u00fan cifras del Instituto Nacional de Estad\u00edstica, Geograf\u00eda e Inform\u00e1tica (INEGI), tasa asociada al severo impacto de la Reforma Fiscal promovida por el presidente Enrique Pe\u00f1a Nieto\u00a0y a\u00a0la ca\u00edda del \u00edndice de confianza del consumidor en M\u00e9xico.<\/p>\n<\/div>\n<div dir=\"ltr\">\n<p>Agreg\u00f3 que la noticia dada por el INEGI tambi\u00e9n impact\u00f3 a la meta de crecimiento fijada por la Secretar\u00eda de Hacienda y Cr\u00e9dito P\u00fablico (SHCP), la cual fue reducida de un 3.9 a un 2.7 por ciento de crecimiento para este a\u00f1o.<\/p>\n<p>\u201cMe preocupa mucho el hecho de que las tasas de crecimiento del pa\u00eds vayan a la baja, sin duda impactar\u00e1 en nuestro estado, donde las inversiones actuales pueden quedar suspendidas y esto no traer\u00e1 mejor\u00eda a la tasa de desempleo\u201d.<\/p>\n<p>Asimismo, afirm\u00f3 que la primera consecuencia que trajo la Reforma Fiscal fue la inflaci\u00f3n en productos de la canasta b\u00e1sica, los cuales han subido hasta en un 15%, lo que desploma la confianza y el nivel adquisitivo de la ciudadan\u00eda.<\/p>\n<p>\u201cLa Comisi\u00f3n que presido se encuentra atenta del desarrollo de estos indicadores econ\u00f3micos, queremos estar en condiciones de dar soluciones reales para mitigar el impacto de la Reforma Fiscal en los bolsillos de los oaxaque\u00f1os. Para Oaxaca el pron\u00f3stico sigue siendo adverso, la confirmaci\u00f3n por parte del Gobierno de la Rep\u00fablica del estancamiento econ\u00f3mico nacional es un duro golpe para todos los sectores\u201d, afirm\u00f3.<\/p>\n<\/div>\n<div dir=\"ltr\">\n<p>Para finalizar, expres\u00f3 su deseo de colaboraci\u00f3n con todos los sectores econ\u00f3micos para lograr resultados que generen bienestar para el estado y su ciudadan\u00eda.<\/p>\n<p>&nbsp;<\/p>\n<p><a href=\"http:\/\/www.eloriente.net\/home\/wp-content\/uploads\/2014\/06\/Leslie-Jim\u00e9nez-Por-Congreso.jpg\"><img loading=\"lazy\" decoding=\"async\" class=\"alignnone size-medium wp-image-27688\" title=\"Leslie Jim\u00e9nez-Por Congreso\" src=\"http:\/\/www.eloriente.net\/home\/wp-content\/uploads\/2014\/06\/Leslie-Jim\u00e9nez-Por-Congreso-300x200.jpg\" alt=\"\" width=\"300\" height=\"200\" srcset=\"http:\/\/www.eloriente.net\/home\/wp-content\/uploads\/2014\/06\/Leslie-Jim\u00e9nez-Por-Congreso-300x200.jpg 300w, http:\/\/www.eloriente.net\/home\/wp-content\/uploads\/2014\/06\/Leslie-Jim\u00e9nez-Por-Congreso-1024x683.jpg 1024w, http:\/\/www.eloriente.net\/home\/wp-content\/uploads\/2014\/06\/Leslie-Jim\u00e9nez-Por-Congreso.jpg 1280w\" sizes=\"(max-width: 300px) 100vw, 300px\" \/><\/a><\/p>\n<p>Foto: Congreso del Estado<\/p>\n<p>&nbsp;<\/p>\n<p><strong>Entradas relacionadas:<\/strong><\/p>\n<p><a title=\"Permalink to Necesario avanzar en armonizaci\u00f3n pol\u00edtico electoral: Alejandra G. Morlan\" href=\"http:\/\/www.eloriente.net\/home\/2014\/06\/06\/necesario-avanzar-en-armonizacion-politico-electoral-alejandra-g-morlan\/\" rel=\"bookmark\">Necesario avanzar en armonizaci\u00f3n pol\u00edtico electoral: Alejandra G. Morlan<\/a><\/p>\n<p><a href=\"http:\/\/www.eloriente.net\/home\/2014\/06\/06\/necesario-avanzar-en-armonizacion-politico-electoral-alejandra-g-morlan\/\" rel=\"bookmark\"><img decoding=\"async\" title=\"Necesario avanzar en armonizaci\u00f3n pol\u00edtico electoral: Alejandra G. Morlan\" src=\"http:\/\/www.eloriente.net\/home\/wp-content\/themes\/city-desk\/timthumb.php?src=http%3A%2F%2Fwww.eloriente.net%2Fhome%2Fwp-content%2Fuploads%2F2014%2F04%2FGarc%C3%ADa-Morlan-Por-El-Oriente.jpg&amp;q=90&amp;w=160&amp;h=106&amp;zc=1\" alt=\"Necesario avanzar en armonizaci\u00f3n pol\u00edtico electoral: Alejandra G. Morlan\" \/><\/a><\/p>\n<p>eloriente.net\/Env\u00edo 6\/junio\/2014 La diputada local del Partido Acci\u00f3n Nacional (PAN), Alejandra Garc\u00eda Morlan, record\u00f3 que entre los pendientes de la LXII Legislatura se encuentra el estudio y an\u00e1lisis de las iniciativas en materia pol\u00edtico electoral, para armonizar las normas locales con la reforma estructural recientemente aprobada. Particularmente hizo referencia a la propuesta que la legisladora [&#8230;]<\/p>\n<p>June 6, 2014<\/p>\n<div id=\"post-27209\">\n<p><a title=\"Permalink to Viable Corredores del Transporte P\u00fablico: Serrano Toledo\" href=\"http:\/\/www.eloriente.net\/home\/2014\/06\/05\/viable-proyecto-de-corredores-del-transporte-publico-serrano-toledo\/\" rel=\"bookmark\">Viable Corredores del Transporte P\u00fablico: Serrano Toledo<\/a><\/p>\n<p><a href=\"http:\/\/www.eloriente.net\/home\/2014\/06\/05\/viable-proyecto-de-corredores-del-transporte-publico-serrano-toledo\/\" rel=\"bookmark\"><img decoding=\"async\" title=\"Viable Corredores del Transporte P\u00fablico: Serrano Toledo\" src=\"http:\/\/www.eloriente.net\/home\/wp-content\/themes\/city-desk\/timthumb.php?src=http%3A%2F%2Fwww.eloriente.net%2Fhome%2Fwp-content%2Fuploads%2F2014%2F06%2FDiputados-Por-Congreso.jpg&amp;q=90&amp;w=160&amp;h=106&amp;zc=1\" alt=\"Viable Corredores del Transporte P\u00fablico: Serrano Toledo\" \/><\/a><\/p>\n<p>eloriente.net\/Congreso del Estado 5\/junio\/2014 El presidente de la Comisi\u00f3n Permanente de Vialidad y Transporte de la LXII Legislatura del Estado acudi\u00f3 a la presentaci\u00f3n de esta propuesta de la Sevitra. El Proyecto Corredores de Transporte P\u00fablico de la Ciudad de Oaxaca promover\u00e1 mayor eficiencia del transporte p\u00fablico masivo, consider\u00f3 el diputado presidente de la Comisi\u00f3n [&#8230;]<\/p>\n<p>June 5, 2014<\/p>\n<\/div>\n<div id=\"post-27176\">\n<p><a title=\"Permalink to Agresi\u00f3n a periodistas muestran \u2018grado de civilidad\u2019: Benjam\u00edn Robles\" href=\"http:\/\/www.eloriente.net\/home\/2014\/06\/04\/agresion-a-periodistas-muestran-grado-de-civilidad-benjamin-robles\/\" rel=\"bookmark\">Agresi\u00f3n a periodistas muestran \u2018grado de civilidad\u2019: Benjam\u00edn Robles<\/a><\/p>\n<p><a href=\"http:\/\/www.eloriente.net\/home\/2014\/06\/04\/agresion-a-periodistas-muestran-grado-de-civilidad-benjamin-robles\/\" rel=\"bookmark\"><img decoding=\"async\" title=\"Agresi\u00f3n a periodistas muestran \u2018grado de civilidad\u2019: Benjam\u00edn Robles\" src=\"http:\/\/www.eloriente.net\/home\/wp-content\/themes\/city-desk\/timthumb.php?src=http%3A%2F%2Fwww.eloriente.net%2Fhome%2Fwp-content%2Fuploads%2F2014%2F05%2FCaptura-de-pantalla-2014-05-15-a-las-12.23.51.png&amp;q=90&amp;w=160&amp;h=106&amp;zc=1\" alt=\"Agresi\u00f3n a periodistas muestran \u2018grado de civilidad\u2019: Benjam\u00edn Robles\" \/><\/a><\/p>\n<p>eloriente.net\/Senado de la Rep\u00fablica 4 de junio de 2014 Este d\u00eda, en Sesi\u00f3n de la Comisi\u00f3n Permanente, el Senado de la Rep\u00fablica decidi\u00f3 hacer suyo el siguiente mensaje del Senador por Oaxaca Benjam\u00edn Robles Montoya, en relaci\u00f3n al D\u00eda de la Libertad de Expresi\u00f3n en M\u00e9xico, y que fue publicado en la Gaceta correspondiente. En [&#8230;]<\/p>\n<p>June 4, 2014<\/p>\n<\/div>\n<\/div>\n\n\t\t\t  <div \n\t\t\t  \tclass = \"fb-comments\" \n\t\t\t  \tdata-href = \"http:\/\/www.eloriente.net\/home\/2014\/06\/11\/bajo-crecimiento-del-pais-impactara-duramente-a-oaxaca-jimenez-valencia\/\"\n\t\t\t  \tdata-numposts = \"10\"\n\t\t\t\tdata-colorscheme = \"dark\"\n\t\t\t\tdata-order-by = \"social\"\n\t\t\t\tdata-mobile=true>\n\t\t\t  <\/div>\n\t\t  <style>\n\t\t\t.fb_iframe_widget_fluid_desktop iframe {\n\t\t\t    width: 100% !important;\n\t\t\t}\n\t\t  <\/style>\n\t\t  ","protected":false},"excerpt":{"rendered":"<p>eloriente.net\/Congreso del Estado 11\/junio\/2014 La presidenta de la Comisi\u00f3n Permanente de Hacienda del Congreso del Estado, Leslie Jim\u00e9nez Valencia, expres\u00f3 su preocupaci\u00f3n por el nulo crecimiento del primer trimestre del a\u00f1o en el pa\u00eds, el cual fue apenas del 1.8% seg\u00fan cifras del Instituto Nacional de Estad\u00edstica, Geograf\u00eda e Inform\u00e1tica (INEGI), tasa asociada al severo [&hellip;]<\/p>\n","protected":false},"author":26,"featured_media":27688,"comment_status":"open","ping_status":"open","sticky":false,"template":"","format":"standard","meta":{"_jetpack_memberships_contains_paid_content":false,"footnotes":""},"categories":[1588,91,32,63,464,21],"tags":[246,780,93,252,143,1618,579],"class_list":["post-27687","post","type-post","status-publish","format-standard","has-post-thumbnail","hentry","category-comunicados-y-boletines","category-congreso-y-justicia","category-entradas","category-estados","category-oaxaca-estados","category-politica-y-gobierno","tag-congreso","tag-crecimiento","tag-diputados","tag-economia","tag-inegi","tag-leslie-jimenez","tag-pan"],"jetpack_featured_media_url":"http:\/\/www.eloriente.net\/home\/wp-content\/uploads\/2014\/06\/Leslie-Jim\u00e9nez-Por-Congreso.jpg","jetpack_sharing_enabled":true,"_links":{"self":[{"href":"http:\/\/www.eloriente.net\/home\/wp-json\/wp\/v2\/posts\/27687"}],"collection":[{"href":"http:\/\/www.eloriente.net\/home\/wp-json\/wp\/v2\/posts"}],"about":[{"href":"http:\/\/www.eloriente.net\/home\/wp-json\/wp\/v2\/types\/post"}],"author":[{"embeddable":true,"href":"http:\/\/www.eloriente.net\/home\/wp-json\/wp\/v2\/users\/26"}],"replies":[{"embeddable":true,"href":"http:\/\/www.eloriente.net\/home\/wp-json\/wp\/v2\/comments?post=27687"}],"version-history":[{"count":3,"href":"http:\/\/www.eloriente.net\/home\/wp-json\/wp\/v2\/posts\/27687\/revisions"}],"predecessor-version":[{"id":27691,"href":"http:\/\/www.eloriente.net\/home\/wp-json\/wp\/v2\/posts\/27687\/revisions\/27691"}],"wp:featuredmedia":[{"embeddable":true,"href":"http:\/\/www.eloriente.net\/home\/wp-json\/wp\/v2\/media\/27688"}],"wp:attachment":[{"href":"http:\/\/www.eloriente.net\/home\/wp-json\/wp\/v2\/media?parent=27687"}],"wp:term":[{"taxonomy":"category","embeddable":true,"href":"http:\/\/www.eloriente.net\/home\/wp-json\/wp\/v2\/categories?post=27687"},{"taxonomy":"post_tag","embeddable":true,"href":"http:\/\/www.eloriente.net\/home\/wp-json\/wp\/v2\/tags?post=27687"}],"curies":[{"name":"wp","href":"https:\/\/api.w.org\/{rel}","templated":true}]}}