{"id":27692,"date":"2014-06-12T08:04:32","date_gmt":"2014-06-12T14:04:32","guid":{"rendered":"http:\/\/www.eloriente.net\/home\/?p=27692"},"modified":"2014-06-12T08:07:41","modified_gmt":"2014-06-12T14:07:41","slug":"aprueba-diputados-foros-consultivos-dialogos-por-la-educacion","status":"publish","type":"post","link":"http:\/\/www.eloriente.net\/home\/2014\/06\/12\/aprueba-diputados-foros-consultivos-dialogos-por-la-educacion\/","title":{"rendered":"Aprueban diputados foros consultivos \u201cDi\u00e1logos por la Educaci\u00f3n\u201d"},"content":{"rendered":"<p>eloriente.net\/<a href=\"http:\/\/www.congresooaxaca.gob.mx\" target=\"_blank\">Congreso del Estado<\/a><\/p>\n<p>12\/junio\/2014<\/p>\n<p><strong>La construcci\u00f3n de la Ley Estatal de Educaci\u00f3n debe realizarse escuchando todas las voces de la sociedad y con la participaci\u00f3n efectiva de los diputados que representamos a la sociedad.<\/strong><strong><em><\/em><\/strong><\/p>\n<p>En sesi\u00f3n ordinaria<strong>\u00a0\u00a0<\/strong>efectuada este mi\u00e9rcoles, la Diputaci\u00f3n Permanente de la LXII Legislatura del Estado aprob\u00f3 el acuerdo por el que se instituyen los foros consultivos denominados \u201cDi\u00e1logos por la Educaci\u00f3n, para la Atenci\u00f3n Legislativa al Pueblo de Oaxaca, en materia de Educaci\u00f3n\u201d.<\/p>\n<p>El acuerdo, suscrito por los legisladores integrantes de la Diputaci\u00f3n Permanente Sergio L\u00f3pez S\u00e1nchez, del PRD \u2013presidente de la misma-; Mar\u00eda Lilia Arcelia Mendoza Cruz y Adolfo Toledo Infanz\u00f3n, del PRI;\u00a0 Javier C\u00e9sar Barroso S\u00e1nchez y V\u00edctor Cruz V\u00e1squez, del PAN; Jeft\u00e9 M\u00e9ndez Hern\u00e1ndez, del Partido Nueva Alianza (Panal), y Vilma Mart\u00ednez Cort\u00e9s, del PRD, establece que el objetivo de los foros es lograr el mayor acercamiento y participaci\u00f3n ciudadana en materia educativa.<\/p>\n<p>En tribuna, el legislador L\u00f3pez S\u00e1nchez resalt\u00f3 que \u00a0el derecho a la educaci\u00f3n es amplio, universal y, por ello, el sistema jur\u00eddico mexicano debe atender el tema de manera permanente.<\/p>\n<p>Dijo que en fechas recientes, la reforma a los Art\u00edculos 3 y 73 a la Constituci\u00f3n Pol\u00edtica de los Estados Unidos Mexicanos, que se promulg\u00f3 el 26 de febrero del a\u00f1o 2013, as\u00ed como la consecuente reforma a las Leyes General de Educaci\u00f3n, del Instituto Nacional para la Evaluaci\u00f3n de la Educaci\u00f3n y General del Servicio Profesional Docente, publicadas en el Diario Oficial de la Federaci\u00f3n el 11 de septiembre de 2013, ofrecen el marco jur\u00eddico para el dise\u00f1o estrat\u00e9gico de una nueva pol\u00edtica educativa p\u00fablica en M\u00e9xico.<\/p>\n<p>\u201cEn este sentido, en el \u00e1mbito local, el Estado debe garantizar el efectivo reconocimiento del derecho a la educaci\u00f3n, como el medio id\u00f3neo para el desarrollo social, econ\u00f3mico, pol\u00edtico y cultural de los pueblos\u201d, subray\u00f3.<\/p>\n<p>En ese contexto, se\u00f1al\u00f3 que \u00a0los diputados de esta soberan\u00eda tienen el deber de legislar sobre la materia educativa, de manera que beneficie a los sujetos de la misma y responda a las necesidades de nuestra sociedad, de modo que al ser un derecho social, este debe sujetarse a los principios de gratuidad, laicidad, obligatoriedad, accesibilidad, igualdad y calidad.<\/p>\n<p>\u201cHoy tenemos en nuestras manos la responsabilidad hist\u00f3rica de definir el rumbo de la educaci\u00f3n en Oaxaca, por lo que este Congreso reconoce la complejidad \u00a0de la entidad por su pluricomposici\u00f3n\u201d, expres\u00f3.<\/p>\n<p>Al hacer uso de la tribuna, el Presidente de la Diputaci\u00f3n Permanente destac\u00f3 \u201cla necesidad de que la construcci\u00f3n de la Ley Estatal de Educaci\u00f3n se realice escuchando todas las voces de la sociedad y con la participaci\u00f3n efectiva de los diputados que representamos a la sociedad\u201d.<\/p>\n<p>El legislador L\u00f3pez S\u00e1nchez manifest\u00f3 que, por lo anterior y en aras de continuar con el an\u00e1lisis y discusi\u00f3n de lo que m\u00e1s conviene a Oaxaca, toca a la LXII Legislatura del Estado convocar a esos foros.<\/p>\n<p>Ello con el objeto de escuchar y sistematizar las propuestas para su conformaci\u00f3n, de manera democr\u00e1tica, deliberativa y en uso de las herramientas metodol\u00f3gicas adecuadas que arrojen una agenda espec\u00edfica para lograr una adecuada pol\u00edtica legislativa en materia educativa, apunt\u00f3.<\/p>\n<p>Asimismo, exhort\u00f3 a los diputados integrantes de \u00a0la LXII Legislatura del Estado para que se sumen y fortalezcan este ejercicio democr\u00e1tico.<\/p>\n<p>\u201cDe esta forma, la LXII Legislatura reitera su compromiso social para conformar una nueva Ley Estatal de Educaci\u00f3n\u201d, puntualiz\u00f3.<\/p>\n<p>En tanto, el diputado M\u00e9ndez Hern\u00e1ndez consider\u00f3 que el tema de la educaci\u00f3n es asunto de inter\u00e9s colectivo y no s\u00f3lo de los actores inmiscuidos en ese sector.<\/p>\n<p>En tribuna, tambi\u00e9n fij\u00f3 un posicionamiento personal en nombre de su Partido Nueva Alianza (Panal) y celebr\u00f3 la actitud de convocar a esos foros, pero plante\u00f3 que no sean s\u00f3lo de lectura del Plan para la Transformaci\u00f3n de la Educaci\u00f3n de Oaxaca (PTEO).<\/p>\n<p>Por ello, dijo que los representantes populares estar\u00e1n vigilantes para que los foros sean verdaderamente democr\u00e1ticos y participativos para que los\u00a0 padres de familia escuchen y hagan suyas las propuestas de los diputados, acad\u00e9micos, investigadores y profesores que est\u00e1n frente a grupo, se preparan y \u00a0conocen la problem\u00e1tica educativa.<\/p>\n<p>Consider\u00f3 que el PTEO es un documento de\u00a0 buenas intenciones y hay datos que recuperar, pero aclar\u00f3 que\u00a0 los diputados no deber\u00e1n legislar\u00a0 por capricho e inter\u00e9s, porque tienen que \u00a0estar a la altura de la exigencia del pueblo de Oaxaca que reclama educaci\u00f3n de\u00a0 calidad.<\/p>\n<p>Dijo que la educaci\u00f3n en la entidad ha estado por los suelos en los \u00faltimos 30 a\u00f1os, y sigue ocupando los \u00faltimos lugares a nivel nacional y resalt\u00f3 que es incre\u00edble que a ese rubro se destine un presupuesto de 19 mil millones de pesos, mientras que los 570 ayuntamientos de la entidad s\u00f3lo perciben 12 mil millones de pesos.<\/p>\n<p>El diputado M\u00e9ndez Hern\u00e1ndez dijo que se est\u00e1 tiempo de reformar la Constituci\u00f3n local y construir juntos la Ley Estatal de Educaci\u00f3n como lo exigen los padres de familia y retomar el tema de la educaci\u00f3n ind\u00edgena.<\/p>\n<p>&nbsp;<\/p>\n<p><a href=\"http:\/\/www.eloriente.net\/home\/wp-content\/uploads\/2014\/06\/Diputados-Por-Congreso1.jpg\"><img loading=\"lazy\" decoding=\"async\" class=\"alignnone size-medium wp-image-27693\" title=\"Diputados-Por Congreso\" src=\"http:\/\/www.eloriente.net\/home\/wp-content\/uploads\/2014\/06\/Diputados-Por-Congreso1-300x206.jpg\" alt=\"\" width=\"300\" height=\"206\" srcset=\"http:\/\/www.eloriente.net\/home\/wp-content\/uploads\/2014\/06\/Diputados-Por-Congreso1-300x206.jpg 300w, http:\/\/www.eloriente.net\/home\/wp-content\/uploads\/2014\/06\/Diputados-Por-Congreso1-1024x703.jpg 1024w, http:\/\/www.eloriente.net\/home\/wp-content\/uploads\/2014\/06\/Diputados-Por-Congreso1.jpg 1098w\" sizes=\"(max-width: 300px) 100vw, 300px\" \/><\/a><\/p>\n<p>Foto: Congreso del Estado<\/p>\n<p>&nbsp;<\/p>\n<p><strong>Entradas relacionadas:<\/strong><\/p>\n<p><a title=\"Permalink to Bajo crecimiento del pa\u00eds impactar\u00e1 duramente a Oaxaca: Jim\u00e9nez Valencia\" href=\"http:\/\/www.eloriente.net\/home\/2014\/06\/11\/bajo-crecimiento-del-pais-impactara-duramente-a-oaxaca-jimenez-valencia\/\" rel=\"bookmark\">Bajo crecimiento del pa\u00eds impactar\u00e1 duramente a Oaxaca: Jim\u00e9nez Valencia<\/a><\/p>\n<p><a href=\"http:\/\/www.eloriente.net\/home\/2014\/06\/11\/bajo-crecimiento-del-pais-impactara-duramente-a-oaxaca-jimenez-valencia\/\" rel=\"bookmark\"><img decoding=\"async\" title=\"Bajo crecimiento del pa\u00eds impactar\u00e1 duramente a Oaxaca: Jim\u00e9nez Valencia\" src=\"http:\/\/www.eloriente.net\/home\/wp-content\/themes\/city-desk\/timthumb.php?src=http%3A%2F%2Fwww.eloriente.net%2Fhome%2Fwp-content%2Fuploads%2F2014%2F06%2FLeslie-Jim%C3%A9nez-Por-Congreso.jpg&amp;q=90&amp;w=160&amp;h=106&amp;zc=1\" alt=\"Bajo crecimiento del pa\u00eds impactar\u00e1 duramente a Oaxaca: Jim\u00e9nez Valencia\" \/><\/a><\/p>\n<p>eloriente.net\/Congreso del Estado 11\/junio\/2014 La presidenta de la Comisi\u00f3n Permanente de Hacienda del Congreso del Estado, Leslie Jim\u00e9nez Valencia, expres\u00f3 su preocupaci\u00f3n por el nulo crecimiento del primer trimestre del a\u00f1o en el pa\u00eds, el cual fue apenas del 1.8% seg\u00fan cifras del Instituto Nacional de Estad\u00edstica, Geograf\u00eda e Inform\u00e1tica (INEGI), tasa asociada al severo [&#8230;]<\/p>\n<p>June 11, 2014<\/p>\n<div id=\"post-27442\">\n<p><a title=\"Permalink to Comparten logros del Centro de Mediaci\u00f3n de Oaxaca\" href=\"http:\/\/www.eloriente.net\/home\/2014\/06\/09\/comparten-logros-del-centro-de-mediacion-en-oaxaca\/\" rel=\"bookmark\">Comparten logros del Centro de Mediaci\u00f3n de Oaxaca<\/a><\/p>\n<p><a href=\"http:\/\/www.eloriente.net\/home\/2014\/06\/09\/comparten-logros-del-centro-de-mediacion-en-oaxaca\/\" rel=\"bookmark\"><img decoding=\"async\" title=\"Comparten logros del Centro de Mediaci\u00f3n de Oaxaca\" src=\"http:\/\/www.eloriente.net\/home\/wp-content\/themes\/city-desk\/timthumb.php?src=http%3A%2F%2Fwww.eloriente.net%2Fhome%2Fwp-content%2Fuploads%2F2014%2F06%2FReuni%C3%B3n-en-Baja-California-Por-TSJ.jpg&amp;q=90&amp;w=160&amp;h=106&amp;zc=1\" alt=\"Comparten logros del Centro de Mediaci\u00f3n de Oaxaca\" \/><\/a><\/p>\n<p>eloriente.net\/TSJ 9\/junio\/2014 Con la finalidad de tener un intercambio de experiencias sobre los beneficios y resultados de los m\u00e9todos alternos de soluci\u00f3n pac\u00edfica de conflictos como herramientas sociales de justicia, la directora del Centro de Justicia Alternativa del Poder Judicial de Oaxaca, Celia Aspiroz Garc\u00eda y la mediadora X\u00f3chitl Cruz Mat\u00edas, asistieron a la pasant\u00eda [&#8230;]<\/p>\n<p>June 9, 2014<\/p>\n<\/div>\n<div id=\"post-27351\">\n<p><a title=\"Permalink to Necesario avanzar en armonizaci\u00f3n pol\u00edtico electoral: Alejandra G. Morlan\" href=\"http:\/\/www.eloriente.net\/home\/2014\/06\/06\/necesario-avanzar-en-armonizacion-politico-electoral-alejandra-g-morlan\/\" rel=\"bookmark\">Necesario avanzar en armonizaci\u00f3n pol\u00edtico electoral: Alejandra G. Morlan<\/a><\/p>\n<p><a href=\"http:\/\/www.eloriente.net\/home\/2014\/06\/06\/necesario-avanzar-en-armonizacion-politico-electoral-alejandra-g-morlan\/\" rel=\"bookmark\"><img decoding=\"async\" title=\"Necesario avanzar en armonizaci\u00f3n pol\u00edtico electoral: Alejandra G. Morlan\" src=\"http:\/\/www.eloriente.net\/home\/wp-content\/themes\/city-desk\/timthumb.php?src=http%3A%2F%2Fwww.eloriente.net%2Fhome%2Fwp-content%2Fuploads%2F2014%2F04%2FGarc%C3%ADa-Morlan-Por-El-Oriente.jpg&amp;q=90&amp;w=160&amp;h=106&amp;zc=1\" alt=\"Necesario avanzar en armonizaci\u00f3n pol\u00edtico electoral: Alejandra G. Morlan\" \/><\/a><\/p>\n<p>eloriente.net\/Env\u00edo 6\/junio\/2014 La diputada local del Partido Acci\u00f3n Nacional (PAN), Alejandra Garc\u00eda Morlan, record\u00f3 que entre los pendientes de la LXII Legislatura se encuentra el estudio y an\u00e1lisis de las iniciativas en materia pol\u00edtico electoral, para armonizar las normas locales con la reforma estructural recientemente aprobada. Particularmente hizo referencia a la propuesta que la legisladora [&#8230;]<\/p>\n<p>June 6, 2014<\/p>\n<\/div>\n\n\t\t\t  <div \n\t\t\t  \tclass = \"fb-comments\" \n\t\t\t  \tdata-href = \"http:\/\/www.eloriente.net\/home\/2014\/06\/12\/aprueba-diputados-foros-consultivos-dialogos-por-la-educacion\/\"\n\t\t\t  \tdata-numposts = \"10\"\n\t\t\t\tdata-colorscheme = \"dark\"\n\t\t\t\tdata-order-by = \"social\"\n\t\t\t\tdata-mobile=true>\n\t\t\t  <\/div>\n\t\t  <style>\n\t\t\t.fb_iframe_widget_fluid_desktop iframe {\n\t\t\t    width: 100% !important;\n\t\t\t}\n\t\t  <\/style>\n\t\t  ","protected":false},"excerpt":{"rendered":"<p>eloriente.net\/Congreso del Estado 12\/junio\/2014 La construcci\u00f3n de la Ley Estatal de Educaci\u00f3n debe realizarse escuchando todas las voces de la sociedad y con la participaci\u00f3n efectiva de los diputados que representamos a la sociedad. En sesi\u00f3n ordinaria\u00a0\u00a0efectuada este mi\u00e9rcoles, la Diputaci\u00f3n Permanente de la LXII Legislatura del Estado aprob\u00f3 el acuerdo por el que se [&hellip;]<\/p>\n","protected":false},"author":26,"featured_media":27693,"comment_status":"open","ping_status":"open","sticky":false,"template":"","format":"standard","meta":{"_jetpack_memberships_contains_paid_content":false,"footnotes":""},"categories":[91,32,21],"tags":[246,1619,93,184,73,1444,373],"class_list":["post-27692","post","type-post","status-publish","format-standard","has-post-thumbnail","hentry","category-congreso-y-justicia","category-entradas","category-politica-y-gobierno","tag-congreso","tag-dialogos","tag-diputados","tag-educacion","tag-oaxaca","tag-pteo","tag-snte"],"jetpack_featured_media_url":"http:\/\/www.eloriente.net\/home\/wp-content\/uploads\/2014\/06\/Diputados-Por-Congreso1.jpg","jetpack_sharing_enabled":true,"_links":{"self":[{"href":"http:\/\/www.eloriente.net\/home\/wp-json\/wp\/v2\/posts\/27692"}],"collection":[{"href":"http:\/\/www.eloriente.net\/home\/wp-json\/wp\/v2\/posts"}],"about":[{"href":"http:\/\/www.eloriente.net\/home\/wp-json\/wp\/v2\/types\/post"}],"author":[{"embeddable":true,"href":"http:\/\/www.eloriente.net\/home\/wp-json\/wp\/v2\/users\/26"}],"replies":[{"embeddable":true,"href":"http:\/\/www.eloriente.net\/home\/wp-json\/wp\/v2\/comments?post=27692"}],"version-history":[{"count":4,"href":"http:\/\/www.eloriente.net\/home\/wp-json\/wp\/v2\/posts\/27692\/revisions"}],"predecessor-version":[{"id":27698,"href":"http:\/\/www.eloriente.net\/home\/wp-json\/wp\/v2\/posts\/27692\/revisions\/27698"}],"wp:featuredmedia":[{"embeddable":true,"href":"http:\/\/www.eloriente.net\/home\/wp-json\/wp\/v2\/media\/27693"}],"wp:attachment":[{"href":"http:\/\/www.eloriente.net\/home\/wp-json\/wp\/v2\/media?parent=27692"}],"wp:term":[{"taxonomy":"category","embeddable":true,"href":"http:\/\/www.eloriente.net\/home\/wp-json\/wp\/v2\/categories?post=27692"},{"taxonomy":"post_tag","embeddable":true,"href":"http:\/\/www.eloriente.net\/home\/wp-json\/wp\/v2\/tags?post=27692"}],"curies":[{"name":"wp","href":"https:\/\/api.w.org\/{rel}","templated":true}]}}