{"id":27714,"date":"2014-06-12T10:26:19","date_gmt":"2014-06-12T16:26:19","guid":{"rendered":"http:\/\/www.eloriente.net\/home\/?p=27714"},"modified":"2014-06-12T10:26:19","modified_gmt":"2014-06-12T16:26:19","slug":"documental-los-herederos-de-eugenio-polgovsky-en-juevesdecineyseries","status":"publish","type":"post","link":"http:\/\/www.eloriente.net\/home\/2014\/06\/12\/documental-los-herederos-de-eugenio-polgovsky-en-juevesdecineyseries\/","title":{"rendered":"Documental: \u00abLos Herederos\u00bb de Eugenio Polgovsky en #JuevesdeCineySeries"},"content":{"rendered":"<p>eloriente.net<\/p>\n<p>12\/junio\/2012<\/p>\n<p>&nbsp;<\/p>\n<p><iframe loading=\"lazy\" src=\"\/\/www.youtube.com\/embed\/fDyiISiXpHE\" frameborder=\"0\" width=\"420\" height=\"315\"><\/iframe><\/p>\n<p>&nbsp;<\/p>\n<p>En el marco del 12 junio, D\u00eda Mundial\u00a0contra el Trabajo Infantil, te recomendamos este <a href=\"http:\/\/www.eloriente.net\/home\/?x=0&amp;y=0&amp;s=juevesdecineyseries\" target=\"_blank\">#JuevesdeCineySeries<\/a>\u00a0la pel\u00edcula \u00abLos Herederos\u00bb del cineasta mexicano Eugenio Polgovsky.<\/p>\n<p>A trav\u00e9s de la lente de Polgovsky, se narra la realidad del trabajo infantil en M\u00e9xico, como consecuencia de la pobreza que viven millones de personas en el pa\u00eds y por su lucha diaria para salir adelante.<\/p>\n<p>Auspiciado por la casa productora Tecolote Films, el Fondo Hubert Bals de Holanda y Visions Sud Est de Suiza,\u00a0Polgovsky viaj\u00f3 por diversos estados de la Rep\u00fablica, como Sinaloa, Puebla, Guerrero y Oaxaca, recabando historias y im\u00e1genes sobre los ni\u00f1os trabajadores del campo mexicano.<\/p>\n<p>El documental se present\u00f3 en el Festival de Cine de Venecia en 2008 y en el Festival de Berl\u00edn 2009. Ha obtenido 16 reconocimientos, entre los que se destacan el Premio Jos\u00e9 Rovirosa que otorga la UNAM, los Premios Ariel 2009 a mejor documental y mejor edici\u00f3n, entre otros.<\/p>\n<p>ELORIENTE.NET pone a tu disposici\u00f3n el documental completo a continuaci\u00f3n. Disfr\u00fatalo:<\/p>\n<p>&nbsp;<\/p>\n<p><iframe loading=\"lazy\" src=\"\/\/www.youtube.com\/embed\/qkUcpIWFxJY\" frameborder=\"0\" width=\"420\" height=\"315\"><\/iframe><\/p>\n<p>&nbsp;<\/p>\n<p><a href=\"http:\/\/www.eloriente.net\/home\/wp-content\/uploads\/2014\/06\/Los_Herederos_Cartel.jpg\"><img loading=\"lazy\" decoding=\"async\" class=\"alignnone size-medium wp-image-27716\" title=\"Los_Herederos_Cartel\" src=\"http:\/\/www.eloriente.net\/home\/wp-content\/uploads\/2014\/06\/Los_Herederos_Cartel-210x300.jpg\" alt=\"\" width=\"210\" height=\"300\" srcset=\"http:\/\/www.eloriente.net\/home\/wp-content\/uploads\/2014\/06\/Los_Herederos_Cartel-210x300.jpg 210w, http:\/\/www.eloriente.net\/home\/wp-content\/uploads\/2014\/06\/Los_Herederos_Cartel-717x1024.jpg 717w, http:\/\/www.eloriente.net\/home\/wp-content\/uploads\/2014\/06\/Los_Herederos_Cartel-1024x1462.jpg 1024w, http:\/\/www.eloriente.net\/home\/wp-content\/uploads\/2014\/06\/Los_Herederos_Cartel.jpg 1241w\" sizes=\"(max-width: 210px) 100vw, 210px\" \/><\/a><\/p>\n<p>Imagen: Los Herederos<\/p>\n<p>&nbsp;<\/p>\n<p><strong>Entradas relacionadas:<\/strong><\/p>\n<p><a title=\"Permalink to Del maestro del terror, Bag of bones #JuevesdeCineySeries\" href=\"http:\/\/www.eloriente.net\/home\/2014\/06\/05\/del-maestro-del-terror-bag-of-bones-juevesdecineyseries\/\" rel=\"bookmark\">Del maestro del terror, Bag of bones #JuevesdeCineySeries<\/a><\/p>\n<p><a href=\"http:\/\/www.eloriente.net\/home\/2014\/06\/05\/del-maestro-del-terror-bag-of-bones-juevesdecineyseries\/\" rel=\"bookmark\"><img decoding=\"async\" title=\"Del maestro del terror, Bag of bones #JuevesdeCineySeries\" src=\"http:\/\/www.eloriente.net\/home\/wp-content\/themes\/city-desk\/timthumb.php?src=http%3A%2F%2Fwww.eloriente.net%2Fhome%2Fwp-content%2Fuploads%2F2014%2F06%2Fbag_of_bones.jpg&amp;q=90&amp;w=160&amp;h=106&amp;zc=1\" alt=\"Del maestro del terror, Bag of bones #JuevesdeCineySeries\" \/><\/a><\/p>\n<p>eloriente.net 5\/junio\/2014 Basada en la novela Bag of bones del maestro de la literatura de terror, Stephen King, se estren\u00f3 en 2011 la mini serie de televisi\u00f3n del mismo nombre, dirigida por Mick Garris, con la participaci\u00f3n de los artistas\u00a0Pierce Brosnan,\u00a0Annabeth Gish,\u00a0Melissa George,\u00a0Anika Noni Rose y\u00a0Caitlin Carmichael. Bag of bones narra la historia del escritor [&#8230;]<\/p>\n<p>June 5, 2014<\/p>\n<div id=\"post-27270\">\n<p><a title=\"Permalink to Martyrs \u00bfla m\u00e1s escalofriante de todos los tiempos? #JuevesdeCineySeries\" href=\"http:\/\/www.eloriente.net\/home\/2014\/06\/05\/martyrs-la-mas-escalofriante-de-todos-los-tiempos-juevesdecineyseries\/\" rel=\"bookmark\">Martyrs \u00bfla m\u00e1s escalofriante de todos los tiempos? #JuevesdeCineySeries<\/a><\/p>\n<p><a href=\"http:\/\/www.eloriente.net\/home\/2014\/06\/05\/martyrs-la-mas-escalofriante-de-todos-los-tiempos-juevesdecineyseries\/\" rel=\"bookmark\"><img decoding=\"async\" title=\"Martyrs \u00bfla m\u00e1s escalofriante de todos los tiempos? #JuevesdeCineySeries\" src=\"http:\/\/www.eloriente.net\/home\/wp-content\/themes\/city-desk\/timthumb.php?src=http%3A%2F%2Fwww.eloriente.net%2Fhome%2Fwp-content%2Fuploads%2F2014%2F06%2FMartyrs.jpg&amp;q=90&amp;w=160&amp;h=106&amp;zc=1\" alt=\"Martyrs \u00bfla m\u00e1s escalofriante de todos los tiempos? #JuevesdeCineySeries\" \/><\/a><\/p>\n<p>eloriente.net 5\/junio\/2014 Considerada una de las pel\u00edculas m\u00e1s escalofriantes de todos los tiempos, Martyrs (M\u00e1rtires en espa\u00f1ol), escrita y dirigida por el cineasta franc\u00e9s Pascal Laugier, fue proyectada por primera vez en el Festival de Cine de Cannes en\u00a02008 y\u00a0estrenada el 3 de septiembre del mismo a\u00f1o. Protagonizada por las actrices Myl\u00e8ne Jampano\u00ef y Morjana [&#8230;]<\/p>\n<p>June 5, 2014<\/p>\n<\/div>\n<div id=\"post-27216\">\n<p><a title=\"Permalink to 10 festivales de cine para terminar 2014\" href=\"http:\/\/www.eloriente.net\/home\/2014\/06\/05\/10-festivales-de-cine-para-el-resto-de-2014\/\" rel=\"bookmark\">10 festivales de cine para terminar 2014<\/a><\/p>\n<p><a href=\"http:\/\/www.eloriente.net\/home\/2014\/06\/05\/10-festivales-de-cine-para-el-resto-de-2014\/\" rel=\"bookmark\"><img decoding=\"async\" title=\"10 festivales de cine para terminar 2014\" src=\"http:\/\/www.eloriente.net\/home\/wp-content\/themes\/city-desk\/timthumb.php?src=http%3A%2F%2Fwww.eloriente.net%2Fhome%2Fwp-content%2Fuploads%2F2014%2F06%2FCine-Por-FICM-2012.jpg&amp;q=90&amp;w=160&amp;h=106&amp;zc=1\" alt=\"10 festivales de cine para terminar 2014\" \/><\/a><\/p>\n<p>eloriente.net 5\/junio\/2014 Importantes eventos en el mundo de la cinematograf\u00eda como la entrega de los Premios \u00d3scar, el Festival de Cannes o los Premios Ariel en M\u00e9xico han concluido con \u00e9xito sus ediciones en 2014 en el transcurso durante los primeros cinco meses este a\u00f1o. ELORIENTE.NET de a conocer 10 destacados festivales de cine que [&#8230;]<\/p>\n<p>June 5, 2014<\/p>\n<\/div>\n\n\t\t\t  <div \n\t\t\t  \tclass = \"fb-comments\" \n\t\t\t  \tdata-href = \"http:\/\/www.eloriente.net\/home\/2014\/06\/12\/documental-los-herederos-de-eugenio-polgovsky-en-juevesdecineyseries\/\"\n\t\t\t  \tdata-numposts = \"10\"\n\t\t\t\tdata-colorscheme = \"dark\"\n\t\t\t\tdata-order-by = \"social\"\n\t\t\t\tdata-mobile=true>\n\t\t\t  <\/div>\n\t\t  <style>\n\t\t\t.fb_iframe_widget_fluid_desktop iframe {\n\t\t\t    width: 100% !important;\n\t\t\t}\n\t\t  <\/style>\n\t\t  ","protected":false},"excerpt":{"rendered":"<p>eloriente.net 12\/junio\/2012 &nbsp; &nbsp; En el marco del 12 junio, D\u00eda Mundial\u00a0contra el Trabajo Infantil, te recomendamos este #JuevesdeCineySeries\u00a0la pel\u00edcula \u00abLos Herederos\u00bb del cineasta mexicano Eugenio Polgovsky. A trav\u00e9s de la lente de Polgovsky, se narra la realidad del trabajo infantil en M\u00e9xico, como consecuencia de la pobreza que viven millones de personas en el [&hellip;]<\/p>\n","protected":false},"author":26,"featured_media":27716,"comment_status":"open","ping_status":"open","sticky":false,"template":"","format":"standard","meta":{"_jetpack_memberships_contains_paid_content":false,"footnotes":""},"categories":[982,3,56,18,32,10],"tags":[4076,1622,236,1620,1621,872,211],"class_list":["post-27714","post","type-post","status-publish","format-standard","has-post-thumbnail","hentry","category-juevesdecineyseries","category-canal-1-tu-aula","category-cine","category-educacion-y-cultura","category-entradas","category-lo-mas-reciente","tag-cine","tag-eugenio-polgovsky","tag-infantil","tag-jueves","tag-los-herederos","tag-series","tag-trabajo"],"jetpack_featured_media_url":"http:\/\/www.eloriente.net\/home\/wp-content\/uploads\/2014\/06\/Los_Herederos_Cartel.jpg","jetpack_sharing_enabled":true,"_links":{"self":[{"href":"http:\/\/www.eloriente.net\/home\/wp-json\/wp\/v2\/posts\/27714"}],"collection":[{"href":"http:\/\/www.eloriente.net\/home\/wp-json\/wp\/v2\/posts"}],"about":[{"href":"http:\/\/www.eloriente.net\/home\/wp-json\/wp\/v2\/types\/post"}],"author":[{"embeddable":true,"href":"http:\/\/www.eloriente.net\/home\/wp-json\/wp\/v2\/users\/26"}],"replies":[{"embeddable":true,"href":"http:\/\/www.eloriente.net\/home\/wp-json\/wp\/v2\/comments?post=27714"}],"version-history":[{"count":5,"href":"http:\/\/www.eloriente.net\/home\/wp-json\/wp\/v2\/posts\/27714\/revisions"}],"predecessor-version":[{"id":27722,"href":"http:\/\/www.eloriente.net\/home\/wp-json\/wp\/v2\/posts\/27714\/revisions\/27722"}],"wp:featuredmedia":[{"embeddable":true,"href":"http:\/\/www.eloriente.net\/home\/wp-json\/wp\/v2\/media\/27716"}],"wp:attachment":[{"href":"http:\/\/www.eloriente.net\/home\/wp-json\/wp\/v2\/media?parent=27714"}],"wp:term":[{"taxonomy":"category","embeddable":true,"href":"http:\/\/www.eloriente.net\/home\/wp-json\/wp\/v2\/categories?post=27714"},{"taxonomy":"post_tag","embeddable":true,"href":"http:\/\/www.eloriente.net\/home\/wp-json\/wp\/v2\/tags?post=27714"}],"curies":[{"name":"wp","href":"https:\/\/api.w.org\/{rel}","templated":true}]}}