{"id":27772,"date":"2014-06-13T13:02:27","date_gmt":"2014-06-13T19:02:27","guid":{"rendered":"http:\/\/www.eloriente.net\/home\/?p=27772"},"modified":"2014-06-13T16:17:25","modified_gmt":"2014-06-13T22:17:25","slug":"viernesdefelicidad-mexico-gana-contra-camerun","status":"publish","type":"post","link":"http:\/\/www.eloriente.net\/home\/2014\/06\/13\/viernesdefelicidad-mexico-gana-contra-camerun\/","title":{"rendered":"#ViernesdeFelicidad M\u00e9xico gana contra Camer\u00fan"},"content":{"rendered":"<p>eloriente.net<\/p>\n<p>13\/junio\/2014<\/p>\n<p>Luego de que cayera el gol en el primer partido de la Selecci\u00f3n Mexicana de la Copa Mundial de F\u00fatbol, Brasil 2014, en contra del equipo de Camer\u00fan, las reacciones de felicidad por la anotaci\u00f3n de Oribe Peralta no se dejaron esperar.<\/p>\n<p>&nbsp;<\/p>\n<blockquote class=\"twitter-tweet\" lang=\"es\"><p>Se la rifaron los chavos, dejaron el alma en la cancha. Ahora a pensar en el siguiente partido.<\/p>\n<p>\u2014 Miguel Herrera (@MiguelHerreraDT) <a href=\"https:\/\/twitter.com\/MiguelHerreraDT\/statuses\/477512697827704832\">junio 13, 2014<\/a><\/p><\/blockquote>\n<p>&nbsp;<\/p>\n<blockquote class=\"twitter-tweet\" lang=\"es\"><p>\u00c9PICA celebraci\u00f3n de Miguel Herrera <a href=\"https:\/\/t.co\/v3TvALEq1C\">https:\/\/t.co\/v3TvALEq1C<\/a> [V\u00eda <a href=\"https:\/\/twitter.com\/FASfootball\">@FASFootball<\/a>]<\/p>\n<p>\u2014 F\u00fatbol (@Futbool_Fotos) <a href=\"https:\/\/twitter.com\/Futbool_Fotos\/statuses\/477504922444124163\">junio 13, 2014<\/a><\/p><\/blockquote>\n<p>&nbsp;<\/p>\n<blockquote class=\"twitter-tweet\" lang=\"es\"><p>Los jugadores de M\u00e9xico celebrando el gol. \u00a1Gran foto! <a href=\"http:\/\/t.co\/rzM82PCHhZ\">pic.twitter.com\/rzM82PCHhZ<\/a><\/p>\n<p>\u2014 F\u00fatbol (@Futbool_Fotos) <a href=\"https:\/\/twitter.com\/Futbool_Fotos\/statuses\/477506745670303744\">junio 13, 2014<\/a><\/p><\/blockquote>\n<p>&nbsp;<\/p>\n<blockquote class=\"twitter-tweet\" lang=\"es\"><p><a href=\"http:\/\/t.co\/LnpDMYmpz7\">pic.twitter.com\/LnpDMYmpz7<\/a><\/p>\n<p>\u2014 F\u00fatbol (@Futbool_Fotos) <a href=\"https:\/\/twitter.com\/Futbool_Fotos\/statuses\/477499921416060928\">junio 13, 2014<\/a><\/p><\/blockquote>\n<p>&nbsp;<\/p>\n<p><a href=\"http:\/\/www.eloriente.net\/home\/wp-content\/uploads\/2014\/06\/Rafa-Marquez-Por-FIFA.jpg\" target=\"_blank\"><img loading=\"lazy\" decoding=\"async\" style=\"-webkit-user-select: none; cursor: -webkit-zoom-in;\" src=\"http:\/\/www.eloriente.net\/home\/wp-content\/uploads\/2014\/06\/Rafa-Marquez-Por-FIFA.jpg\" alt=\"\" width=\"502\" height=\"334\" \/><\/a><\/p>\n<p>Foto: FIFA<\/p>\n<p>&nbsp;<\/p>\n<p><a href=\"http:\/\/www.eloriente.net\/home\/wp-content\/uploads\/2014\/06\/Oribe-Peralta-Por-FIFA1.jpg\"><img loading=\"lazy\" decoding=\"async\" class=\"alignnone  wp-image-27782\" title=\"Oribe Peralta-Por FIFA\" src=\"http:\/\/www.eloriente.net\/home\/wp-content\/uploads\/2014\/06\/Oribe-Peralta-Por-FIFA1-1024x737.jpg\" alt=\"\" width=\"498\" height=\"358\" srcset=\"http:\/\/www.eloriente.net\/home\/wp-content\/uploads\/2014\/06\/Oribe-Peralta-Por-FIFA1-1024x737.jpg 1024w, http:\/\/www.eloriente.net\/home\/wp-content\/uploads\/2014\/06\/Oribe-Peralta-Por-FIFA1-300x215.jpg 300w, http:\/\/www.eloriente.net\/home\/wp-content\/uploads\/2014\/06\/Oribe-Peralta-Por-FIFA1.jpg 2048w\" sizes=\"(max-width: 498px) 100vw, 498px\" \/><\/a><\/p>\n<p>Foto: FIFA<\/p>\n<p>&nbsp;<\/p>\n<blockquote class=\"twitter-tweet\" lang=\"es\"><p><a href=\"https:\/\/twitter.com\/search?q=%23FOTO&amp;src=hash\">#FOTO<\/a>: El Presidente <a href=\"https:\/\/twitter.com\/EPN\">@EPN<\/a> y miembros de su Gabinete festejaron el triunfo de <a href=\"https:\/\/twitter.com\/miseleccionmx\">@miseleccionmx<\/a> <a href=\"http:\/\/t.co\/chNU3HvHSu\">pic.twitter.com\/chNU3HvHSu<\/a><\/p>\n<p>&nbsp;<\/p>\n<p>\u2014 REFORMACOM (@REFORMACOM) <a href=\"https:\/\/twitter.com\/REFORMACOM\/statuses\/477559707159101440\">junio 13, 2014<\/a><\/p><\/blockquote>\n<p>&nbsp;<\/p>\n<blockquote class=\"twitter-tweet\" lang=\"es\"><p>As\u00ed se juega, <a href=\"https:\/\/twitter.com\/miseleccionmx\">@miseleccionmx<\/a>. \u00a1Viva M\u00e9xico! Felicidades <a href=\"https:\/\/twitter.com\/search?q=%23YaCreo&amp;src=hash\">#YaCreo<\/a><\/p>\n<p>\u2014 Enrique Pe\u00f1a Nieto (@EPN) <a href=\"https:\/\/twitter.com\/EPN\/statuses\/477512108817399808\">junio 13, 2014<\/a><\/p><\/blockquote>\n<p>&nbsp;<\/p>\n<blockquote class=\"twitter-tweet\" lang=\"es\"><p>La afici\u00f3n mexicana celebra en el \u00c1ngel de la Independencia <a href=\"https:\/\/t.co\/PMobMbcLhu\">https:\/\/t.co\/PMobMbcLhu<\/a><\/p>\n<p>\u2014 Javier Carmona (@jcarmona_) <a href=\"https:\/\/twitter.com\/jcarmona_\/statuses\/477526861816545280\">junio 13, 2014<\/a><\/p><\/blockquote>\n<p>&nbsp;<\/p>\n<p>&nbsp;<\/p>\n<p><strong>Entradas relacionadas:<\/strong><\/p>\n<p><a title=\"Permalink to Video: Psicolog\u00eda positiva, la ciencia de la felicidad\" href=\"http:\/\/www.eloriente.net\/home\/2014\/06\/06\/video-psicologia-positiva-la-ciencia-de-la-felicidad\/\" rel=\"bookmark\">Video: Psicolog\u00eda positiva, la ciencia de la felicidad<\/a><\/p>\n<p><a href=\"http:\/\/www.eloriente.net\/home\/2014\/06\/06\/video-psicologia-positiva-la-ciencia-de-la-felicidad\/\" rel=\"bookmark\"><img decoding=\"async\" title=\"Video: Psicolog\u00eda positiva, la ciencia de la felicidad\" src=\"http:\/\/www.eloriente.net\/home\/wp-content\/themes\/city-desk\/timthumb.php?src=http%3A%2F%2Fwww.eloriente.net%2Fhome%2Fwp-content%2Fuploads%2F2014%2F06%2FTal-Ben-Shahar-Por-Harvard-Magazine.jpg&amp;q=90&amp;w=160&amp;h=106&amp;zc=1\" alt=\"Video: Psicolog\u00eda positiva, la ciencia de la felicidad\" \/><\/a><\/p>\n<p>eloriente.net 6\/junio\/2014 A trav\u00e9s de su conferencia magistral, el Dr. Tal Ben-Shahar, profesor de la Universidad de Harvard, comparte sus conocimientos en su \u00e1rea de especializaci\u00f3n, la psicolog\u00eda positiva, considerada como la ciencia de la felicidad. Tal Ben-Shahar es autor del best seller\u00a0internacional\u00a0Happier and Being Happy, libro que ha sido traducidos a m\u00e1s de 25 [&#8230;]<\/p>\n<p>June 6, 2014<\/p>\n<div id=\"post-27328\">\n<p><a title=\"Permalink to Pierre-Auguste Renoir, el pintor de la alegr\u00eda #ViernesdeFelicidad\" href=\"http:\/\/www.eloriente.net\/home\/2014\/06\/06\/renoir-el-pintor-de-la-alegria-viernesdefelicidad\/\" rel=\"bookmark\">Pierre-Auguste Renoir, el pintor de la alegr\u00eda #ViernesdeFelicidad<\/a><\/p>\n<p><a href=\"http:\/\/www.eloriente.net\/home\/2014\/06\/06\/renoir-el-pintor-de-la-alegria-viernesdefelicidad\/\" rel=\"bookmark\"><img decoding=\"async\" title=\"Pierre-Auguste Renoir, el pintor de la alegr\u00eda #ViernesdeFelicidad\" src=\"http:\/\/www.eloriente.net\/home\/wp-content\/themes\/city-desk\/timthumb.php?src=http%3A%2F%2Fwww.eloriente.net%2Fhome%2Fwp-content%2Fuploads%2F2014%2F06%2FPrincipal-pinturas.jpg&amp;q=90&amp;w=160&amp;h=106&amp;zc=1\" alt=\"Pierre-Auguste Renoir, el pintor de la alegr\u00eda #ViernesdeFelicidad\" \/><\/a><\/p>\n<p>eloriente.net 6\/junio\/2014 \u201cTrabajar con amor es el secreto de la felicidad\u201d Pierre-Auguste Renoir Considerado como el pintor de la alegr\u00eda y la felicidad, Pierre-Auguste Renoir es uno de los artistas m\u00e1s importantes en la historia del arte y en la experimentaci\u00f3n modernista. Nacido en Limoges, en el centro de Francia, en el a\u00f1o 1841, en [&#8230;]<\/p>\n<p>June 6, 2014<\/p>\n<\/div>\n<div id=\"post-27298\">\n<p><a title=\"Permalink to 8 razones de la felicidad en Dinamarca #ViernesdeFelicidad\" href=\"http:\/\/www.eloriente.net\/home\/2014\/06\/06\/8-razones-de-la-felicidad-en-dinamarca-viernesdefelicidad\/\" rel=\"bookmark\">8 razones de la felicidad en Dinamarca #ViernesdeFelicidad<\/a><\/p>\n<p><a href=\"http:\/\/www.eloriente.net\/home\/2014\/06\/06\/8-razones-de-la-felicidad-en-dinamarca-viernesdefelicidad\/\" rel=\"bookmark\"><img decoding=\"async\" title=\"8 razones de la felicidad en Dinamarca #ViernesdeFelicidad\" src=\"http:\/\/www.eloriente.net\/home\/wp-content\/themes\/city-desk\/timthumb.php?src=http%3A%2F%2Fwww.eloriente.net%2Fhome%2Fwp-content%2Fuploads%2F2014%2F06%2FThe-Happy-Danes.jpg&amp;q=90&amp;w=160&amp;h=106&amp;zc=1\" alt=\"8 razones de la felicidad en Dinamarca #ViernesdeFelicidad\" \/><\/a><\/p>\n<p>eloriente.net 6\/junio\/2014 Dinamarca es considerado como el pa\u00eds m\u00e1s feliz del mundo, seg\u00fan el m\u00e1s reciente Informe Mundial de la Felicidad\u00a0de la Organizaci\u00f3n de las Naciones Unidas en 2013. Con base en lo anterior, el Instituto de Investigaci\u00f3n de la Felicidad (Happiness Research Institute) con sede en Copenhague\u00a0explica a trav\u00e9s de su informe \u201cEl dan\u00e9s [&#8230;]<\/p>\n<p>June 6, 2014<\/p>\n<\/div>\n\n\t\t\t  <div \n\t\t\t  \tclass = \"fb-comments\" \n\t\t\t  \tdata-href = \"http:\/\/www.eloriente.net\/home\/2014\/06\/13\/viernesdefelicidad-mexico-gana-contra-camerun\/\"\n\t\t\t  \tdata-numposts = \"10\"\n\t\t\t\tdata-colorscheme = \"dark\"\n\t\t\t\tdata-order-by = \"social\"\n\t\t\t\tdata-mobile=true>\n\t\t\t  <\/div>\n\t\t  <style>\n\t\t\t.fb_iframe_widget_fluid_desktop iframe {\n\t\t\t    width: 100% !important;\n\t\t\t}\n\t\t  <\/style>\n\t\t  ","protected":false},"excerpt":{"rendered":"<p>eloriente.net 13\/junio\/2014 Luego de que cayera el gol en el primer partido de la Selecci\u00f3n Mexicana de la Copa Mundial de F\u00fatbol, Brasil 2014, en contra del equipo de Camer\u00fan, las reacciones de felicidad por la anotaci\u00f3n de Oribe Peralta no se dejaron esperar. &nbsp; Se la rifaron los chavos, dejaron el alma en la [&hellip;]<\/p>\n","protected":false},"author":26,"featured_media":27782,"comment_status":"open","ping_status":"open","sticky":false,"template":"","format":"standard","meta":{"_jetpack_memberships_contains_paid_content":false,"footnotes":""},"categories":[245,15,32,10],"tags":[1324,1161,1006,141,1641,749,1642],"class_list":["post-27772","post","type-post","status-publish","format-standard","has-post-thumbnail","hentry","category-brasil-2014","category-deportes","category-entradas","category-lo-mas-reciente","tag-brasil-2014-2","tag-camerun","tag-felicidad","tag-mexico","tag-oribe-peralta","tag-partido","tag-triunfo"],"jetpack_featured_media_url":"http:\/\/www.eloriente.net\/home\/wp-content\/uploads\/2014\/06\/Oribe-Peralta-Por-FIFA1.jpg","jetpack_sharing_enabled":true,"_links":{"self":[{"href":"http:\/\/www.eloriente.net\/home\/wp-json\/wp\/v2\/posts\/27772"}],"collection":[{"href":"http:\/\/www.eloriente.net\/home\/wp-json\/wp\/v2\/posts"}],"about":[{"href":"http:\/\/www.eloriente.net\/home\/wp-json\/wp\/v2\/types\/post"}],"author":[{"embeddable":true,"href":"http:\/\/www.eloriente.net\/home\/wp-json\/wp\/v2\/users\/26"}],"replies":[{"embeddable":true,"href":"http:\/\/www.eloriente.net\/home\/wp-json\/wp\/v2\/comments?post=27772"}],"version-history":[{"count":17,"href":"http:\/\/www.eloriente.net\/home\/wp-json\/wp\/v2\/posts\/27772\/revisions"}],"predecessor-version":[{"id":27796,"href":"http:\/\/www.eloriente.net\/home\/wp-json\/wp\/v2\/posts\/27772\/revisions\/27796"}],"wp:featuredmedia":[{"embeddable":true,"href":"http:\/\/www.eloriente.net\/home\/wp-json\/wp\/v2\/media\/27782"}],"wp:attachment":[{"href":"http:\/\/www.eloriente.net\/home\/wp-json\/wp\/v2\/media?parent=27772"}],"wp:term":[{"taxonomy":"category","embeddable":true,"href":"http:\/\/www.eloriente.net\/home\/wp-json\/wp\/v2\/categories?post=27772"},{"taxonomy":"post_tag","embeddable":true,"href":"http:\/\/www.eloriente.net\/home\/wp-json\/wp\/v2\/tags?post=27772"}],"curies":[{"name":"wp","href":"https:\/\/api.w.org\/{rel}","templated":true}]}}