{"id":27841,"date":"2014-06-14T12:05:58","date_gmt":"2014-06-14T18:05:58","guid":{"rendered":"http:\/\/www.eloriente.net\/home\/?p=27841"},"modified":"2014-06-14T12:05:58","modified_gmt":"2014-06-14T18:05:58","slug":"establece-oaxaca-y-japon-intercambio-cultural-y-turistico","status":"publish","type":"post","link":"http:\/\/www.eloriente.net\/home\/2014\/06\/14\/establece-oaxaca-y-japon-intercambio-cultural-y-turistico\/","title":{"rendered":"Establece Oaxaca y Jap\u00f3n intercambio cultural y tur\u00edstico"},"content":{"rendered":"<p>eloriente.net<\/p>\n<p>14\/junio\/2014<\/p>\n<p>Con la finalidad de aumentar el n\u00famero de visitantes japoneses a Oaxaca, el gobernador del estado Gabino Cu\u00e9 Monteagudo mantuvo una reuni\u00f3n de trabajo con el Ministro de la Embajada de Jap\u00f3n en M\u00e9xico, Hiroshi Yamauchi, para establecer un programa de intercambio en materia cultural y tur\u00edstica.<\/p>\n<p>El mandatario oaxaque\u00f1o expres\u00f3 su entusiasmo por este acuerdo, debido a la riqueza cultural, tur\u00edstica y gastron\u00f3mica de ambos territorios, lo cual permitir\u00e1 generar fuentes de empleo y una importante derrama econ\u00f3mica. Adem\u00e1s, ser\u00e1 una gran oportunidad para dar a conocer la cultura tanto del pueblo de Oaxaca como la de Jap\u00f3n, sostuvo.<\/p>\n<p>Por su parte, el tambi\u00e9n representante del embajador japon\u00e9s en M\u00e9xico, Shuichiro Megata, indic\u00f3 que\u00a0este convenio tiene como objetivo fortalecer lazos con el estado de Oaxaca. \u201cCreemos que hay una buena oportunidad para promocionar el turismo entre este pa\u00eds y el estado de Oaxaca\u201d, coment\u00f3.<\/p>\n<p>Asimismo, asegur\u00f3 que a los viajeros japoneses les resulta muy interesante la cultura, la diversidad natural y el patrimonio arquitect\u00f3nico de la entidad oaxaque\u00f1a.\u00a0\u201cPor estas razones acordamos trabajar con el Gobierno de Oaxaca y dejamos abierta la posibilidad de colaborar en otros rubros\u201d, afirm\u00f3.<\/p>\n<p>En la reuni\u00f3n estuvieron presentes\u00a0el Secretario de las Cultura y Artes de Oaxaca, Francisco Mart\u00ednez Neri y del Jefe de la Oficina de la Gubernatura, Enrique Pacheco Mart\u00ednez; as\u00ed como el Primer Secretario de Asuntos Pol\u00edticos de la Embajada de Jap\u00f3n en M\u00e9xico, Kenya Uno y el T\u00e9cnico Administrativo, Yoshitsugo Komatsuzaki.<\/p>\n<p>Este encuentro se dio en el marco de los 400 a\u00f1os de relaci\u00f3n diplom\u00e1tica entre Jap\u00f3n y M\u00e9xico.<\/p>\n<p>&nbsp;<\/p>\n<p><a href=\"http:\/\/www.eloriente.net\/home\/wp-content\/uploads\/2014\/06\/Oaxaca-Jap\u00f3n-turismo-Por-GobOax.jpg\"><img loading=\"lazy\" decoding=\"async\" class=\"alignnone size-medium wp-image-27843\" title=\"Oaxaca Jap\u00f3n turismo-Por GobOax\" src=\"http:\/\/www.eloriente.net\/home\/wp-content\/uploads\/2014\/06\/Oaxaca-Jap\u00f3n-turismo-Por-GobOax-300x200.jpg\" alt=\"\" width=\"300\" height=\"200\" srcset=\"http:\/\/www.eloriente.net\/home\/wp-content\/uploads\/2014\/06\/Oaxaca-Jap\u00f3n-turismo-Por-GobOax-300x200.jpg 300w, http:\/\/www.eloriente.net\/home\/wp-content\/uploads\/2014\/06\/Oaxaca-Jap\u00f3n-turismo-Por-GobOax.jpg 1024w\" sizes=\"(max-width: 300px) 100vw, 300px\" \/><\/a><\/p>\n<p>Foto:\u00a0<a href=\"https:\/\/www.flickr.com\/photos\/goboax\/\">GobOax<\/a><\/p>\n<p>&nbsp;<\/p>\n<p><strong>Entradas relacio<\/strong><strong>nadas:<\/strong><\/p>\n<p><a title=\"Permalink to Ratifican hermanamiento entre Oaxaca de Ju\u00e1rez y Palo Alto, California\" href=\"http:\/\/www.eloriente.net\/home\/2014\/06\/14\/ratifican-hermanamiento-entre-oaxaca-de-juarez-y-palo-alto-california\/\" rel=\"bookmark\">Ratifican hermanamiento entre Oaxaca de Ju\u00e1rez y Palo Alto, California<\/a><\/p>\n<p><a href=\"http:\/\/www.eloriente.net\/home\/2014\/06\/14\/ratifican-hermanamiento-entre-oaxaca-de-juarez-y-palo-alto-california\/\" rel=\"bookmark\"><img decoding=\"async\" title=\"Ratifican hermanamiento entre Oaxaca de Ju\u00e1rez y Palo Alto, California\" src=\"http:\/\/www.eloriente.net\/home\/wp-content\/themes\/city-desk\/timthumb.php?src=http%3A%2F%2Fwww.eloriente.net%2Fhome%2Fwp-content%2Fuploads%2F2014%2F06%2FHermanamiento-Por-Municipio.jpg&amp;q=90&amp;w=160&amp;h=106&amp;zc=1\" alt=\"Ratifican hermanamiento entre Oaxaca de Ju\u00e1rez y Palo Alto, California\" \/><\/a><\/p>\n<p>eloriente.net\/Municipio de Oaxaca 14\/junio\/2014 En sesi\u00f3n solemne de cabildo, el Presidente Municipal de Oaxaca de Ju\u00e1rez, Javier Villaca\u00f1a Jim\u00e9nez y la alcaldesa de la ciudad de Palo Alto, California, Nancy Sheperd, ratificaron y prorrogaron por 50 a\u00f1os m\u00e1s el hermanamiento y la suma fraterna de voluntades entre ambas poblaciones. El sal\u00f3n Porfirio D\u00edaz Mori del [&#8230;]<\/p>\n<p>June 14, 2014<\/p>\n<div id=\"post-27729\">\n<p><a title=\"Permalink to La ciudad \u2018guelaguizada\u2019, un art\u00edculo de \u00c9dgar Hern\u00e1ndez\" href=\"http:\/\/www.eloriente.net\/home\/2014\/06\/12\/la-ciudad-guelaguizada-un-articulo-de-edgar-hernandez\/\" rel=\"bookmark\">La ciudad \u2018guelaguizada\u2019, un art\u00edculo de \u00c9dgar Hern\u00e1ndez<\/a><\/p>\n<p><a href=\"http:\/\/www.eloriente.net\/home\/2014\/06\/12\/la-ciudad-guelaguizada-un-articulo-de-edgar-hernandez\/\" rel=\"bookmark\"><img decoding=\"async\" title=\"La ciudad \u2018guelaguizada\u2019, un art\u00edculo de \u00c9dgar Hern\u00e1ndez\" src=\"http:\/\/www.eloriente.net\/home\/wp-content\/themes\/city-desk\/timthumb.php?src=http%3A%2F%2Fwww.eloriente.net%2Fhome%2Fwp-content%2Fuploads%2F2013%2F02%2Falgunos-derechos-reservados-phylevn-ciudad-de-oaxaca.jpg&amp;q=90&amp;w=160&amp;h=106&amp;zc=1\" alt=\"La ciudad \u2018guelaguizada\u2019, un art\u00edculo de \u00c9dgar Hern\u00e1ndez\" \/><\/a><\/p>\n<p>eloriente.net 12 de junio de 2014 La ciudad guelaguizada Por: \u00c9dgar Hern\u00e1ndez Cruz* Se manifiesta como algo evidente: la Guelaguetza es un fen\u00f3meno citadino. Resulta dif\u00edcil encontrar en los pueblos originarios \u2014en la sierra mazateca, en la costa chatina, en las monta\u00f1as mixes o en el istmo zapoteco\u2014 una reproducci\u00f3n anual de algo as\u00ed como [&#8230;]<\/p>\n<p>June 12, 2014<\/p>\n<p><a title=\"Permalink to Anuncian presencia cultural y gastron\u00f3mica de Oaxaca en M\u00e9rida\" href=\"http:\/\/www.eloriente.net\/home\/2014\/06\/03\/anuncian-presencia-cultural-y-gastronomica-de-oaxaca-en-merida\/\" rel=\"bookmark\">Anuncian presencia cultural y gastron\u00f3mica de Oaxaca en M\u00e9rida<\/a><\/p>\n<p><a href=\"http:\/\/www.eloriente.net\/home\/2014\/06\/03\/anuncian-presencia-cultural-y-gastronomica-de-oaxaca-en-merida\/\" rel=\"bookmark\"><img decoding=\"async\" title=\"Anuncian presencia cultural y gastron\u00f3mica de Oaxaca en M\u00e9rida\" src=\"http:\/\/www.eloriente.net\/home\/wp-content\/themes\/city-desk\/timthumb.php?src=http%3A%2F%2Fwww.eloriente.net%2Fhome%2Fwp-content%2Fuploads%2F2014%2F06%2FPresencia-de-Oaxaca-en-M%C3%A9rida.jpg&amp;q=90&amp;w=160&amp;h=106&amp;zc=1\" alt=\"Anuncian presencia cultural y gastron\u00f3mica de Oaxaca en M\u00e9rida\" \/><\/a><\/p>\n<p>eloriente.net 3\/junio\/2014 Con el objetivo de promover y difundir las costumbres y folklore de Oaxaca, la Fundaci\u00f3n Cultural Xquendal\u00fa y el Patronato Oaxaque\u00f1o de Cultura Popular, en coordinaci\u00f3n con la Secretar\u00eda de Desarrollo Econ\u00f3mico del municipio de Oaxaca de Ju\u00e1rez, anunciaron que del 6 al 22 de junio se realizar\u00e1 la muestra cultural y gastron\u00f3mica [&#8230;]<\/p>\n<p>June 3, 2014<\/p>\n<\/div>\n\n\t\t\t  <div \n\t\t\t  \tclass = \"fb-comments\" \n\t\t\t  \tdata-href = \"http:\/\/www.eloriente.net\/home\/2014\/06\/14\/establece-oaxaca-y-japon-intercambio-cultural-y-turistico\/\"\n\t\t\t  \tdata-numposts = \"10\"\n\t\t\t\tdata-colorscheme = \"dark\"\n\t\t\t\tdata-order-by = \"social\"\n\t\t\t\tdata-mobile=true>\n\t\t\t  <\/div>\n\t\t  <style>\n\t\t\t.fb_iframe_widget_fluid_desktop iframe {\n\t\t\t    width: 100% !important;\n\t\t\t}\n\t\t  <\/style>\n\t\t  ","protected":false},"excerpt":{"rendered":"<p>eloriente.net 14\/junio\/2014 Con la finalidad de aumentar el n\u00famero de visitantes japoneses a Oaxaca, el gobernador del estado Gabino Cu\u00e9 Monteagudo mantuvo una reuni\u00f3n de trabajo con el Ministro de la Embajada de Jap\u00f3n en M\u00e9xico, Hiroshi Yamauchi, para establecer un programa de intercambio en materia cultural y tur\u00edstica. El mandatario oaxaque\u00f1o expres\u00f3 su entusiasmo [&hellip;]<\/p>\n","protected":false},"author":26,"featured_media":27843,"comment_status":"open","ping_status":"open","sticky":false,"template":"","format":"standard","meta":{"_jetpack_memberships_contains_paid_content":false,"footnotes":""},"categories":[32,63,10,464,21,19],"tags":[285,241,252,277,354,73,109],"class_list":["post-27841","post","type-post","status-publish","format-standard","has-post-thumbnail","hentry","category-entradas","category-estados","category-lo-mas-reciente","category-oaxaca-estados","category-politica-y-gobierno","category-turismo-y-negocios","tag-convenio","tag-cultura","tag-economia","tag-gobierno","tag-japon","tag-oaxaca","tag-turismo"],"jetpack_featured_media_url":"http:\/\/www.eloriente.net\/home\/wp-content\/uploads\/2014\/06\/Oaxaca-Jap\u00f3n-turismo-Por-GobOax.jpg","jetpack_sharing_enabled":true,"_links":{"self":[{"href":"http:\/\/www.eloriente.net\/home\/wp-json\/wp\/v2\/posts\/27841"}],"collection":[{"href":"http:\/\/www.eloriente.net\/home\/wp-json\/wp\/v2\/posts"}],"about":[{"href":"http:\/\/www.eloriente.net\/home\/wp-json\/wp\/v2\/types\/post"}],"author":[{"embeddable":true,"href":"http:\/\/www.eloriente.net\/home\/wp-json\/wp\/v2\/users\/26"}],"replies":[{"embeddable":true,"href":"http:\/\/www.eloriente.net\/home\/wp-json\/wp\/v2\/comments?post=27841"}],"version-history":[{"count":7,"href":"http:\/\/www.eloriente.net\/home\/wp-json\/wp\/v2\/posts\/27841\/revisions"}],"predecessor-version":[{"id":27850,"href":"http:\/\/www.eloriente.net\/home\/wp-json\/wp\/v2\/posts\/27841\/revisions\/27850"}],"wp:featuredmedia":[{"embeddable":true,"href":"http:\/\/www.eloriente.net\/home\/wp-json\/wp\/v2\/media\/27843"}],"wp:attachment":[{"href":"http:\/\/www.eloriente.net\/home\/wp-json\/wp\/v2\/media?parent=27841"}],"wp:term":[{"taxonomy":"category","embeddable":true,"href":"http:\/\/www.eloriente.net\/home\/wp-json\/wp\/v2\/categories?post=27841"},{"taxonomy":"post_tag","embeddable":true,"href":"http:\/\/www.eloriente.net\/home\/wp-json\/wp\/v2\/tags?post=27841"}],"curies":[{"name":"wp","href":"https:\/\/api.w.org\/{rel}","templated":true}]}}