{"id":27851,"date":"2014-06-15T10:19:24","date_gmt":"2014-06-15T16:19:24","guid":{"rendered":"http:\/\/www.eloriente.net\/home\/?p=27851"},"modified":"2014-06-15T23:56:16","modified_gmt":"2014-06-16T05:56:16","slug":"15jun14-en-vivo-elecciones-presidenciales-en-colombia","status":"publish","type":"post","link":"http:\/\/www.eloriente.net\/home\/2014\/06\/15\/15jun14-en-vivo-elecciones-presidenciales-en-colombia\/","title":{"rendered":"15\/Jun\/14 En Vivo: Elecciones presidenciales en Colombia"},"content":{"rendered":"<p>eloriente.net<\/p>\n<p>15 de junio de 2014<\/p>\n<p>La segunda vuelta de las elecciones presidenciales 2014 se realiza este d\u00eda en Colombia, en la cual se elegir\u00e1 mandatario para los pr\u00f3ximos cuatro a\u00f1os.<\/p>\n<p>Como es habitual en ELORIENTE.NET, los d\u00edas de elecci\u00f3n procuramos enlazarte la transmisi\u00f3n de diversos medios nacionales para que, de maner puntual, puedas dar seguimiento a los comicios, desde su preparaci\u00f3n y su desarrollo, hasta los resultados finales.<\/p>\n<p>A continuaci\u00f3n la se\u00f1al de diversos medios:<\/p>\n<p>NTN24:<\/p>\n<p><iframe loading=\"lazy\" src=\"\/\/www.youtube.com\/embed\/flH-K44grWs\" frameborder=\"0\" width=\"560\" height=\"315\"><\/iframe><\/p>\n<p>&nbsp;<\/p>\n<p><a href=\"http:\/\/www.eloriente.net\/home\/wp-content\/uploads\/2014\/06\/Bandera-Colombia-Algunos-derechos-reservados-por-Ministerio-TIC-Colombia.jpg\"><img loading=\"lazy\" decoding=\"async\" class=\"alignnone size-medium wp-image-27852\" title=\"Bandera Colombia Algunos derechos reservados por Ministerio TIC Colombia\" src=\"http:\/\/www.eloriente.net\/home\/wp-content\/uploads\/2014\/06\/Bandera-Colombia-Algunos-derechos-reservados-por-Ministerio-TIC-Colombia-300x200.jpg\" alt=\"\" width=\"300\" height=\"200\" srcset=\"http:\/\/www.eloriente.net\/home\/wp-content\/uploads\/2014\/06\/Bandera-Colombia-Algunos-derechos-reservados-por-Ministerio-TIC-Colombia-300x200.jpg 300w, http:\/\/www.eloriente.net\/home\/wp-content\/uploads\/2014\/06\/Bandera-Colombia-Algunos-derechos-reservados-por-Ministerio-TIC-Colombia.jpg 1000w\" sizes=\"(max-width: 300px) 100vw, 300px\" \/><\/a><\/p>\n<p>Imagen: <a title=\"Attribution License\" href=\"https:\/\/creativecommons.org\/licenses\/by\/2.0\/\">Algunos derechos reservados<\/a> por <a href=\"https:\/\/www.flickr.com\/photos\/ministerio_tic\/\">Ministerio TIC Colombi<\/a><\/p>\n<p>&nbsp;<\/p>\n<p><strong>OTRAS ENTRADAS:<\/strong><\/p>\n<p><a title=\"Permalink to 9\/Jun\/14 Segundo debate Presidencial Santos-Zuluaga, desde Colombia\" href=\"http:\/\/www.eloriente.net\/home\/2014\/06\/09\/9jun14-segundo-debate-presidencial-santos-zuluaga-desde-colombia\/\" rel=\"bookmark\">9\/Jun\/14 Segundo debate Presidencial Santos-Zuluaga, desde Colombia<\/a><\/p>\n<p><a href=\"http:\/\/www.eloriente.net\/home\/2014\/06\/09\/9jun14-segundo-debate-presidencial-santos-zuluaga-desde-colombia\/\" rel=\"bookmark\"><img decoding=\"async\" title=\"9\/Jun\/14 Segundo debate Presidencial Santos-Zuluaga, desde Colombia\" src=\"http:\/\/www.eloriente.net\/home\/wp-content\/themes\/city-desk\/timthumb.php?src=http%3A%2F%2Fwww.eloriente.net%2Fhome%2Fwp-content%2Fuploads%2F2014%2F06%2FCATEDRAL-BOGOTA%CC%81-Algunos-derechos-reservados-por-szeke.jpg&amp;q=90&amp;w=160&amp;h=106&amp;zc=1\" alt=\"9\/Jun\/14 Segundo debate Presidencial Santos-Zuluaga, desde Colombia\" \/><\/a><\/p>\n<p>eloriente.net\/ELTIEMPO.COM 9 de junio de 2014 (Video a partir de 1:14) EL TIEMPO de Colombia es el medio que este d\u00eda tendr\u00e1 en vivo el segundo y definitivo debate entre los aspirantes a la presidencia de Colombia: \u00d3scar Iv\u00e1n Zuluaga del Centro Democr\u00e1tico y Juan Manuel Santos de Unidad Nacional. Para el p\u00fablico de M\u00e9xico, [&#8230;]<\/p>\n<p id=\"post-27524\">June 9, 2014<\/p>\n<p id=\"post-27494\"><a title=\"Permalink to Consulta aqu\u00ed calendario de elecciones 2014-2015\" href=\"http:\/\/www.eloriente.net\/home\/2014\/06\/09\/consulta-aqui-calendario-de-elecciones-2014-2015\/\" rel=\"bookmark\">Consulta aqu\u00ed calendario de elecciones 2014-2015<\/a><\/p>\n<address><a href=\"http:\/\/www.eloriente.net\/home\/2014\/06\/09\/consulta-aqui-calendario-de-elecciones-2014-2015\/\" rel=\"bookmark\"><img decoding=\"async\" title=\"Consulta aqu\u00ed calendario de elecciones 2014-2015\" src=\"http:\/\/www.eloriente.net\/home\/wp-content\/themes\/city-desk\/timthumb.php?src=http%3A%2F%2Fwww.eloriente.net%2Fhome%2Fwp-content%2Fuploads%2F2014%2F06%2FVoto-Por-Wikimedia.jpg&amp;q=90&amp;w=160&amp;h=106&amp;zc=1\" alt=\"Consulta aqu\u00ed calendario de elecciones 2014-2015\" \/><\/a><\/address>\n<p>eloriente.net 9\/junio\/2014 Durante el primer domingo del pr\u00f3ximo mes de julio, ciudadanos de los estados de Coahuila, Nayarit y Puebla elegir\u00e1n mediante su derecho al voto a sus representantes locales, dando fin a las comicios electorales del a\u00f1o 2014. Por su parte, en 2015, 17 estados de la Rep\u00fablica celebrar\u00e1n elecciones populares para nombrar a [&#8230;]<\/p>\n<p id=\"post-27494\">June 9, 2014<\/p>\n<p><a title=\"Permalink to Video: Debate presidencial Colombia: Santos-Zuluaga, por Caracol\" href=\"http:\/\/www.eloriente.net\/home\/2014\/06\/06\/video-debate-presidencial-colombia-santos-zuloaga-por-caracol\/\" rel=\"bookmark\">Video: Debate presidencial Colombia: Santos-Zuluaga, por Caracol<\/a><\/p>\n<p><a href=\"http:\/\/www.eloriente.net\/home\/2014\/06\/06\/video-debate-presidencial-colombia-santos-zuloaga-por-caracol\/\" rel=\"bookmark\"><img decoding=\"async\" title=\"Video: Debate presidencial Colombia: Santos-Zuluaga, por Caracol\" src=\"http:\/\/www.eloriente.net\/home\/wp-content\/themes\/city-desk\/timthumb.php?src=http%3A%2F%2Fwww.eloriente.net%2Fhome%2Fwp-content%2Fuploads%2F2014%2F06%2FCaptura-de-pantalla-2014-06-06-a-las-14.14.58.png&amp;q=90&amp;w=160&amp;h=106&amp;zc=1\" alt=\"Video: Debate presidencial Colombia: Santos-Zuluaga, por Caracol\" \/><\/a><\/p>\n<p>eloriente.net 6 de junio de 2014 \u00d3scar Iv\u00e1n Zuluaga del Centro Democr\u00e1tico y Juan Manuel Santos de Unidad Nacional, se encontraron ayer en la cadena televisiva Caracol para efectuar un debate rumbo a la elecci\u00f3n presidencial del 15 de junio pr\u00f3ximo. Ambos candidatos se enfrentan en segunda vuelta, as\u00ed que el domingo 15 deber\u00e1 declararse [&#8230;]<\/p>\n<p>June 6, 2014<\/p>\n\n\t\t\t  <div \n\t\t\t  \tclass = \"fb-comments\" \n\t\t\t  \tdata-href = \"http:\/\/www.eloriente.net\/home\/2014\/06\/15\/15jun14-en-vivo-elecciones-presidenciales-en-colombia\/\"\n\t\t\t  \tdata-numposts = \"10\"\n\t\t\t\tdata-colorscheme = \"dark\"\n\t\t\t\tdata-order-by = \"social\"\n\t\t\t\tdata-mobile=true>\n\t\t\t  <\/div>\n\t\t  <style>\n\t\t\t.fb_iframe_widget_fluid_desktop iframe {\n\t\t\t    width: 100% !important;\n\t\t\t}\n\t\t  <\/style>\n\t\t  ","protected":false},"excerpt":{"rendered":"<p>eloriente.net 15 de junio de 2014 La segunda vuelta de las elecciones presidenciales 2014 se realiza este d\u00eda en Colombia, en la cual se elegir\u00e1 mandatario para los pr\u00f3ximos cuatro a\u00f1os. Como es habitual en ELORIENTE.NET, los d\u00edas de elecci\u00f3n procuramos enlazarte la transmisi\u00f3n de diversos medios nacionales para que, de maner puntual, puedas dar [&hellip;]<\/p>\n","protected":false},"author":1,"featured_media":27852,"comment_status":"open","ping_status":"open","sticky":false,"template":"","format":"standard","meta":{"_jetpack_memberships_contains_paid_content":false,"footnotes":""},"categories":[4,32,13,24,31],"tags":[1657,1653,369,1655,1656,1654,1658],"class_list":["post-27851","post","type-post","status-publish","format-standard","has-post-thumbnail","hentry","category-canal-2-en-vivo","category-entradas","category-especiales","category-mexico-y-el-mundo","category-principal","tag-alvaro-uribe","tag-colombia","tag-elecciones-2","tag-juan-manuel-santos","tag-oscar-ivan-zuluaga","tag-presidenciales","tag-sudamerica"],"jetpack_featured_media_url":"http:\/\/www.eloriente.net\/home\/wp-content\/uploads\/2014\/06\/Bandera-Colombia-Algunos-derechos-reservados-por-Ministerio-TIC-Colombia.jpg","jetpack_sharing_enabled":true,"_links":{"self":[{"href":"http:\/\/www.eloriente.net\/home\/wp-json\/wp\/v2\/posts\/27851"}],"collection":[{"href":"http:\/\/www.eloriente.net\/home\/wp-json\/wp\/v2\/posts"}],"about":[{"href":"http:\/\/www.eloriente.net\/home\/wp-json\/wp\/v2\/types\/post"}],"author":[{"embeddable":true,"href":"http:\/\/www.eloriente.net\/home\/wp-json\/wp\/v2\/users\/1"}],"replies":[{"embeddable":true,"href":"http:\/\/www.eloriente.net\/home\/wp-json\/wp\/v2\/comments?post=27851"}],"version-history":[{"count":4,"href":"http:\/\/www.eloriente.net\/home\/wp-json\/wp\/v2\/posts\/27851\/revisions"}],"predecessor-version":[{"id":27854,"href":"http:\/\/www.eloriente.net\/home\/wp-json\/wp\/v2\/posts\/27851\/revisions\/27854"}],"wp:featuredmedia":[{"embeddable":true,"href":"http:\/\/www.eloriente.net\/home\/wp-json\/wp\/v2\/media\/27852"}],"wp:attachment":[{"href":"http:\/\/www.eloriente.net\/home\/wp-json\/wp\/v2\/media?parent=27851"}],"wp:term":[{"taxonomy":"category","embeddable":true,"href":"http:\/\/www.eloriente.net\/home\/wp-json\/wp\/v2\/categories?post=27851"},{"taxonomy":"post_tag","embeddable":true,"href":"http:\/\/www.eloriente.net\/home\/wp-json\/wp\/v2\/tags?post=27851"}],"curies":[{"name":"wp","href":"https:\/\/api.w.org\/{rel}","templated":true}]}}