{"id":28060,"date":"2014-06-20T01:00:35","date_gmt":"2014-06-20T07:00:35","guid":{"rendered":"http:\/\/www.eloriente.net\/home\/?p=28060"},"modified":"2014-06-21T02:08:15","modified_gmt":"2014-06-21T08:08:15","slug":"redes-sociales-modas-y-desordenes-alimenticios","status":"publish","type":"post","link":"http:\/\/www.eloriente.net\/home\/2014\/06\/20\/redes-sociales-modas-y-desordenes-alimenticios\/","title":{"rendered":"Redes sociales, modas y des\u00f3rdenes alimenticios"},"content":{"rendered":"<p>eloriente.net<\/p>\n<p>20\/junio\/2014<\/p>\n<p style=\"text-align: right;\">Por: Rub\u00e9n Gonz\u00e1lez*<\/p>\n<p><img loading=\"lazy\" decoding=\"async\" style=\"cursor: -webkit-zoom-in;\" src=\"http:\/\/www.eloriente.net\/home\/wp-content\/uploads\/2014\/06\/RUBEN-GONZ%C3%81LEZ.jpg\" alt=\"\" width=\"160\" height=\"217\" \/><\/p>\n<p>&nbsp;<\/p>\n<p><strong>Redes sociales, modas y des\u00f3rdenes alimenticios<\/strong><\/p>\n<p>Las adolescentes que estudian en preparatorias privadas podr\u00edan ser m\u00e1s proclives a sufrir des\u00f3rdenes alimenticios que las que asisten a escuelas p\u00fablicas, puesto que tienen un mayor conocimiento de y una opini\u00f3n m\u00e1s favorable hacia las modas del <em>Bikini Bridge<\/em> (BB) y <em>Thigh Gap<\/em> (TG), revela una investigaci\u00f3n realizada por alumnos del Tecnol\u00f3gico de Monterrey, Campus Puebla.<\/p>\n<p>Ambos t\u00e9rminos se refieren a \u201cselfies\u201d (fotos que las personas se toman a s\u00ed mismas con sus dispositivos m\u00f3viles) y que son compartidas en sus cuentas de Facebook, Instagram y Twitter, entre otras redes sociales. El <em>Bikini Bridge<\/em> significa literalmente el \u201cpuente del bikini\u201d y representa el \u201cpuente\u201d que se forma entre los huesos de la cadera, en medio del cual hay un espacio entre la parte inferior del abdomen y el traje de ba\u00f1o o ropa interior. Por su parte, la traducci\u00f3n literal de <em>Thigh Gap<\/em> es \u201chueco entre los muslos\u201d; mismo que se forma cuando existe una separaci\u00f3n de al menos dos cent\u00edmetros entre los muslos cuando las piernas est\u00e1n juntas. Asimismo, tanto uno como el otro est\u00e1n directamente vinculados con los des\u00f3rdenes alimenticios, puesto que para que se generen tales espacios es necesario que la persona sea muy delgada.<\/p>\n<p>Debido a que tanto el BB como el TG son uno de los muchos fen\u00f3menos viralizados por las redes sociales, estudiantes de la Licenciatura en Ciencias de la Comunicaci\u00f3n indagaron el nivel de conocimiento, opini\u00f3n y pr\u00e1ctica de dichas modas entre las j\u00f3venes. Para lo cual, aplicaron una encuesta a 115 alumnas en dos preparatorias p\u00fablicas y dos privadas; cuyo cuestionario incluy\u00f3 31 preguntas enfocadas en cuatro aspectos: Consumo de internet, concepto de belleza femenina y conocimiento del BB y TG.<\/p>\n<p>En el estudio realizado para la materia Seminario de Investigaci\u00f3n en Comunicaci\u00f3n, se destaca que entre las preparatorias p\u00fablicas y privadas existe una coincidencia en cuanto al consumo de internet y el est\u00e1ndar de belleza femenina. Por lo que respecta a lo primero, los resultados indican que el 92% de las adolescentes poblanas usan diariamente internet. En cuanto al uso que le dan, los resultados indican que el 92.17% lo utiliza para socializar, hacer tareas (71.3%), buscar informaci\u00f3n o bajar m\u00fasica\/videos (ambos con 46.09%). Relacionado con lo anterior, las p\u00e1ginas que m\u00e1s frecuentan son redes sociales (95.65%), sitios de m\u00fasica y videos (65.22%) y p\u00e1ginas de medios de comunicaci\u00f3n (53.48%).<\/p>\n<p>El otro punto de coincidencia tiene que ver con el concepto de belleza femenina, el cual \u2013 seg\u00fan las encuestadas \u2013 est\u00e1 representado por una mujer cuya altura oscile ente el 1.51 y 1.70 metros (72%); con cabello rubio o casta\u00f1o (28% y 41%, respectivamente); de piel blanca o bronceada (36% y 34%, respectivamente); y cuya talla de jeans sea chica o mediana (44% y 40%, respectivamente). Es decir, para las j\u00f3venes poblanas la imagen ideal de una mujer se acerca al tipo anglosaj\u00f3n: Alta, blanca, rubia y delgada.<\/p>\n<p>Por el contrario, al abordar el tema del BB y TG, los resultados dan un giro y la homogeneidad anterior se pierde. Y es que el nivel de conocimiento de ambas modas es significativamente diferente entre las estudiantes de escuelas p\u00fablicas y privadas. Para el BB, el \u00edndice es 41.07% en las primeras y 81.35% en las segundas; mientras que para el TG es 35.71% y 71.18% respectivamente. En otras palabras, para ambos casos la relaci\u00f3n es casi de dos a uno; o sea es pr\u00e1cticamente el doble de chicas de preparatorias de paga que conocen dichas tendencias, en comparaci\u00f3n con las de instituciones de gobierno.<\/p>\n<p>Sin embargo, la divergencia no se da solamente en qu\u00e9 tanto conocen tales fen\u00f3menos, sino tambi\u00e9n en la opini\u00f3n que tienen de \u00e9stos. En las escuelas privadas, las encuestadas calificaron al BB como la moda (27.08%) o algo divertido (12.05%); pero en las p\u00fablicas dijeron que es la moda (43.48%) o que es preocupante (17.39%). En cuanto al TG, las opiniones en las privadas se enfocaron en que es la moda (21.43%) o divertida (14.29%); mientras que en las p\u00fablicas oscilaron entre que es preocupante (45%) o algo est\u00fapido (40%).<\/p>\n<p>En ese sentido, tambi\u00e9n se les pregunt\u00f3 si conoc\u00edan a alguien que practicara estas modas y la tendencia volvi\u00f3 a ser similar: En las privadas, el 35% dijo conocer a alguien que practica el TG y 52% el BB, pero en las p\u00fablicas los resultados fueron 10% y 39% respectivamente.<\/p>\n<p>Finalmente, al indagar si las mismas informantes practicaban alguna de estas modas, las respuestas afirmativas fueron pocas, pero \u2013 a diferencia de los tres puntos anteriores &#8211; la tendencia volvi\u00f3 a igualarse: En ninguna escuela las adolescentes reconocieron practicar el TG de forma personal, pero en ambas instituciones algunas estudiantes aceptaron que ten\u00edan BB (15% en privadas y 10% en p\u00fablicas).<\/p>\n<p>La conclusi\u00f3n principal que se desprende de este estudio es que las adolescentes poblanas que estudian en bachilleratos privados tienen un mayor conocimiento del <em>Bikini Bridge<\/em> y <em>Thigh Gap<\/em> que las de los p\u00fablicos. Si bien conocimiento y opini\u00f3n no son sin\u00f3nimos, es m\u00e1s f\u00e1cil que las primeras tengan una opini\u00f3n m\u00e1s favorable a estas modas que las segundas, precisamente porque est\u00e1n m\u00e1s familiarizadas con ellas.<\/p>\n<p>De tal suerte que un mayor conocimiento y una mejor opini\u00f3n pueden permitir la pr\u00e1ctica de ambas tendencias, lo cual result\u00f3 evidente al menos en el n\u00famero de personas que las encuestadas conocen y que practican tanto el BB como el TG. Aunque de forma personal muy pocas chicas reconocieron que los practicaban, es m\u00e1s probable seguir una moda cuando en su c\u00edrculo de amigas hay quienes ya lo hacen. Por tanto, en comparaci\u00f3n con las j\u00f3venes de las escuelas p\u00fablicas, las que estudian en preparatorias privadas podr\u00edan llegar a ser un blanco m\u00e1s f\u00e1cil de los des\u00f3rdenes alimenticios.<\/p>\n<p>&nbsp;<\/p>\n<p><a href=\"http:\/\/www.eloriente.net\/home\/wp-content\/uploads\/2014\/06\/Redes-sociales-Por-keirstenmarie.jpg\"><img loading=\"lazy\" decoding=\"async\" class=\"alignnone size-medium wp-image-28061\" src=\"http:\/\/www.eloriente.net\/home\/wp-content\/uploads\/2014\/06\/Redes-sociales-Por-keirstenmarie-300x225.jpg\" alt=\"\" width=\"300\" height=\"225\" srcset=\"http:\/\/www.eloriente.net\/home\/wp-content\/uploads\/2014\/06\/Redes-sociales-Por-keirstenmarie-300x225.jpg 300w, http:\/\/www.eloriente.net\/home\/wp-content\/uploads\/2014\/06\/Redes-sociales-Por-keirstenmarie.jpg 789w\" sizes=\"(max-width: 300px) 100vw, 300px\" \/><\/a><\/p>\n<p>Foto:\u00a0<a href=\"https:\/\/www.flickr.com\/photos\/starsalive\/\">keirstenmarie<\/a><\/p>\n<p>&nbsp;<\/p>\n<hr align=\"left\" size=\"1\" width=\"33%\" \/>\n<div>\n<p><em>*<\/em><em>Periodista, docente e investigador. Es licenciado en Ciencias de la Comunicaci\u00f3n y maestro en Comunicaci\u00f3n por la Universidad Vasco de Quiroga (Morelia, Mich.). Asimismo, es doctor (PhD) en Estudios de la Comunicaci\u00f3n por la Universidad de Leeds (Reino Unido). Ha sido reportero, editor y jefe de investigaci\u00f3n en el peri\u00f3dico La Voz de Michoac\u00e1n. Su trabajo acad\u00e9mico ha sido presentado y publicado tanto en M\u00e9xico como en Europa y Sudam\u00e9rica. Actualmente es profesor de tiempo completo en el Departamento de Mercadotecnia y Comunicaci\u00f3n del Tecnol\u00f3gico de Monterrey, Campus Puebla. Asimismo, es articulista invitado en diferentes publicaciones digitales e impresas, tales como e-consulta.com y Revista L\u00edder Puebla.<\/em><\/p>\n<\/div>\n<p>&nbsp;<\/p>\n<p><strong>Entradas relacionadas:<\/strong><\/p>\n<p><a href=\"http:\/\/www.eloriente.net\/home\/2014\/06\/13\/palindromo-de-gobierno\/\">Pal\u00edndromo de gobierno<br \/>\n<\/a><\/p>\n<p><strong><a href=\"http:\/\/www.eloriente.net\/home\/2014\/06\/13\/palindromo-de-gobierno\/\" rel=\"bookmark\"><img decoding=\"async\" src=\"http:\/\/www.eloriente.net\/home\/wp-content\/themes\/city-desk\/timthumb.php?src=http%3A%2F%2Fwww.eloriente.net%2Fhome%2Fwp-content%2Fuploads%2F2014%2F05%2FRefiner%C3%ADa-Por-Petr%C3%B3leos-Mexicanos.jpg&amp;q=90&amp;w=160&amp;h=106&amp;zc=1\" alt=\"Pal\u00edndromo de gobierno\" \/><\/a><\/strong><\/p>\n<p>eloriente.net 13\/junio\/2014 Por: Said R. Casolco* \u00a0 Pal\u00edndromo* de gobierno Esperemos que con todo este entorno de cambios y disrupciones, no s\u00f3lo se conviertan en aquellas lecturas que si las lees de izquierda a derecha, o de derecha a izquierda, siempre resulta lo mismo. A qu\u00e9 nos referimos: al momento hist\u00f3rico para que pueda ser [&#8230;]<\/p>\n<p>June 13, 2014<\/p>\n<p><a href=\"http:\/\/www.eloriente.net\/home\/2014\/05\/30\/lo-que-debes-saber-de-la-reforma-fiscal\/\" target=\"_blank\">Lo que debes saber de la reforma fiscal<br \/>\n<\/a><\/p>\n<div>\n<p><a href=\"http:\/\/www.eloriente.net\/home\/2014\/05\/30\/lo-que-debes-saber-de-la-reforma-fiscal\/\" rel=\"bookmark\"><img decoding=\"async\" src=\"http:\/\/www.eloriente.net\/home\/wp-content\/themes\/city-desk\/timthumb.php?src=http%3A%2F%2Fwww.eloriente.net%2Fhome%2Fwp-content%2Fuploads%2F2014%2F05%2FMtra.-Adriana-de-la-Rosa-Mart%C3%ADnez-Catedr%C3%A1tica-de-la-Escuela-de-Negocios-y-Estrategia-del-Departamento-de-Economia-y-Finanzas-del-Tecnol%C3%B3gico-de-Monterrey-Campus-Puebla.jpg&amp;q=90&amp;w=160&amp;h=106&amp;zc=1\" alt=\"Lo que debes saber de la reforma fiscal\" \/><\/a><\/p>\n<p>eloriente.net 30\/mayo\/2014 Por: Evelyn Zamora Ram\u00edrez* Despu\u00e9s del ya comenzado r\u00e9gimen de incorporaci\u00f3n de la reforma fiscal el 1 de enero del 2014 \u00a0ya es necesario que las personas f\u00edsicas que tengan actividad empresarial con un ingreso menor a los 2 millones de pesos anuales declaren bimestralmente sus movimientos financieros, con impuestos que van m\u00e1s [&#8230;]<\/p>\n<p>May 30, 2014<\/p>\n<p><a href=\"http:\/\/www.eloriente.net\/home\/2014\/05\/26\/marketing-digital-una-nueva-experiencia\/\" target=\"_blank\">Marketing digital una nueva experiencia<br \/>\n<\/a><\/p>\n<\/div>\n<div>\n<p><a href=\"http:\/\/www.eloriente.net\/home\/2014\/05\/26\/marketing-digital-una-nueva-experiencia\/\" rel=\"bookmark\"><img decoding=\"async\" src=\"http:\/\/www.eloriente.net\/home\/wp-content\/themes\/city-desk\/timthumb.php?src=http%3A%2F%2Fwww.eloriente.net%2Fhome%2Fwp-content%2Fuploads%2F2014%2F05%2FInternet-Alejandro-Pinto.jpg&amp;q=90&amp;w=160&amp;h=106&amp;zc=1\" alt=\"Marketing digital una nueva experiencia\" \/><\/a><\/p>\n<p>eloriente.net 26 de mayo de 2014 Por: Helga Lissette Ochoa C\u00e1ceres* \u00a0 Marketing digital una nueva experiencia Philip Kotler dice \u201cSer digital es m\u00e1s que ser una empresa en internet, es aprovechar los medios digitales para posicionar una marca\u201d, \u00faltimamente he escuchado que las marcas morir\u00e1n si no hacen marketing digital, empezar\u00e9 por decir que [&#8230;]<\/p>\n<p>May 26, 2014<\/p>\n<\/div>\n\n\t\t\t  <div \n\t\t\t  \tclass = \"fb-comments\" \n\t\t\t  \tdata-href = \"http:\/\/www.eloriente.net\/home\/2014\/06\/20\/redes-sociales-modas-y-desordenes-alimenticios\/\"\n\t\t\t  \tdata-numposts = \"10\"\n\t\t\t\tdata-colorscheme = \"dark\"\n\t\t\t\tdata-order-by = \"social\"\n\t\t\t\tdata-mobile=true>\n\t\t\t  <\/div>\n\t\t  <style>\n\t\t\t.fb_iframe_widget_fluid_desktop iframe {\n\t\t\t    width: 100% !important;\n\t\t\t}\n\t\t  <\/style>\n\t\t  ","protected":false},"excerpt":{"rendered":"<p>eloriente.net 20\/junio\/2014 Por: Rub\u00e9n Gonz\u00e1lez* &nbsp; Redes sociales, modas y des\u00f3rdenes alimenticios Las adolescentes que estudian en preparatorias privadas podr\u00edan ser m\u00e1s proclives a sufrir des\u00f3rdenes alimenticios que las que asisten a escuelas p\u00fablicas, puesto que tienen un mayor conocimiento de y una opini\u00f3n m\u00e1s favorable hacia las modas del Bikini Bridge (BB) y Thigh [&hellip;]<\/p>\n","protected":false},"author":28,"featured_media":28061,"comment_status":"open","ping_status":"open","sticky":false,"template":"","format":"standard","meta":{"_jetpack_memberships_contains_paid_content":false,"footnotes":""},"categories":[11,32,10,30,17,530],"tags":[1384,1697,1696,230,1695,1569,229],"class_list":["post-28060","post","type-post","status-publish","format-standard","has-post-thumbnail","hentry","category-colaboradores","category-entradas","category-lo-mas-reciente","category-salud","category-tecnologia","category-tecnologico-de-monterrey","tag-alimentacion","tag-comportamiento","tag-desorden","tag-internet","tag-moda","tag-psicologia","tag-redes-sociales"],"jetpack_featured_media_url":"http:\/\/www.eloriente.net\/home\/wp-content\/uploads\/2014\/06\/Redes-sociales-Por-keirstenmarie.jpg","jetpack_sharing_enabled":true,"_links":{"self":[{"href":"http:\/\/www.eloriente.net\/home\/wp-json\/wp\/v2\/posts\/28060"}],"collection":[{"href":"http:\/\/www.eloriente.net\/home\/wp-json\/wp\/v2\/posts"}],"about":[{"href":"http:\/\/www.eloriente.net\/home\/wp-json\/wp\/v2\/types\/post"}],"author":[{"embeddable":true,"href":"http:\/\/www.eloriente.net\/home\/wp-json\/wp\/v2\/users\/28"}],"replies":[{"embeddable":true,"href":"http:\/\/www.eloriente.net\/home\/wp-json\/wp\/v2\/comments?post=28060"}],"version-history":[{"count":5,"href":"http:\/\/www.eloriente.net\/home\/wp-json\/wp\/v2\/posts\/28060\/revisions"}],"predecessor-version":[{"id":28066,"href":"http:\/\/www.eloriente.net\/home\/wp-json\/wp\/v2\/posts\/28060\/revisions\/28066"}],"wp:featuredmedia":[{"embeddable":true,"href":"http:\/\/www.eloriente.net\/home\/wp-json\/wp\/v2\/media\/28061"}],"wp:attachment":[{"href":"http:\/\/www.eloriente.net\/home\/wp-json\/wp\/v2\/media?parent=28060"}],"wp:term":[{"taxonomy":"category","embeddable":true,"href":"http:\/\/www.eloriente.net\/home\/wp-json\/wp\/v2\/categories?post=28060"},{"taxonomy":"post_tag","embeddable":true,"href":"http:\/\/www.eloriente.net\/home\/wp-json\/wp\/v2\/tags?post=28060"}],"curies":[{"name":"wp","href":"https:\/\/api.w.org\/{rel}","templated":true}]}}