{"id":28127,"date":"2014-06-20T03:00:00","date_gmt":"2014-06-20T09:00:00","guid":{"rendered":"http:\/\/www.eloriente.net\/home\/?p=28127"},"modified":"2014-06-19T18:47:17","modified_gmt":"2014-06-20T00:47:17","slug":"consulta-aqui-libro-rendicion-de-cuentas-social-en-mexico","status":"publish","type":"post","link":"http:\/\/www.eloriente.net\/home\/2014\/06\/20\/consulta-aqui-libro-rendicion-de-cuentas-social-en-mexico\/","title":{"rendered":"Consulta aqu\u00ed libro \u00abRendici\u00f3n de cuentas social en M\u00e9xico\u00bb"},"content":{"rendered":"<p>eloriente.net<\/p>\n<p>20\/junio\/2014<\/p>\n<p>El Gobierno del Estado de Oaxaca, a trav\u00e9s de la Secretar\u00eda de la Controlar\u00eda y la Transparencia Gubernamental, invita a la ciudadan\u00eda en general a la presentaci\u00f3n del libro \u00abRendici\u00f3n de cuentas social en M\u00e9xico: evaluaci\u00f3n y control desde la sociedad civil\u00bb, el cual se llevar\u00e1 a cabo hoy 20 de junio a las 20:00 horas en Sal\u00f3n Gobernadores del Palacio de Gobierno.<\/p>\n<p>El evento ser\u00e1 encabezado por el gobernador Gabino Cu\u00e9 Monteagudo; la Dra. Mar\u00eda Elena Morera Mitre, presidenta de la organizaci\u00f3n Causa en Com\u00fan; el Dr. Miguel Pulido Jim\u00e9nez, director ejecutivo de Fundar M\u00e9xico; y la Mtra. Justine Dupuy, investigadora de Fundar.<\/p>\n<p>Dicho texto bibliogr\u00e1fico contiene una serie de casos de \u00e9xito de la sociedad civil organizada\u00a0sobre la vigilancia, evaluaci\u00f3n y control a los gobiernos e instituciones p\u00fablicas en M\u00e9xico, principalmente en estados como Oaxaca, Zacatecas, Hidalgo, Puebla, Tlaxcala, Veracruz, entre otros.<\/p>\n<p>\u00abEs de celebrarse la publicaci\u00f3n de este libro, que plasma el sentido diverso y multiplicado de distintas organizaciones sociales decididas a tomar parte activa en la vida democr\u00e1tica del pa\u00eds. Que este recuento crezca y se consolide es, quiz\u00e1s, la mayor obligaci\u00f3n c\u00edvica de nuestro tiempo\u00bb, afirm\u00f3\u00a0Mauricio Merino Huerta, autor del pr\u00f3logo y profesor del\u00a0Centro de Investigaci\u00f3n y Docencia Econ\u00f3micas A.C. (CIDE).<\/p>\n<p>\u00abRendici\u00f3n de cuentas social en M\u00e9xico. Evaluaci\u00f3n y control desde la sociedad civil\u00bb fue editado por la Contralor\u00eda de Oaxaca en colaboraci\u00f3n con la Secretar\u00eda de la Funci\u00f3n P\u00fablica federal.<\/p>\n<p>Seg\u00fan el organismo estatal, el libro busca explorar los proyectos de contralor\u00eda social que est\u00e1 desarrollando la sociedad civil organizada en M\u00e9xico; as\u00ed como ser una fuente de consulta, de ideas e inspiraci\u00f3n que fomente el emprendimiento de acciones de evaluaci\u00f3n y control social independientes a nivel nacional, estatal y local.<\/p>\n<p>ELORIENTE.NET pone a tu disposici\u00f3n la versi\u00f3n digital del libro:<\/p>\n<p>&nbsp;<\/p>\n<div data-configid=\"5422719\/8324543\" style=\"width: 525px; height: 716px;\" class=\"issuuembed\"><\/div>\n<p><script type=\"text\/javascript\" src=\"\/\/e.issuu.com\/embed.js\" async=\"true\"><\/script><\/p>\n<p>&nbsp;<\/p>\n<p><a href=\"http:\/\/www.eloriente.net\/home\/wp-content\/uploads\/2014\/06\/Rendici\u00f3n-de-cuentas.jpg\"><img loading=\"lazy\" decoding=\"async\" class=\"alignnone size-medium wp-image-28136\" title=\"Rendici\u00f3n-de-cuentas\" src=\"http:\/\/www.eloriente.net\/home\/wp-content\/uploads\/2014\/06\/Rendici\u00f3n-de-cuentas-300x145.jpg\" alt=\"\" width=\"300\" height=\"145\" srcset=\"http:\/\/www.eloriente.net\/home\/wp-content\/uploads\/2014\/06\/Rendici\u00f3n-de-cuentas-300x145.jpg 300w, http:\/\/www.eloriente.net\/home\/wp-content\/uploads\/2014\/06\/Rendici\u00f3n-de-cuentas.jpg 1023w\" sizes=\"(max-width: 300px) 100vw, 300px\" \/><\/a><\/p>\n<p>&nbsp;<\/p>\n<p><strong>Entradas relacionadas:<\/strong><\/p>\n<p><a title=\"Permalink to Armonizaci\u00f3n educativa, va para ning\u00fan lado\" href=\"http:\/\/www.eloriente.net\/home\/2014\/06\/18\/armonizacion-educativa-va-para-ningun-lado\/\" rel=\"bookmark\">Armonizaci\u00f3n educativa, va para ning\u00fan lado<\/a><\/p>\n<p><a href=\"http:\/\/www.eloriente.net\/home\/2014\/06\/18\/armonizacion-educativa-va-para-ningun-lado\/\" rel=\"bookmark\"><img decoding=\"async\" title=\"Armonizaci\u00f3n educativa, va para ning\u00fan lado\" src=\"http:\/\/www.eloriente.net\/home\/wp-content\/themes\/city-desk\/timthumb.php?src=http%3A%2F%2Fwww.eloriente.net%2Fhome%2Fwp-content%2Fuploads%2F2014%2F06%2FMarchas-Por-Secci%C3%B3n-22.jpg&amp;q=90&amp;w=160&amp;h=106&amp;zc=1\" alt=\"Armonizaci\u00f3n educativa, va para ning\u00fan lado\" \/><\/a><\/p>\n<p>eloriente.net 18\/junio\/2014 Por: Adri\u00e1n Ortiz Romero Armonizaci\u00f3n educativa, va para ning\u00fan lado Congreso y Secci\u00f3n 22: el choque irremediable A pesar de los supuestos consensos iniciales, la Secci\u00f3n 22 del SNTE est\u00e1 enviando se\u00f1ales de lo que irremediablemente terminar\u00e1 ocurriendo: el rechazo a la iniciativa de Ley Estatal de Educaci\u00f3n, por no ajustarse incondicionalmente a [&#8230;]<\/p>\n<p>June 18, 2014<\/p>\n<p><a title=\"Permalink to La ciudad \u2018guelaguizada\u2019, un art\u00edculo de \u00c9dgar Hern\u00e1ndez\" href=\"http:\/\/www.eloriente.net\/home\/2014\/06\/12\/la-ciudad-guelaguizada-un-articulo-de-edgar-hernandez\/\" rel=\"bookmark\">La ciudad \u2018guelaguizada\u2019, un art\u00edculo de \u00c9dgar Hern\u00e1ndez<\/a><\/p>\n<p><a href=\"http:\/\/www.eloriente.net\/home\/2014\/06\/12\/la-ciudad-guelaguizada-un-articulo-de-edgar-hernandez\/\" rel=\"bookmark\"><img decoding=\"async\" title=\"La ciudad \u2018guelaguizada\u2019, un art\u00edculo de \u00c9dgar Hern\u00e1ndez\" src=\"http:\/\/www.eloriente.net\/home\/wp-content\/themes\/city-desk\/timthumb.php?src=http%3A%2F%2Fwww.eloriente.net%2Fhome%2Fwp-content%2Fuploads%2F2013%2F02%2Falgunos-derechos-reservados-phylevn-ciudad-de-oaxaca.jpg&amp;q=90&amp;w=160&amp;h=106&amp;zc=1\" alt=\"La ciudad \u2018guelaguizada\u2019, un art\u00edculo de \u00c9dgar Hern\u00e1ndez\" \/><\/a><\/p>\n<p>eloriente.net 12 de junio de 2014 La ciudad guelaguizada Por: \u00c9dgar Hern\u00e1ndez Cruz* Se manifiesta como algo evidente: la Guelaguetza es un fen\u00f3meno citadino. Resulta dif\u00edcil encontrar en los pueblos originarios \u2014en la sierra mazateca, en la costa chatina, en las monta\u00f1as mixes o en el istmo zapoteco\u2014 una reproducci\u00f3n anual de algo as\u00ed como [&#8230;]<\/p>\n<p>June 12, 2014<\/p>\n<p><a title=\"Permalink to Consulta aqu\u00ed calendario de elecciones 2014-2015\" href=\"http:\/\/www.eloriente.net\/home\/2014\/06\/09\/consulta-aqui-calendario-de-elecciones-2014-2015\/\" rel=\"bookmark\">Consulta aqu\u00ed calendario de elecciones 2014-2015<\/a><\/p>\n<p><a href=\"http:\/\/www.eloriente.net\/home\/2014\/06\/09\/consulta-aqui-calendario-de-elecciones-2014-2015\/\" rel=\"bookmark\"><img decoding=\"async\" title=\"Consulta aqu\u00ed calendario de elecciones 2014-2015\" src=\"http:\/\/www.eloriente.net\/home\/wp-content\/themes\/city-desk\/timthumb.php?src=http%3A%2F%2Fwww.eloriente.net%2Fhome%2Fwp-content%2Fuploads%2F2014%2F06%2FVoto-Por-Wikimedia.jpg&amp;q=90&amp;w=160&amp;h=106&amp;zc=1\" alt=\"Consulta aqu\u00ed calendario de elecciones 2014-2015\" \/><\/a><\/p>\n<p>eloriente.net 9\/junio\/2014 Durante el primer domingo del pr\u00f3ximo mes de julio, ciudadanos de los estados de Coahuila, Nayarit y Puebla elegir\u00e1n mediante su derecho al voto a sus representantes locales, dando fin a las comicios electorales del a\u00f1o 2014. Por su parte, en 2015, 17 estados de la Rep\u00fablica celebrar\u00e1n elecciones populares para nombrar a [&#8230;]<\/p>\n<p>June 9, 2014<\/p>\n\n\t\t\t  <div \n\t\t\t  \tclass = \"fb-comments\" \n\t\t\t  \tdata-href = \"http:\/\/www.eloriente.net\/home\/2014\/06\/20\/consulta-aqui-libro-rendicion-de-cuentas-social-en-mexico\/\"\n\t\t\t  \tdata-numposts = \"10\"\n\t\t\t\tdata-colorscheme = \"dark\"\n\t\t\t\tdata-order-by = \"social\"\n\t\t\t\tdata-mobile=true>\n\t\t\t  <\/div>\n\t\t  <style>\n\t\t\t.fb_iframe_widget_fluid_desktop iframe {\n\t\t\t    width: 100% !important;\n\t\t\t}\n\t\t  <\/style>\n\t\t  ","protected":false},"excerpt":{"rendered":"<p>eloriente.net 20\/junio\/2014 El Gobierno del Estado de Oaxaca, a trav\u00e9s de la Secretar\u00eda de la Controlar\u00eda y la Transparencia Gubernamental, invita a la ciudadan\u00eda en general a la presentaci\u00f3n del libro \u00abRendici\u00f3n de cuentas social en M\u00e9xico: evaluaci\u00f3n y control desde la sociedad civil\u00bb, el cual se llevar\u00e1 a cabo hoy 20 de junio a [&hellip;]<\/p>\n","protected":false},"author":26,"featured_media":28136,"comment_status":"open","ping_status":"open","sticky":false,"template":"","format":"standard","meta":{"_jetpack_memberships_contains_paid_content":false,"footnotes":""},"categories":[18,32,13,63,23,464,21],"tags":[168,670,234,277,651,1634,669],"class_list":["post-28127","post","type-post","status-publish","format-standard","has-post-thumbnail","hentry","category-educacion-y-cultura","category-entradas","category-especiales","category-estados","category-municipios","category-oaxaca-estados","category-politica-y-gobierno","tag-civil","tag-cuentas","tag-democracia","tag-gobierno","tag-libro","tag-organizacion","tag-rendicion"],"jetpack_featured_media_url":"http:\/\/www.eloriente.net\/home\/wp-content\/uploads\/2014\/06\/Rendici\u00f3n-de-cuentas.jpg","jetpack_sharing_enabled":true,"_links":{"self":[{"href":"http:\/\/www.eloriente.net\/home\/wp-json\/wp\/v2\/posts\/28127"}],"collection":[{"href":"http:\/\/www.eloriente.net\/home\/wp-json\/wp\/v2\/posts"}],"about":[{"href":"http:\/\/www.eloriente.net\/home\/wp-json\/wp\/v2\/types\/post"}],"author":[{"embeddable":true,"href":"http:\/\/www.eloriente.net\/home\/wp-json\/wp\/v2\/users\/26"}],"replies":[{"embeddable":true,"href":"http:\/\/www.eloriente.net\/home\/wp-json\/wp\/v2\/comments?post=28127"}],"version-history":[{"count":11,"href":"http:\/\/www.eloriente.net\/home\/wp-json\/wp\/v2\/posts\/28127\/revisions"}],"predecessor-version":[{"id":28144,"href":"http:\/\/www.eloriente.net\/home\/wp-json\/wp\/v2\/posts\/28127\/revisions\/28144"}],"wp:featuredmedia":[{"embeddable":true,"href":"http:\/\/www.eloriente.net\/home\/wp-json\/wp\/v2\/media\/28136"}],"wp:attachment":[{"href":"http:\/\/www.eloriente.net\/home\/wp-json\/wp\/v2\/media?parent=28127"}],"wp:term":[{"taxonomy":"category","embeddable":true,"href":"http:\/\/www.eloriente.net\/home\/wp-json\/wp\/v2\/categories?post=28127"},{"taxonomy":"post_tag","embeddable":true,"href":"http:\/\/www.eloriente.net\/home\/wp-json\/wp\/v2\/tags?post=28127"}],"curies":[{"name":"wp","href":"https:\/\/api.w.org\/{rel}","templated":true}]}}