{"id":28183,"date":"2014-06-21T12:46:36","date_gmt":"2014-06-21T18:46:36","guid":{"rendered":"http:\/\/www.eloriente.net\/home\/?p=28183"},"modified":"2014-06-21T12:48:34","modified_gmt":"2014-06-21T18:48:34","slug":"realizan-campana-turistica-de-mexico-en-copa-mundial","status":"publish","type":"post","link":"http:\/\/www.eloriente.net\/home\/2014\/06\/21\/realizan-campana-turistica-de-mexico-en-copa-mundial\/","title":{"rendered":"Realizan campa\u00f1a tur\u00edstica de M\u00e9xico en Copa Mundial"},"content":{"rendered":"<p>eloriente.net<\/p>\n<p>21\/junio\/2014<\/p>\n<p>Con el objetivo de atraer turistas extranjeros al pa\u00eds, la Secretar\u00eda de Turismo del gobierno federal implement\u00f3 una campa\u00f1a de promoci\u00f3n de M\u00e9xico en Brasil en el marco de la Copa Mundial de F\u00fatbol.<\/p>\n<p>De acuerdo con la secretar\u00eda, se aprovech\u00f3 esta oportunidad para generar presencia y recordaci\u00f3n de M\u00e9xico, ante ciudadanos brasile\u00f1os, visitantes extranjeros y periodistas internacionales; mostrando lo moderno, sofisticado y diverso del pa\u00eds.<\/p>\n<p>Asimismo, se\u00f1al\u00f3 que las estrategias est\u00e1n divididas en cuatro ejes de comunicaci\u00f3n: institucional a trav\u00e9s del video \u00abLive it to Believe it\u00bb; la exposici\u00f3n Mundo maya; promoci\u00f3n en el evento FIFA Fan Fest en R\u00edo de Janeiro; y la campa\u00f1a M\u00e9xico 70\u2013Brasil 2014.<\/p>\n<p>Respecto al video \u00abLive it to Believe it\u00bb, la secretar\u00eda indic\u00f3 que tiene una vigencia del 1 al 30 de junio, apoyando especificamente a los destinos de Vallarta, Canc\u00fan, Ciudad de M\u00e9xico, Los Cabos y a los estados de Chiapas y Yucat\u00e1n,\u00a0presente en los aeropuertos y principales centros comerciales de de Sao Paulo, R\u00edo de Janeiro y Recife.<\/p>\n<p>Con una pauta de medios digitales, la secretar\u00eda mencion\u00f3 se desarrolla Mundo maya con el prop\u00f3sito de generar tr\u00e1fico hacia la p\u00e1gina de internet visitmexico.com y a la p\u00e1gina de la exposici\u00f3n. Se realiza desde el 9 de junio y hasta el 24 de agosto en el Museo de la Oca, en Sao Paulo.<\/p>\n<p>Tambi\u00e9n, afirm\u00f3 que se cuenta con un pabell\u00f3n en el FIFA Fan Fest, donde se esperan\u00a0alrededor de 25 mil asistentes diarios y m\u00e1s de un mill\u00f3n durante el mundial.<\/p>\n<p>Finalmente, destac\u00f3 que la campa\u00f1a M\u00e9xico 70-Brasil 2014 es un recuento de lo mejor de la Copa del Mundo M\u00e9xico 70, donde Brasil result\u00f3 campe\u00f3n.<\/p>\n<p>&nbsp;<\/p>\n<p><a href=\"http:\/\/www.eloriente.net\/home\/wp-content\/uploads\/2014\/06\/M\u00e9xico-en-Brasil-Sectur.jpg\"><img loading=\"lazy\" decoding=\"async\" class=\"alignnone size-medium wp-image-28189\" title=\"M\u00e9xico en Brasil-Sectur\" src=\"http:\/\/www.eloriente.net\/home\/wp-content\/uploads\/2014\/06\/M\u00e9xico-en-Brasil-Sectur-300x198.jpg\" alt=\"\" width=\"300\" height=\"198\" srcset=\"http:\/\/www.eloriente.net\/home\/wp-content\/uploads\/2014\/06\/M\u00e9xico-en-Brasil-Sectur-300x198.jpg 300w, http:\/\/www.eloriente.net\/home\/wp-content\/uploads\/2014\/06\/M\u00e9xico-en-Brasil-Sectur.jpg 750w\" sizes=\"(max-width: 300px) 100vw, 300px\" \/><\/a><\/p>\n<p>Foto: Sectur<\/p>\n<p>&nbsp;<\/p>\n<p><strong>Entradas relacionadas:<\/strong><\/p>\n<p><a title=\"Permalink to Club de Dise\u00f1o de Producto Tur\u00edstico abre actividad\" href=\"http:\/\/www.eloriente.net\/home\/2014\/06\/18\/establecen-convenio-para-creacion-de-productos-turisticos\/\" rel=\"bookmark\">Club de Dise\u00f1o de Producto Tur\u00edstico abre actividad<\/a><\/p>\n<p><a href=\"http:\/\/www.eloriente.net\/home\/2014\/06\/18\/establecen-convenio-para-creacion-de-productos-turisticos\/\" rel=\"bookmark\"><img decoding=\"async\" title=\"Club de Dise\u00f1o de Producto Tur\u00edstico abre actividad\" src=\"http:\/\/www.eloriente.net\/home\/wp-content\/themes\/city-desk\/timthumb.php?src=http%3A%2F%2Fwww.eloriente.net%2Fhome%2Fwp-content%2Fuploads%2F2014%2F06%2FTurismo-Por-Municipio.jpg&amp;q=90&amp;w=160&amp;h=106&amp;zc=1\" alt=\"Club de Dise\u00f1o de Producto Tur\u00edstico abre actividad\" \/><\/a><\/p>\n<p>eloriente.net\/Municipio de Oaxaca 18\/junio\/2o14 Expertos en materia tur\u00edstica y cultural\u00a0de los \u00e1mbitos acad\u00e9mico, privado y gubernamental convocados por la Secretar\u00eda de Turismo del ayuntamiento de Oaxaca de Ju\u00e1rez firmaron un convenio de colaboraci\u00f3n para aumentar a partir del dise\u00f1o de productos tur\u00edsticos innovadores la afluencia de visitantes nacionales y extranjeros a la capital del estado. [&#8230;]<\/p>\n<p>June 18, 2014<\/p>\n<p><a title=\"Permalink to Guelaguetza ya tiene p\u00e1gina oficial\" href=\"http:\/\/www.eloriente.net\/home\/2014\/06\/17\/guelaguetza-ya-tiene-pagina-oficial\/\" rel=\"bookmark\">Guelaguetza ya tiene p\u00e1gina oficial<\/a><\/p>\n<p><a href=\"http:\/\/www.eloriente.net\/home\/2014\/06\/17\/guelaguetza-ya-tiene-pagina-oficial\/\" rel=\"bookmark\"><img decoding=\"async\" title=\"Guelaguetza ya tiene p\u00e1gina oficial\" src=\"http:\/\/www.eloriente.net\/home\/wp-content\/themes\/city-desk\/timthumb.php?src=http%3A%2F%2Fwww.eloriente.net%2Fhome%2Fwp-content%2Fuploads%2F2014%2F06%2FCartel-Guelaguetza-2014.jpg&amp;q=90&amp;w=160&amp;h=106&amp;zc=1\" alt=\"Guelaguetza ya tiene p\u00e1gina oficial\" \/><\/a><\/p>\n<p>eloriente.net 17 de junio de 2014 eloriente.net (Oaxaca, M\u00e9xico, a 17 de junio de 2014).- Con el dise\u00f1o central del cartel ganador de la imagen de la Guelaguetza 2014, autor\u00eda de Jos\u00e9 Edgar Velasco Santib\u00e1\u00f1ez, la Secretar\u00eda de Turismo de Oaxaca puso en l\u00ednea el micrositio oficial de la fiesta m\u00e1s significativa para el estado [&#8230;]<\/p>\n<p>June 17, 2014<\/p>\n<p><a title=\"Permalink to Establece Oaxaca y Jap\u00f3n intercambio cultural y tur\u00edstico\" href=\"http:\/\/www.eloriente.net\/home\/2014\/06\/14\/establece-oaxaca-y-japon-intercambio-cultural-y-turistico\/\" rel=\"bookmark\">Establece Oaxaca y Jap\u00f3n intercambio cultural y tur\u00edstico<\/a><\/p>\n<p><a href=\"http:\/\/www.eloriente.net\/home\/2014\/06\/14\/establece-oaxaca-y-japon-intercambio-cultural-y-turistico\/\" rel=\"bookmark\"><img decoding=\"async\" title=\"Establece Oaxaca y Jap\u00f3n intercambio cultural y tur\u00edstico\" src=\"http:\/\/www.eloriente.net\/home\/wp-content\/themes\/city-desk\/timthumb.php?src=http%3A%2F%2Fwww.eloriente.net%2Fhome%2Fwp-content%2Fuploads%2F2014%2F06%2FOaxaca-Jap%C3%B3n-turismo-Por-GobOax.jpg&amp;q=90&amp;w=160&amp;h=106&amp;zc=1\" alt=\"Establece Oaxaca y Jap\u00f3n intercambio cultural y tur\u00edstico\" \/><\/a><\/p>\n<p>eloriente.net 14\/junio\/2014 Con la finalidad de aumentar el n\u00famero de visitantes japoneses a Oaxaca, el gobernador del estado Gabino Cu\u00e9 Monteagudo mantuvo una reuni\u00f3n de trabajo con el Ministro de la Embajada de Jap\u00f3n en M\u00e9xico, Hiroshi Yamauchi, para establecer un programa de intercambio en materia cultural y tur\u00edstica. El mandatario oaxaque\u00f1o expres\u00f3 su entusiasmo [&#8230;]<\/p>\n<p>June 14, 2014<\/p>\n\n\t\t\t  <div \n\t\t\t  \tclass = \"fb-comments\" \n\t\t\t  \tdata-href = \"http:\/\/www.eloriente.net\/home\/2014\/06\/21\/realizan-campana-turistica-de-mexico-en-copa-mundial\/\"\n\t\t\t  \tdata-numposts = \"10\"\n\t\t\t\tdata-colorscheme = \"dark\"\n\t\t\t\tdata-order-by = \"social\"\n\t\t\t\tdata-mobile=true>\n\t\t\t  <\/div>\n\t\t  <style>\n\t\t\t.fb_iframe_widget_fluid_desktop iframe {\n\t\t\t    width: 100% !important;\n\t\t\t}\n\t\t  <\/style>\n\t\t  ","protected":false},"excerpt":{"rendered":"<p>eloriente.net 21\/junio\/2014 Con el objetivo de atraer turistas extranjeros al pa\u00eds, la Secretar\u00eda de Turismo del gobierno federal implement\u00f3 una campa\u00f1a de promoci\u00f3n de M\u00e9xico en Brasil en el marco de la Copa Mundial de F\u00fatbol. De acuerdo con la secretar\u00eda, se aprovech\u00f3 esta oportunidad para generar presencia y recordaci\u00f3n de M\u00e9xico, ante ciudadanos brasile\u00f1os, [&hellip;]<\/p>\n","protected":false},"author":26,"featured_media":28189,"comment_status":"open","ping_status":"open","sticky":false,"template":"","format":"standard","meta":{"_jetpack_memberships_contains_paid_content":false,"footnotes":""},"categories":[32,10,24,19],"tags":[1324,1714,1446,266,141,1715,109],"class_list":["post-28183","post","type-post","status-publish","format-standard","has-post-thumbnail","hentry","category-entradas","category-lo-mas-reciente","category-mexico-y-el-mundo","category-turismo-y-negocios","tag-brasil-2014-2","tag-copa-del-mundo","tag-estrategias","tag-futbol","tag-mexico","tag-pabellon","tag-turismo"],"jetpack_featured_media_url":"http:\/\/www.eloriente.net\/home\/wp-content\/uploads\/2014\/06\/M\u00e9xico-en-Brasil-Sectur.jpg","jetpack_sharing_enabled":true,"_links":{"self":[{"href":"http:\/\/www.eloriente.net\/home\/wp-json\/wp\/v2\/posts\/28183"}],"collection":[{"href":"http:\/\/www.eloriente.net\/home\/wp-json\/wp\/v2\/posts"}],"about":[{"href":"http:\/\/www.eloriente.net\/home\/wp-json\/wp\/v2\/types\/post"}],"author":[{"embeddable":true,"href":"http:\/\/www.eloriente.net\/home\/wp-json\/wp\/v2\/users\/26"}],"replies":[{"embeddable":true,"href":"http:\/\/www.eloriente.net\/home\/wp-json\/wp\/v2\/comments?post=28183"}],"version-history":[{"count":9,"href":"http:\/\/www.eloriente.net\/home\/wp-json\/wp\/v2\/posts\/28183\/revisions"}],"predecessor-version":[{"id":28192,"href":"http:\/\/www.eloriente.net\/home\/wp-json\/wp\/v2\/posts\/28183\/revisions\/28192"}],"wp:featuredmedia":[{"embeddable":true,"href":"http:\/\/www.eloriente.net\/home\/wp-json\/wp\/v2\/media\/28189"}],"wp:attachment":[{"href":"http:\/\/www.eloriente.net\/home\/wp-json\/wp\/v2\/media?parent=28183"}],"wp:term":[{"taxonomy":"category","embeddable":true,"href":"http:\/\/www.eloriente.net\/home\/wp-json\/wp\/v2\/categories?post=28183"},{"taxonomy":"post_tag","embeddable":true,"href":"http:\/\/www.eloriente.net\/home\/wp-json\/wp\/v2\/tags?post=28183"}],"curies":[{"name":"wp","href":"https:\/\/api.w.org\/{rel}","templated":true}]}}