{"id":28194,"date":"2014-06-21T19:00:23","date_gmt":"2014-06-22T01:00:23","guid":{"rendered":"http:\/\/www.eloriente.net\/home\/?p=28194"},"modified":"2014-06-23T08:27:54","modified_gmt":"2014-06-23T14:27:54","slug":"nuevas-rutas-aereas-distrito-federal-oaxaca-y-viceversa","status":"publish","type":"post","link":"http:\/\/www.eloriente.net\/home\/2014\/06\/21\/nuevas-rutas-aereas-distrito-federal-oaxaca-y-viceversa\/","title":{"rendered":"Nuevas rutas a\u00e9reas Distrito Federal-Oaxaca y viceversa"},"content":{"rendered":"<p>eloriente.net<\/p>\n<p>21\/junio\/2014<\/p>\n<p>A partir del pasado mi\u00e9rcoles 18 de junio de 2014, los oaxaque\u00f1os y turistas podr\u00e1n disponer de nuevas rutas a\u00e9reas que conectar\u00e1n a la Ciudad de M\u00e9xico con Oaxaca, a trav\u00e9s de la empresa mexicana de aviaci\u00f3n Volaris.<\/p>\n<p>De acuerdo con la Secretar\u00eda de Turismo y Desarrollo Econ\u00f3mico, Volaris ofrecer\u00e1 dos vuelos semanales, aportando 1,152 asientos de avi\u00f3n disponibles a la actual oferta a\u00e9rea local operada por empresas como Aerom\u00e9xico e Interjet.<\/p>\n<p>Durante el acto inaugural, el secretario de turismo, Jos\u00e9 Zorrilla de Sanmart\u00edn Diego, asegur\u00f3 que en el marco de la celebraci\u00f3n de la Guelaguetza, la aerol\u00ednea ofrecer\u00e1 dos vuelos semanales m\u00e1s de los programados, siendo un total de cuatro, ofreciendo a los turistas 2,592 lugares disponibles.<\/p>\n<p>Asimismo, destac\u00f3 que a partir de esta nueva ruta, mensualmente habr\u00e1 una disponibilidad de 25,827 asientos promedio, lo que representa un 14% m\u00e1s que el obtenido al cierre del primer semestre del 2014, cuya proyecci\u00f3n fue de 22,784 asientos.<\/p>\n<p>Finalmente, indic\u00f3 que el gobierno estatal realizar\u00e1 negociaciones con las diferentes aerol\u00edneas para lograr nuevas rutas y nuevos vuelos hacia los diferentes destinos de Oaxaca.<\/p>\n<p>&nbsp;<\/p>\n<p><a href=\"http:\/\/www.eloriente.net\/home\/wp-content\/uploads\/2014\/06\/Avion-GobOax.jpg\"><img loading=\"lazy\" decoding=\"async\" class=\"alignnone size-medium wp-image-28195\" title=\"Avion-GobOax\" src=\"http:\/\/www.eloriente.net\/home\/wp-content\/uploads\/2014\/06\/Avion-GobOax-300x199.jpg\" alt=\"\" width=\"300\" height=\"199\" srcset=\"http:\/\/www.eloriente.net\/home\/wp-content\/uploads\/2014\/06\/Avion-GobOax-300x199.jpg 300w, http:\/\/www.eloriente.net\/home\/wp-content\/uploads\/2014\/06\/Avion-GobOax-1024x681.jpg 1024w, http:\/\/www.eloriente.net\/home\/wp-content\/uploads\/2014\/06\/Avion-GobOax.jpg 1600w\" sizes=\"(max-width: 300px) 100vw, 300px\" \/><\/a><\/p>\n<p>Foto:\u00a0<a href=\"https:\/\/www.flickr.com\/photos\/goboax\/\">GobOax<\/a><\/p>\n<p>&nbsp;<\/p>\n<p><strong>Entradas relacionadas:<\/strong><\/p>\n<p><a title=\"Permalink to Realizan campa\u00f1a tur\u00edstica de M\u00e9xico en Copa Mundial\" href=\"http:\/\/www.eloriente.net\/home\/2014\/06\/21\/realizan-campana-turistica-de-mexico-en-copa-mundial\/\" rel=\"bookmark\">Realizan campa\u00f1a tur\u00edstica de M\u00e9xico en Copa Mundial<\/a><\/p>\n<p><a href=\"http:\/\/www.eloriente.net\/home\/2014\/06\/21\/realizan-campana-turistica-de-mexico-en-copa-mundial\/\" rel=\"bookmark\"><img decoding=\"async\" title=\"Realizan campa\u00f1a tur\u00edstica de M\u00e9xico en Copa Mundial\" src=\"http:\/\/www.eloriente.net\/home\/wp-content\/themes\/city-desk\/timthumb.php?src=http%3A%2F%2Fwww.eloriente.net%2Fhome%2Fwp-content%2Fuploads%2F2014%2F06%2FM%C3%A9xico-en-Brasil-Sectur.jpg&amp;q=90&amp;w=160&amp;h=106&amp;zc=1\" alt=\"Realizan campa\u00f1a tur\u00edstica de M\u00e9xico en Copa Mundial\" \/><\/a><\/p>\n<p>eloriente.net 21\/junio\/2014 Con el objetivo de atraer turistas extranjeros al pa\u00eds, la Secretar\u00eda de Turismo del gobierno federal implement\u00f3 una campa\u00f1a de promoci\u00f3n de M\u00e9xico en Brasil en el marco de la Copa Mundial de F\u00fatbol. De acuerdo con la secretar\u00eda, se aprovech\u00f3 esta oportunidad para generar presencia y recordaci\u00f3n de M\u00e9xico, ante ciudadanos brasile\u00f1os, [&#8230;]<\/p>\n<p>June 21, 2014<\/p>\n<p><a title=\"Permalink to Guelaguetza ya tiene p\u00e1gina oficial\" href=\"http:\/\/www.eloriente.net\/home\/2014\/06\/17\/guelaguetza-ya-tiene-pagina-oficial\/\" rel=\"bookmark\">Guelaguetza ya tiene p\u00e1gina oficial<\/a><\/p>\n<p><a href=\"http:\/\/www.eloriente.net\/home\/2014\/06\/17\/guelaguetza-ya-tiene-pagina-oficial\/\" rel=\"bookmark\"><img decoding=\"async\" title=\"Guelaguetza ya tiene p\u00e1gina oficial\" src=\"http:\/\/www.eloriente.net\/home\/wp-content\/themes\/city-desk\/timthumb.php?src=http%3A%2F%2Fwww.eloriente.net%2Fhome%2Fwp-content%2Fuploads%2F2014%2F06%2FCartel-Guelaguetza-2014.jpg&amp;q=90&amp;w=160&amp;h=106&amp;zc=1\" alt=\"Guelaguetza ya tiene p\u00e1gina oficial\" \/><\/a><\/p>\n<p>eloriente.net 17 de junio de 2014 eloriente.net (Oaxaca, M\u00e9xico, a 17 de junio de 2014).- Con el dise\u00f1o central del cartel ganador de la imagen de la Guelaguetza 2014, autor\u00eda de Jos\u00e9 Edgar Velasco Santib\u00e1\u00f1ez, la Secretar\u00eda de Turismo de Oaxaca puso en l\u00ednea el micrositio oficial de la fiesta m\u00e1s significativa para el estado [&#8230;]<\/p>\n<p>June 17, 2014<\/p>\n<p><a title=\"Permalink to Establece Oaxaca y Jap\u00f3n intercambio cultural y tur\u00edstico\" href=\"http:\/\/www.eloriente.net\/home\/2014\/06\/14\/establece-oaxaca-y-japon-intercambio-cultural-y-turistico\/\" rel=\"bookmark\">Establece Oaxaca y Jap\u00f3n intercambio cultural y tur\u00edstico<\/a><\/p>\n<p><a href=\"http:\/\/www.eloriente.net\/home\/2014\/06\/14\/establece-oaxaca-y-japon-intercambio-cultural-y-turistico\/\" rel=\"bookmark\"><img decoding=\"async\" title=\"Establece Oaxaca y Jap\u00f3n intercambio cultural y tur\u00edstico\" src=\"http:\/\/www.eloriente.net\/home\/wp-content\/themes\/city-desk\/timthumb.php?src=http%3A%2F%2Fwww.eloriente.net%2Fhome%2Fwp-content%2Fuploads%2F2014%2F06%2FOaxaca-Jap%C3%B3n-turismo-Por-GobOax.jpg&amp;q=90&amp;w=160&amp;h=106&amp;zc=1\" alt=\"Establece Oaxaca y Jap\u00f3n intercambio cultural y tur\u00edstico\" \/><\/a><\/p>\n<p>eloriente.net 14\/junio\/2014 Con la finalidad de aumentar el n\u00famero de visitantes japoneses a Oaxaca, el gobernador del estado Gabino Cu\u00e9 Monteagudo mantuvo una reuni\u00f3n de trabajo con el Ministro de la Embajada de Jap\u00f3n en M\u00e9xico, Hiroshi Yamauchi, para establecer un programa de intercambio en materia cultural y tur\u00edstica. El mandatario oaxaque\u00f1o expres\u00f3 su entusiasmo [&#8230;]<\/p>\n<p>June 14, 2014<\/p>\n\n\t\t\t  <div \n\t\t\t  \tclass = \"fb-comments\" \n\t\t\t  \tdata-href = \"http:\/\/www.eloriente.net\/home\/2014\/06\/21\/nuevas-rutas-aereas-distrito-federal-oaxaca-y-viceversa\/\"\n\t\t\t  \tdata-numposts = \"10\"\n\t\t\t\tdata-colorscheme = \"dark\"\n\t\t\t\tdata-order-by = \"social\"\n\t\t\t\tdata-mobile=true>\n\t\t\t  <\/div>\n\t\t  <style>\n\t\t\t.fb_iframe_widget_fluid_desktop iframe {\n\t\t\t    width: 100% !important;\n\t\t\t}\n\t\t  <\/style>\n\t\t  ","protected":false},"excerpt":{"rendered":"<p>eloriente.net 21\/junio\/2014 A partir del pasado mi\u00e9rcoles 18 de junio de 2014, los oaxaque\u00f1os y turistas podr\u00e1n disponer de nuevas rutas a\u00e9reas que conectar\u00e1n a la Ciudad de M\u00e9xico con Oaxaca, a trav\u00e9s de la empresa mexicana de aviaci\u00f3n Volaris. De acuerdo con la Secretar\u00eda de Turismo y Desarrollo Econ\u00f3mico, Volaris ofrecer\u00e1 dos vuelos semanales, [&hellip;]<\/p>\n","protected":false},"author":26,"featured_media":28195,"comment_status":"open","ping_status":"open","sticky":false,"template":"","format":"standard","meta":{"_jetpack_memberships_contains_paid_content":false,"footnotes":""},"categories":[32,63,10,464,21,19],"tags":[1721,1372,1720,1674,73,1719,1718],"class_list":["post-28194","post","type-post","status-publish","format-standard","has-post-thumbnail","hentry","category-entradas","category-estados","category-lo-mas-reciente","category-oaxaca-estados","category-politica-y-gobierno","category-turismo-y-negocios","tag-avaicion","tag-avion","tag-boletos","tag-df","tag-oaxaca","tag-ruta","tag-volaris"],"jetpack_featured_media_url":"http:\/\/www.eloriente.net\/home\/wp-content\/uploads\/2014\/06\/Avion-GobOax.jpg","jetpack_sharing_enabled":true,"_links":{"self":[{"href":"http:\/\/www.eloriente.net\/home\/wp-json\/wp\/v2\/posts\/28194"}],"collection":[{"href":"http:\/\/www.eloriente.net\/home\/wp-json\/wp\/v2\/posts"}],"about":[{"href":"http:\/\/www.eloriente.net\/home\/wp-json\/wp\/v2\/types\/post"}],"author":[{"embeddable":true,"href":"http:\/\/www.eloriente.net\/home\/wp-json\/wp\/v2\/users\/26"}],"replies":[{"embeddable":true,"href":"http:\/\/www.eloriente.net\/home\/wp-json\/wp\/v2\/comments?post=28194"}],"version-history":[{"count":8,"href":"http:\/\/www.eloriente.net\/home\/wp-json\/wp\/v2\/posts\/28194\/revisions"}],"predecessor-version":[{"id":28212,"href":"http:\/\/www.eloriente.net\/home\/wp-json\/wp\/v2\/posts\/28194\/revisions\/28212"}],"wp:featuredmedia":[{"embeddable":true,"href":"http:\/\/www.eloriente.net\/home\/wp-json\/wp\/v2\/media\/28195"}],"wp:attachment":[{"href":"http:\/\/www.eloriente.net\/home\/wp-json\/wp\/v2\/media?parent=28194"}],"wp:term":[{"taxonomy":"category","embeddable":true,"href":"http:\/\/www.eloriente.net\/home\/wp-json\/wp\/v2\/categories?post=28194"},{"taxonomy":"post_tag","embeddable":true,"href":"http:\/\/www.eloriente.net\/home\/wp-json\/wp\/v2\/tags?post=28194"}],"curies":[{"name":"wp","href":"https:\/\/api.w.org\/{rel}","templated":true}]}}