{"id":28467,"date":"2014-06-26T10:28:01","date_gmt":"2014-06-26T16:28:01","guid":{"rendered":"http:\/\/www.eloriente.net\/home\/?p=28467"},"modified":"2014-06-26T10:28:41","modified_gmt":"2014-06-26T16:28:41","slug":"inversion-en-capital-humano","status":"publish","type":"post","link":"http:\/\/www.eloriente.net\/home\/2014\/06\/26\/inversion-en-capital-humano\/","title":{"rendered":"Inversi\u00f3n en capital humano"},"content":{"rendered":"<p>eloriente.net<\/p>\n<p>26\/junio\/2014<\/p>\n<p style=\"text-align: right\">Por: <a href=\"http:\/\/www.eloriente.net\/home\/author\/alejandra\/\" target=\"_blank\">Alejandra Silva Soriano<\/a><\/p>\n<p><strong>\u00bfPor qu\u00e9 invertir en las personas? \u00bfPor qu\u00e9 los recursos destinados a la poblaci\u00f3n y a proyectos sociales deben verse como una inversi\u00f3n y no como un gasto?<\/strong><\/p>\n<p>Se\u00f1ala Bernardo Kliksberg, un economista argentino, referente en Latinoam\u00e9rica en temas de pobreza y responsabilidad social, que seg\u00fan datos del Banco Mundial, existen cuatro tipos de capital en una sociedad:<\/p>\n<ul>\n<li><em>Los activos naturales<\/em>, que incluyen todos los recursos geogr\u00e1ficos de la regi\u00f3n;<\/li>\n<li><em>Los activos producidos por la acci\u00f3n humana<\/em> que contemplan desde infraestructura hasta recursos financieros;<\/li>\n<li><em>El capital humano<\/em> conformado por la poblaci\u00f3n; y<\/li>\n<li><em>El capital social<\/em> integrado por los valores, la relaci\u00f3n entre personas entre s\u00ed y con instituciones, entre otros.<\/li>\n<\/ul>\n<p>Durante a\u00f1os, los recursos de los estados han sido focalizados a los activos naturales y a lo producidos por el hombre, como la construcci\u00f3n de carreteras, caminos, inversiones, etc\u00e9tera; sin embargo, el gasto en lo social ha sido marginado o ejecutado con una visi\u00f3n asistencialista.<\/p>\n<p>Una nueva corriente de ideas se\u00f1ala que el precio que estamos pagando por ello, especialmente en pa\u00edses de Am\u00e9rica Latina, en espec\u00edfico; M\u00e9xico, se ve reflejado en la ola de violencia, desempleo y pobreza que inunda nuestros territorios.<\/p>\n<p>La clave se encuentra en destinar recursos enfocados en desarrollar personas, es decir, el capital humano del pa\u00eds, el cual, no debe ser visto como un gasto, pues en realidad es una inversi\u00f3n (y de muy alta rentabilidad).<\/p>\n<p>Est\u00e1 demostrado el impacto que tiene un empleo eficiente de recursos en el \u00e1rea social, tal como lo se\u00f1ala el Premio Nobel Amartya Sen, al afirmar que la educaci\u00f3n, salud, y nutrici\u00f3n son las mejores inversiones que pueden hacerse en la poblaci\u00f3n, prueba de ello son los pa\u00edses que han asignado recursos sostenidos a estos campos y que actualmente est\u00e1n cobrando r\u00e9ditos muy importantes en t\u00e9rminos de progreso y ventajas competitivas.<\/p>\n<p>Pero \u00bfc\u00f3mo se invierte en las personas? Algo muy sencillo de decir, pero poco trasladado a la realidad: <em>educaci\u00f3n de calidad<\/em>. La mejor forma de invertir en los recursos humanos del pa\u00eds, es ampliar y mejorar los niveles educacionales, pues el conocimiento es la plataforma s\u00f3lida para el desarrollo de un ser humano.<\/p>\n<p>Les voy a poner un ejemplo que se\u00f1ala el mismo Kliksberg, quien dice lo siguiente: invertir recursos en educaci\u00f3n de ni\u00f1as, significa aumentar el capital cognoscitivo de ni\u00f1as que a\u00f1os m\u00e1s tarde ser\u00e1n j\u00f3venes con menores probabilidades de vivir embarazos adolescentes, violencia en las relaciones de pareja o tantas otras situaciones que se acrecientan en la actualidad.<\/p>\n<p>Por supuesto, el problema es mucho m\u00e1s complejo y va m\u00e1s all\u00e1 de una simple clasificaci\u00f3n de capitales sociales, sin embargo, puedo asegurar que invertir en el mejoramiento y ampliaci\u00f3n de las capacidades y habilidades de las personas, es caminar hacia una direcci\u00f3n de desarrollo.<\/p>\n<p>Optimizar el rendimiento de los esfuerzos que hace el estado a trav\u00e9s de dale un nuevo enfoque social a la visi\u00f3n de las instituciones, podr\u00eda ser una palanca de desarrollo que empuje a nuestra sociedad a vivir una nueva realidad.<\/p>\n<p>Que tengan bonito fin de semana. Dios nos bendiga mucho.<\/p>\n<p>&nbsp;<\/p>\n<p><a href=\"http:\/\/www.eloriente.net\/home\/wp-content\/uploads\/2013\/12\/Derechos-humanos.jpg\"><img loading=\"lazy\" decoding=\"async\" class=\"alignnone size-medium wp-image-18692\" src=\"http:\/\/www.eloriente.net\/home\/wp-content\/uploads\/2013\/12\/Derechos-humanos-300x185.jpg\" alt=\"\" width=\"300\" height=\"185\" srcset=\"http:\/\/www.eloriente.net\/home\/wp-content\/uploads\/2013\/12\/Derechos-humanos-300x185.jpg 300w, http:\/\/www.eloriente.net\/home\/wp-content\/uploads\/2013\/12\/Derechos-humanos-1024x631.jpg 1024w, http:\/\/www.eloriente.net\/home\/wp-content\/uploads\/2013\/12\/Derechos-humanos.jpg 1094w\" sizes=\"(max-width: 300px) 100vw, 300px\" \/><\/a><\/p>\n<p>&nbsp;<\/p>\n<p><strong>Entradas relacionadas:<\/strong><\/p>\n<p><a title=\"Permalink to La meritocracia\" href=\"http:\/\/www.eloriente.net\/home\/2014\/06\/19\/la-meritocracia\/\" rel=\"bookmark\">La meritocracia<\/a><\/p>\n<p><a href=\"http:\/\/www.eloriente.net\/home\/2014\/06\/19\/la-meritocracia\/\" rel=\"bookmark\"><img decoding=\"async\" src=\"http:\/\/www.eloriente.net\/home\/wp-content\/themes\/city-desk\/timthumb.php?src=http%3A%2F%2Fwww.eloriente.net%2Fhome%2Fwp-content%2Fuploads%2F2014%2F06%2FMedallas-Por-%40CONADE.jpg&amp;q=90&amp;w=160&amp;h=106&amp;zc=1\" alt=\"La meritocracia\" \/><\/a><\/p>\n<p>eloriente.net 19\/junio\/2014 Por: Alejandra Silva Soriano En estos d\u00edas, he estado leyendo un texto de Francois Dubet, titulado \u201cRepensar la Justicia Social\u201d, el cual se los recomiendo ampliamente, pues nos ayuda a reflexionar sobre la idea que tenemos de lo que es (o deber\u00eda ser) la justicia social. Es justo en esa lectura donde encontr\u00e9 [&#8230;]<\/p>\n<p>June 19, 2014<\/p>\n<div>\n<p><a title=\"Permalink to J\u00f3venes \u00bfgrupo vulnerable?\" href=\"http:\/\/www.eloriente.net\/home\/2014\/06\/12\/jovenes-grupo-vulnerable\/\" rel=\"bookmark\">J\u00f3venes \u00bfgrupo vulnerable?<\/a><\/p>\n<p><a href=\"http:\/\/www.eloriente.net\/home\/2014\/06\/12\/jovenes-grupo-vulnerable\/\" rel=\"bookmark\"><img decoding=\"async\" src=\"http:\/\/www.eloriente.net\/home\/wp-content\/themes\/city-desk\/timthumb.php?src=http%3A%2F%2Fwww.eloriente.net%2Fhome%2Fwp-content%2Fuploads%2F2014%2F03%2FV%C3%A9rtice.jpg&amp;q=90&amp;w=160&amp;h=106&amp;zc=1\" alt=\"J\u00f3venes \u00bfgrupo vulnerable?\" \/><\/a><\/p>\n<p>eloriente.net 12\/junio\/2014 Por:\u00a0Alejandra Silva Soriano* Ayer se cumplieron 11 a\u00f1os de la entrada en vigor de la Ley Federal para Prevenir y Eliminar la Discriminaci\u00f3n en M\u00e9xico, y revisando la p\u00e1gina del Consejo Nacional para Prevenir la Discriminaci\u00f3n (CONAPRED), encontr\u00e9 que en la secci\u00f3n de \u201cgrupos en situaci\u00f3n de discriminaci\u00f3n\u201d se encuentran las y los [&#8230;]<\/p>\n<p>June 12, 2014<\/p>\n<\/div>\n<div>\n<p><a title=\"Permalink to Principales desaf\u00edos en materia de juventud\" href=\"http:\/\/www.eloriente.net\/home\/2014\/06\/05\/principales-desafios-en-materia-de-juventud\/\" rel=\"bookmark\">Principales desaf\u00edos en materia de juventud<\/a><\/p>\n<p><a href=\"http:\/\/www.eloriente.net\/home\/2014\/06\/05\/principales-desafios-en-materia-de-juventud\/\" rel=\"bookmark\"><img decoding=\"async\" src=\"http:\/\/www.eloriente.net\/home\/wp-content\/themes\/city-desk\/timthumb.php?src=http%3A%2F%2Fwww.eloriente.net%2Fhome%2Fwp-content%2Fuploads%2F2013%2F12%2FEstudiantes.jpg&amp;q=90&amp;w=160&amp;h=106&amp;zc=1\" alt=\"Principales desaf\u00edos en materia de juventud\" \/><\/a><\/p>\n<p>eloriente.net 5\/junio\/2014 Por: Alejandra Silva Soriano Durante a\u00f1os se ha analizado la situaci\u00f3n en que se encuentran los j\u00f3venes, las problem\u00e1ticas que enfrentamos y el dif\u00edcil aterrizaje que tendremos al llegar al \u201cmundo adulto\u201d. Comparto el enfoque de muchos que se\u00f1alan que el principal problema que nos afecta es la \u201cexclusi\u00f3n social\u201d, que se hace [&#8230;]<\/p>\n<p>June 5, 2014<\/p>\n<\/div>\n\n\t\t\t  <div \n\t\t\t  \tclass = \"fb-comments\" \n\t\t\t  \tdata-href = \"http:\/\/www.eloriente.net\/home\/2014\/06\/26\/inversion-en-capital-humano\/\"\n\t\t\t  \tdata-numposts = \"10\"\n\t\t\t\tdata-colorscheme = \"dark\"\n\t\t\t\tdata-order-by = \"social\"\n\t\t\t\tdata-mobile=true>\n\t\t\t  <\/div>\n\t\t  <style>\n\t\t\t.fb_iframe_widget_fluid_desktop iframe {\n\t\t\t    width: 100% !important;\n\t\t\t}\n\t\t  <\/style>\n\t\t  ","protected":false},"excerpt":{"rendered":"<p>eloriente.net 26\/junio\/2014 Por: Alejandra Silva Soriano \u00bfPor qu\u00e9 invertir en las personas? \u00bfPor qu\u00e9 los recursos destinados a la poblaci\u00f3n y a proyectos sociales deben verse como una inversi\u00f3n y no como un gasto? Se\u00f1ala Bernardo Kliksberg, un economista argentino, referente en Latinoam\u00e9rica en temas de pobreza y responsabilidad social, que seg\u00fan datos del Banco [&hellip;]<\/p>\n","protected":false},"author":20,"featured_media":18692,"comment_status":"open","ping_status":"open","sticky":false,"template":"","format":"standard","meta":{"_jetpack_memberships_contains_paid_content":false,"footnotes":""},"categories":[72,11,22,32,10,21],"tags":[1762,132,755,277,828,414,937],"class_list":["post-28467","post","type-post","status-publish","format-standard","has-post-thumbnail","hentry","category-alejandra-silva-soriano","category-colaboradores","category-derechos-humanos","category-entradas","category-lo-mas-reciente","category-politica-y-gobierno","tag-capacidad","tag-capital-2","tag-gasto","tag-gobierno","tag-humanos","tag-infraestructura","tag-inversion"],"jetpack_featured_media_url":"http:\/\/www.eloriente.net\/home\/wp-content\/uploads\/2013\/12\/Derechos-humanos.jpg","jetpack_sharing_enabled":true,"_links":{"self":[{"href":"http:\/\/www.eloriente.net\/home\/wp-json\/wp\/v2\/posts\/28467"}],"collection":[{"href":"http:\/\/www.eloriente.net\/home\/wp-json\/wp\/v2\/posts"}],"about":[{"href":"http:\/\/www.eloriente.net\/home\/wp-json\/wp\/v2\/types\/post"}],"author":[{"embeddable":true,"href":"http:\/\/www.eloriente.net\/home\/wp-json\/wp\/v2\/users\/20"}],"replies":[{"embeddable":true,"href":"http:\/\/www.eloriente.net\/home\/wp-json\/wp\/v2\/comments?post=28467"}],"version-history":[{"count":4,"href":"http:\/\/www.eloriente.net\/home\/wp-json\/wp\/v2\/posts\/28467\/revisions"}],"predecessor-version":[{"id":28471,"href":"http:\/\/www.eloriente.net\/home\/wp-json\/wp\/v2\/posts\/28467\/revisions\/28471"}],"wp:featuredmedia":[{"embeddable":true,"href":"http:\/\/www.eloriente.net\/home\/wp-json\/wp\/v2\/media\/18692"}],"wp:attachment":[{"href":"http:\/\/www.eloriente.net\/home\/wp-json\/wp\/v2\/media?parent=28467"}],"wp:term":[{"taxonomy":"category","embeddable":true,"href":"http:\/\/www.eloriente.net\/home\/wp-json\/wp\/v2\/categories?post=28467"},{"taxonomy":"post_tag","embeddable":true,"href":"http:\/\/www.eloriente.net\/home\/wp-json\/wp\/v2\/tags?post=28467"}],"curies":[{"name":"wp","href":"https:\/\/api.w.org\/{rel}","templated":true}]}}