{"id":28475,"date":"2014-06-26T11:59:16","date_gmt":"2014-06-26T17:59:16","guid":{"rendered":"http:\/\/www.eloriente.net\/home\/?p=28475"},"modified":"2023-03-12T12:39:55","modified_gmt":"2023-03-12T18:39:55","slug":"alla-en-el-rancho-grande-en-juevesdecineyseries","status":"publish","type":"post","link":"http:\/\/www.eloriente.net\/home\/2014\/06\/26\/alla-en-el-rancho-grande-en-juevesdecineyseries\/","title":{"rendered":"\u00abAll\u00e1 en el Rancho Grande\u00bb en #JuevesdeCineySeries"},"content":{"rendered":"<p>eloriente.net<\/p>\n<p>26\/junio\/2014<\/p>\n<p>Considerada la pel\u00edcula que dio inicio a la llamada \u00e9poca de oro del cine mexicano, \u00abAll\u00e1 en el Rancho Grande\u00bb fue\u00a0producida por Fernando de Fuentes y Alfonso Rivas Bustamante en el a\u00f1o de 1936, bajo el g\u00e9nero de drama ranchero, con gui\u00f3n de\u00a0Luz Guzm\u00e1n de Arellano y Guz \u00c1guila.<\/p>\n<p>Desarrollada en una rancher\u00eda, el hacendado Felipe y su trabajador de mayor confianza, Jos\u00e9 Francisco Ruelas, tienen algunos conflictos amorosos por una confusi\u00f3n\u00a0sobre un presunto encuentro sexual por parte de Cruz, enamorada de Jos\u00e9 Francisco, con Felipe.<\/p>\n<p>La cita fue protagonizada por Tito Gu\u00edzar como Jos\u00e9 Francisco Ruelas, Ren\u00e9 Cardona como Felipe y Esther Fern\u00e1ndez en el papel de Cruz, quienes\u00a0lucieron sus mayores expresiones dram\u00e1ticas de actuaci\u00f3n; resuelven sus malentendidos a trav\u00e9s de m\u00fasica y bailes regionales de la \u00e9poca.<\/p>\n<p>El m\u00fasico veracruzano Lorenzo Barcelata contribuy\u00f3 con sus composiciones \u00abPresumida\u00bb, \u00abLucha Mar\u00eda\u00bb, \u00abPor ti aprend\u00ed a querer\u00bb, \u00abAmanecer ranchero\u00bb y \u00abCoplas de Huapango\u00bb; asimismo, particip\u00f3 a cuadro interpretando a Mart\u00edn.<\/p>\n<p>Como propuesta de Tito Gu\u00edzar, la pel\u00edcula recibi\u00f3 su nombre con base en la canci\u00f3n \u00abAll\u00e1 en el Rancho Grande\u00bb, de autor an\u00f3nimo (probablemente de Silvano R. Ramos), debido a su aparici\u00f3n en la historia.<\/p>\n<p>Por la destacada colaboraci\u00f3n de Gabriel Figueroa, la pel\u00edcula recibi\u00f3 el premio a mejor fotograf\u00eda en el Festival de Venecia de 1938. Sus composiciones m\u00e1s relevantes en el film fueron las im\u00e1genes de las grandes extensiones de tierra de Rancho Grande donde transitan los campesinos con sus caballos; la pelea de gallos; los bailes del jarabe tapat\u00edo; los m\u00fasicos tocando sus guitarras; entre otras.<\/p>\n<p>Asimismo,\u00a0\u00abAll\u00e1 en el Rancho Grande\u00bb fue la primera cinta mexicana que se estren\u00f3 en Estados Unidos con subt\u00edtulos en ingl\u00e9s.<\/p>\n<p><iframe loading=\"lazy\" title=\"YouTube video player\" src=\"https:\/\/www.youtube.com\/embed\/cKCqupDTOEY?start=392\" width=\"560\" height=\"315\" frameborder=\"0\" allowfullscreen=\"allowfullscreen\"><\/iframe><\/p>\n<p>&nbsp;<\/p>\n<p><a href=\"http:\/\/www.eloriente.net\/home\/wp-content\/uploads\/2014\/06\/All\u00e1-en-el-rancho-grande-Por-ITESM.jpg\"><img loading=\"lazy\" decoding=\"async\" class=\"alignnone size-medium wp-image-28473\" title=\"All\u00e1 en el rancho grande-Por ITESM\" src=\"http:\/\/www.eloriente.net\/home\/wp-content\/uploads\/2014\/06\/All\u00e1-en-el-rancho-grande-Por-ITESM-300x201.jpg\" alt=\"\" width=\"300\" height=\"201\" srcset=\"http:\/\/www.eloriente.net\/home\/wp-content\/uploads\/2014\/06\/All\u00e1-en-el-rancho-grande-Por-ITESM-300x201.jpg 300w, http:\/\/www.eloriente.net\/home\/wp-content\/uploads\/2014\/06\/All\u00e1-en-el-rancho-grande-Por-ITESM.jpg 477w\" sizes=\"(max-width: 300px) 100vw, 300px\" \/><\/a><\/p>\n<p>Imagen: All\u00e1 en el rancho grande\/ por Cine mexicano de ITESM.<\/p>\n<p><script async src=\"https:\/\/pagead2.googlesyndication.com\/pagead\/js\/adsbygoogle.js\"><\/script><br \/>\n<ins class=\"adsbygoogle\" style=\"display: block; text-align: center;\" data-ad-layout=\"in-article\" data-ad-format=\"fluid\" data-ad-client=\"ca-pub-1136171134853753\" data-ad-slot=\"1904291222\"><\/ins><br \/>\n<script>\n     (adsbygoogle = window.adsbygoogle || []).push({});\n<\/script><\/p>\n<p><strong>Entradas relacionadas:<\/strong><\/p>\n<p><a title=\"Permalink to Lo que no sab\u00edas de \u00a1Ay Jalisco, no te rajes! #JuevesdeCineySeries\" href=\"http:\/\/www.eloriente.net\/home\/2014\/06\/26\/lo-que-no-sabias-de-ay-jalisco-no-te-rajes-juevesdecineyseries\/\" rel=\"bookmark\">Lo que no sab\u00edas de \u00a1Ay Jalisco, no te rajes! #JuevesdeCineySeries<\/a><\/p>\n<p><a href=\"http:\/\/www.eloriente.net\/home\/2014\/06\/26\/lo-que-no-sabias-de-ay-jalisco-no-te-rajes-juevesdecineyseries\/\" rel=\"bookmark\"><img decoding=\"async\" title=\"Lo que no sab\u00edas de \u00a1Ay Jalisco, no te rajes! #JuevesdeCineySeries\" src=\"http:\/\/www.eloriente.net\/home\/wp-content\/themes\/city-desk\/timthumb.php?src=http%3A%2F%2Fwww.eloriente.net%2Fhome%2Fwp-content%2Fuploads%2F2014%2F06%2F%C2%A1Ay-Jalisco-no-te-rajes-copia.jpg&amp;q=90&amp;w=160&amp;h=106&amp;zc=1\" alt=\"Lo que no sab\u00edas de \u00a1Ay Jalisco, no te rajes! #JuevesdeCineySeries\" \/><\/a><\/p>\n<p>eloriente.net 26\/junio\/2014 Del director y guionista Jos\u00e9 de Jes\u00fas Rodr\u00edguez Ruelas, mejor conocido como Joselito Rodr\u00edguez, traemos este #JuevesdeCineySeries un cl\u00e1sico del cine mexicano: \u00a1Ay Jalisco, no te rajes! Pel\u00edcula de 1941 que represent\u00f3 el primer \u00e9xito taquillero del cineasta. Protagonizada por Jorge Negrete y Gloria Mar\u00edn, conformaron la primera pareja rom\u00e1ntica del cine de [&#8230;]<\/p>\n<p>June 26, 2014<\/p>\n<p><a title=\"Permalink to 5 pel\u00edculas sobre f\u00fatbol #JuevesdeCineySeries\" href=\"http:\/\/www.eloriente.net\/home\/2014\/06\/19\/5-peliculas-sobre-futbol-juevesdecineyseries\/\" rel=\"bookmark\">5 pel\u00edculas sobre f\u00fatbol #JuevesdeCineySeries<\/a><\/p>\n<p><a href=\"http:\/\/www.eloriente.net\/home\/2014\/06\/19\/5-peliculas-sobre-futbol-juevesdecineyseries\/\" rel=\"bookmark\"><img decoding=\"async\" title=\"5 pel\u00edculas sobre f\u00fatbol #JuevesdeCineySeries\" src=\"http:\/\/www.eloriente.net\/home\/wp-content\/themes\/city-desk\/timthumb.php?src=http%3A%2F%2Fwww.eloriente.net%2Fhome%2Fwp-content%2Fuploads%2F2014%2F06%2FF%C3%BAtbol-The-Damned-United.jpg&amp;q=90&amp;w=160&amp;h=106&amp;zc=1\" alt=\"5 pel\u00edculas sobre f\u00fatbol #JuevesdeCineySeries\" \/><\/a><\/p>\n<p>eloriente.net 19\/junio\/2014 En el marco de la fiebre mundialista de Brasil 2014, ELORIENTE.NET trae para ti en este #JuevesdeCineySeries cinco recomendaciones de pel\u00edculas que abordan el f\u00fatbol desde diferentes perspectivas sociales, culturales y dram\u00e1ticas. \u00a1No las dejes de ver! \u00a0 1. The Damned United Dirigida por Tim Hooper y basada en la novela\u00a0The Damned Utd, [&#8230;]<\/p>\n<p>June 19, 2014<\/p>\n<p><a title=\"Permalink to Del maestro del terror, Bag of bones #JuevesdeCineySeries\" href=\"http:\/\/www.eloriente.net\/home\/2014\/06\/05\/del-maestro-del-terror-bag-of-bones-juevesdecineyseries\/\" rel=\"bookmark\">Del maestro del terror, Bag of bones #JuevesdeCineySeries<\/a><\/p>\n<p><a href=\"http:\/\/www.eloriente.net\/home\/2014\/06\/05\/del-maestro-del-terror-bag-of-bones-juevesdecineyseries\/\" rel=\"bookmark\"><img decoding=\"async\" title=\"Del maestro del terror, Bag of bones #JuevesdeCineySeries\" src=\"http:\/\/www.eloriente.net\/home\/wp-content\/themes\/city-desk\/timthumb.php?src=http%3A%2F%2Fwww.eloriente.net%2Fhome%2Fwp-content%2Fuploads%2F2014%2F06%2Fbag_of_bones.jpg&amp;q=90&amp;w=160&amp;h=106&amp;zc=1\" alt=\"Del maestro del terror, Bag of bones #JuevesdeCineySeries\" \/><\/a><\/p>\n<p>eloriente.net 5\/junio\/2014 Basada en la novela Bag of bones del maestro de la literatura de terror, Stephen King, se estren\u00f3 en 2011 la mini serie de televisi\u00f3n del mismo nombre, dirigida por Mick Garris, con la participaci\u00f3n de los artistas\u00a0Pierce Brosnan,\u00a0Annabeth Gish,\u00a0Melissa George,\u00a0Anika Noni Rose y\u00a0Caitlin Carmichael. Bag of bones narra la historia del escritor [&#8230;]<\/p>\n<p>June 5, 2014<\/p>\n\n\t\t\t  <div \n\t\t\t  \tclass = \"fb-comments\" \n\t\t\t  \tdata-href = \"http:\/\/www.eloriente.net\/home\/2014\/06\/26\/alla-en-el-rancho-grande-en-juevesdecineyseries\/\"\n\t\t\t  \tdata-numposts = \"10\"\n\t\t\t\tdata-colorscheme = \"dark\"\n\t\t\t\tdata-order-by = \"social\"\n\t\t\t\tdata-mobile=true>\n\t\t\t  <\/div>\n\t\t  <style>\n\t\t\t.fb_iframe_widget_fluid_desktop iframe {\n\t\t\t    width: 100% !important;\n\t\t\t}\n\t\t  <\/style>\n\t\t  ","protected":false},"excerpt":{"rendered":"<p>eloriente.net 26\/junio\/2014 Considerada la pel\u00edcula que dio inicio a la llamada \u00e9poca de oro del cine mexicano, \u00abAll\u00e1 en el Rancho Grande\u00bb fue\u00a0producida por Fernando de Fuentes y Alfonso Rivas Bustamante en el a\u00f1o de 1936, bajo el g\u00e9nero de drama ranchero, con gui\u00f3n de\u00a0Luz Guzm\u00e1n de Arellano y Guz \u00c1guila. Desarrollada en una rancher\u00eda, [&hellip;]<\/p>\n","protected":false},"author":26,"featured_media":28473,"comment_status":"open","ping_status":"open","sticky":false,"template":"","format":"standard","meta":{"_jetpack_memberships_contains_paid_content":false,"footnotes":""},"categories":[982,56,18,32,10],"tags":[1763,1758,1765,141,149,1761,1764],"class_list":["post-28475","post","type-post","status-publish","format-standard","has-post-thumbnail","hentry","category-juevesdecineyseries","category-cine","category-educacion-y-cultura","category-entradas","category-lo-mas-reciente","tag-alla-en-el-rancho-grande","tag-cine-de-oro","tag-esther-fernandez","tag-mexico","tag-musica","tag-ranchero","tag-tito-guizar"],"jetpack_featured_media_url":"http:\/\/www.eloriente.net\/home\/wp-content\/uploads\/2014\/06\/All\u00e1-en-el-rancho-grande-Por-ITESM.jpg","jetpack_sharing_enabled":true,"_links":{"self":[{"href":"http:\/\/www.eloriente.net\/home\/wp-json\/wp\/v2\/posts\/28475"}],"collection":[{"href":"http:\/\/www.eloriente.net\/home\/wp-json\/wp\/v2\/posts"}],"about":[{"href":"http:\/\/www.eloriente.net\/home\/wp-json\/wp\/v2\/types\/post"}],"author":[{"embeddable":true,"href":"http:\/\/www.eloriente.net\/home\/wp-json\/wp\/v2\/users\/26"}],"replies":[{"embeddable":true,"href":"http:\/\/www.eloriente.net\/home\/wp-json\/wp\/v2\/comments?post=28475"}],"version-history":[{"count":5,"href":"http:\/\/www.eloriente.net\/home\/wp-json\/wp\/v2\/posts\/28475\/revisions"}],"predecessor-version":[{"id":66196,"href":"http:\/\/www.eloriente.net\/home\/wp-json\/wp\/v2\/posts\/28475\/revisions\/66196"}],"wp:featuredmedia":[{"embeddable":true,"href":"http:\/\/www.eloriente.net\/home\/wp-json\/wp\/v2\/media\/28473"}],"wp:attachment":[{"href":"http:\/\/www.eloriente.net\/home\/wp-json\/wp\/v2\/media?parent=28475"}],"wp:term":[{"taxonomy":"category","embeddable":true,"href":"http:\/\/www.eloriente.net\/home\/wp-json\/wp\/v2\/categories?post=28475"},{"taxonomy":"post_tag","embeddable":true,"href":"http:\/\/www.eloriente.net\/home\/wp-json\/wp\/v2\/tags?post=28475"}],"curies":[{"name":"wp","href":"https:\/\/api.w.org\/{rel}","templated":true}]}}