{"id":28501,"date":"2014-06-26T17:12:32","date_gmt":"2014-06-26T23:12:32","guid":{"rendered":"http:\/\/www.eloriente.net\/home\/?p=28501"},"modified":"2014-06-26T18:04:13","modified_gmt":"2014-06-27T00:04:13","slug":"ordenan-buscar-eperristas-aqui-cronologia-desde-su-desaparicion","status":"publish","type":"post","link":"http:\/\/www.eloriente.net\/home\/2014\/06\/26\/ordenan-buscar-eperristas-aqui-cronologia-desde-su-desaparicion\/","title":{"rendered":"Ordenan buscar eperristas; aqu\u00ed cronolog\u00eda desde su desaparici\u00f3n"},"content":{"rendered":"<p>eloriente.net<\/p>\n<p>26\/junio\/2014<\/p>\n<p>La prensa nacional dio a conocer recientemente que el pasado 19 de junio de 2014, el Poder Judicial de la Federaci\u00f3n emiti\u00f3 un dictamen donde se le solicit\u00f3 al Ministerio P\u00fablico, Sedena, PGR, entre otros organismos gubernamentales encargados de la justicia y seguridad en M\u00e9xico iniciar la b\u00fasqueda de Edmundo Reyes Amaya y Gabriel Alberto Cruz S\u00e1nchez, activistas del Ej\u00e9rcito Popular Revolucionario (EPR), quienes desaparecieron en la calzada Madero de la ciudad de Oaxaca el 25 de mayo de 2007.<\/p>\n<p>Seg\u00fan el informe <a href=\"http:\/\/reddh.org\/wp-content\/uploads\/2014\/05\/INFORME-SOBRE-EL-CASO-EDMUNDO-Y-GABRIEL-MAYO-2014.pdf\" target=\"_blank\">\u00abDesaparici\u00f3n Forzada de Edmundo Reyes Amaya y Gabriel Alberto Cruz S\u00e1nchez. 7 a\u00f1os de impunidad\u00bb<\/a>, de la organizaci\u00f3n Hasta Encontrarlos, en pro de su rescate, los luchadores sociales fueron desaparecidos forzosamente. Se se\u00f1ala en el reporte, que diferentes medios de comunicaci\u00f3n locales y nacionales informaron en su momento que los agraviados fueron detenidos en un operativo conjunto entre las fuerzas del orden municipal y estatal, la Agencia Federal de Investigaciones, la Polic\u00eda Federal Preventiva, el Ej\u00e9rcito y la Armada de M\u00e9xico.<\/p>\n<p>A la fecha se desconoce el paradero de Edmundo Reyes y Gabriel Cruz; por lo que desde hace 7 a\u00f1os, familiares y amigos de las v\u00edctimas, colaboradores y diferentes organizaci\u00f3n solidarias y de derechos humanos han exigido el regreso con vida de los desaparecidos y el esclarecimiento de los hechos.<\/p>\n<p>Por lo anterior, el Poder Judicial orden\u00f3 la semana pasada se inicie un operativo de b\u00fasqueda en las principales bases militares del pa\u00eds; se cite a declaraci\u00f3n a los funcionarios p\u00fablicos de la\u00a0Procuradur\u00eda General de la Rep\u00fablica, estatales y militares, que estuvieron en dichos cargos, con la finalidad de que presenten su versi\u00f3n de los hechos; y se informe sobre\u00a0la inhumaci\u00f3n de cad\u00e1veres\u00a0en las zonas militares que pudieran tener relaci\u00f3n con los eperristas, para realizar los ex\u00e1menes forenses correspondientes.<\/p>\n<p>Al respecto, esta ma\u00f1ana en entrevista con Carmen Aristegui, para Noticias MVS, el abogado de la resoluci\u00f3n judicial y experto en temas de derechos humanos, Sandino Rivero,\u00a0calific\u00f3 de sin precedentes la decisi\u00f3n del Poder Judicial, ya que se trata de temas de desapariciones forzadas y de miembros del EPR, \u00abuna de las guerrillas mexicanas\u00bb.<\/p>\n<p>ELORIENTE.NET pone a tu disposici\u00f3n una recopilaci\u00f3n medi\u00e1tica de lo que ha acontecido desde la desaparici\u00f3n de Edmundo Reyes y Gabriel Alberto en mayo de 2007 hasta el d\u00eda de hoy.<\/p>\n<p>&nbsp;<\/p>\n<div class=\"storify\">\n<p><iframe loading=\"lazy\" src=\"\/\/storify.com\/ELORIENTE\/desaparicion-de-edmundo-reyes-y-gabriel-cruz\/embed?header=false\" frameborder=\"no\" width=\"100%\" height=\"750\"><\/iframe><script type=\"text\/javascript\" src=\"\/\/storify.com\/ELORIENTE\/desaparicion-de-edmundo-reyes-y-gabriel-cruz.js?header=false\"><\/script><\/p>\n<p><noscript>[&amp;amp;amp;amp;amp;amp;amp;amp;amp;amp;amp;amp;amp;amp;amp;amp;amp;lt;a href=\u00bb\/\/storify.com\/ELORIENTE\/desaparicion-de-edmundo-reyes-y-gabriel-cruz\u00bb target=\u00bb_blank\u00bb&amp;amp;amp;amp;amp;amp;amp;amp;amp;amp;amp;amp;amp;amp;amp;amp;amp;gt;View the story \u00abDesaparici\u00f3n de Edmundo Reyes y Gabriel Cruz\u00bb on Storify&amp;amp;amp;amp;amp;amp;amp;amp;amp;amp;amp;amp;amp;amp;amp;amp;amp;lt;\/a&amp;amp;amp;amp;amp;amp;amp;amp;amp;amp;amp;amp;amp;amp;amp;amp;amp;gt;]<\/noscript><\/div>\n<p>&nbsp;<\/p>\n<p><a href=\"http:\/\/www.eloriente.net\/home\/wp-content\/uploads\/2014\/06\/Eperristas-Hasta-encontrarlos.jpg\"><img loading=\"lazy\" decoding=\"async\" style=\"-webkit-user-select: none; cursor: -webkit-zoom-in;\" src=\"http:\/\/www.eloriente.net\/home\/wp-content\/uploads\/2014\/06\/Eperristas-Hasta-encontrarlos.jpg\" alt=\"\" width=\"293\" height=\"195\" \/><\/a><\/p>\n<p>Imagen: hastaencontrarlos.org<\/p>\n<p>&nbsp;<\/p>\n<p><strong>Entradas relacionadas:<\/strong><\/p>\n<p><a title=\"Permalink to \u201cLibro de la Sra. Hillary Clinton\u201d, un art\u00edculo de Oswaldo Garc\u00eda Criollo\" href=\"http:\/\/www.eloriente.net\/home\/2014\/06\/25\/libro-de-la-sra-hillary-clinton-un-articulo-de-oswaldo-garcia-criollo\/\" rel=\"bookmark\">\u201cLibro de la Sra. Hillary Clinton\u201d, un art\u00edculo de Oswaldo Garc\u00eda Criollo<\/a><\/p>\n<p><strong><a href=\"http:\/\/www.eloriente.net\/home\/2014\/06\/25\/libro-de-la-sra-hillary-clinton-un-articulo-de-oswaldo-garcia-criollo\/\" rel=\"bookmark\"><img decoding=\"async\" title=\"\u201cLibro de la Sra. Hillary Clinton\u201d, un art\u00edculo de Oswaldo Garc\u00eda Criollo\" src=\"http:\/\/www.eloriente.net\/home\/wp-content\/themes\/city-desk\/timthumb.php?src=http%3A%2F%2Fwww.eloriente.net%2Fhome%2Fwp-content%2Fuploads%2F2014%2F06%2FCalderon-Cliton-Por-United-States-Government-Work.jpg&amp;q=90&amp;w=160&amp;h=106&amp;zc=1\" alt=\"\u201cLibro de la Sra. Hillary Clinton\u201d, un art\u00edculo de Oswaldo Garc\u00eda Criollo\" \/><\/a><\/strong><\/p>\n<p>eloriente.net 25\/junio\/2014 Mar de fondo Por: Oswaldo Garc\u00eda Criollo Jorge Fern\u00e1ndez Men\u00e9ndez es un periodista y articulista importante en M\u00e9xico dedicado a temas de pol\u00edtica y seguridad p\u00fablica y nacional. Hace tres sexenios era un asiduo visitante de Oaxaca siempre a invitaci\u00f3n oficial y con los gastos pagados por el erario p\u00fablico, gracias a sus [&#8230;]<\/p>\n<p>June 25, 2014<\/p>\n<p><a title=\"Permalink to Migraci\u00f3n infantil, en agenda pol\u00edtica de Centro y Norteam\u00e9rica\" href=\"http:\/\/www.eloriente.net\/home\/2014\/06\/23\/migracion-infantil-en-agenda-politica-de-centro-y-norteamerica\/\" rel=\"bookmark\">Migraci\u00f3n infantil, en agenda pol\u00edtica de Centro y Norteam\u00e9rica<\/a><\/p>\n<p><a href=\"http:\/\/www.eloriente.net\/home\/2014\/06\/23\/migracion-infantil-en-agenda-politica-de-centro-y-norteamerica\/\" rel=\"bookmark\"><img decoding=\"async\" title=\"Migraci\u00f3n infantil, en agenda pol\u00edtica de Centro y Norteam\u00e9rica\" src=\"http:\/\/www.eloriente.net\/home\/wp-content\/themes\/city-desk\/timthumb.php?src=http%3A%2F%2Fwww.eloriente.net%2Fhome%2Fwp-content%2Fuploads%2F2014%2F06%2FMigraci%C3%B3n-Por-Peter-Haden.jpg&amp;q=90&amp;w=160&amp;h=106&amp;zc=1\" alt=\"Migraci\u00f3n infantil, en agenda pol\u00edtica de Centro y Norteam\u00e9rica\" \/><\/a><\/p>\n<p>eloriente.net 23\/junio\/2014 El gobierno de Estados Unidos de Am\u00e9rica brindar\u00e1 un apoyo econ\u00f3mico de 93 millones de d\u00f3lares para combatir la migraci\u00f3n infantil en Centroam\u00e9rica, as\u00ed lo dio a conocer a\u00a0Joseph Biden, vicepresidente estadounidense, en el marco de la \u201cReuni\u00f3n Multilateral sobre la migraci\u00f3n de menores y adolescentes no acompa\u00f1ados\u201d. En el encuentro celebrado en [&#8230;]<\/p>\n<p>June 23, 2014<\/p>\n<p><a title=\"Permalink to 66% de mexicanos considera que la ley no se respeta: IFE\" href=\"http:\/\/www.eloriente.net\/home\/2014\/06\/17\/66-de-mexicanos-considera-que-la-ley-no-se-respeta-ine\/\" rel=\"bookmark\">66% de mexicanos considera que la ley no se respeta: IFE<\/a><\/p>\n<p><a href=\"http:\/\/www.eloriente.net\/home\/2014\/06\/17\/66-de-mexicanos-considera-que-la-ley-no-se-respeta-ine\/\" rel=\"bookmark\"><img decoding=\"async\" title=\"66% de mexicanos considera que la ley no se respeta: IFE\" src=\"http:\/\/www.eloriente.net\/home\/wp-content\/themes\/city-desk\/timthumb.php?src=http%3A%2F%2Fwww.eloriente.net%2Fhome%2Fwp-content%2Fuploads%2F2014%2F06%2FSoldado-Por-Eneas.jpg&amp;q=90&amp;w=160&amp;h=106&amp;zc=1\" alt=\"66% de mexicanos considera que la ley no se respeta: IFE\" \/><\/a><\/p>\n<p>eloriente.net 17\/junio\/2014 El 66% de los mexicanos considera que la ley no se respeta y el 63% de la poblaci\u00f3n v\u00edctima de un delito no denunci\u00f3 debido a la desconfianza en las autoridades (52%) y a la percepci\u00f3n de que la denuncia no sirve para nada (63%), as\u00ed lo dio a conocer el \u201cInforme pa\u00eds [&#8230;]<\/p>\n<p>June 17, 2014<\/p>\n\n\t\t\t  <div \n\t\t\t  \tclass = \"fb-comments\" \n\t\t\t  \tdata-href = \"http:\/\/www.eloriente.net\/home\/2014\/06\/26\/ordenan-buscar-eperristas-aqui-cronologia-desde-su-desaparicion\/\"\n\t\t\t  \tdata-numposts = \"10\"\n\t\t\t\tdata-colorscheme = \"dark\"\n\t\t\t\tdata-order-by = \"social\"\n\t\t\t\tdata-mobile=true>\n\t\t\t  <\/div>\n\t\t  <style>\n\t\t\t.fb_iframe_widget_fluid_desktop iframe {\n\t\t\t    width: 100% !important;\n\t\t\t}\n\t\t  <\/style>\n\t\t  ","protected":false},"excerpt":{"rendered":"<p>eloriente.net 26\/junio\/2014 La prensa nacional dio a conocer recientemente que el pasado 19 de junio de 2014, el Poder Judicial de la Federaci\u00f3n emiti\u00f3 un dictamen donde se le solicit\u00f3 al Ministerio P\u00fablico, Sedena, PGR, entre otros organismos gubernamentales encargados de la justicia y seguridad en M\u00e9xico iniciar la b\u00fasqueda de Edmundo Reyes Amaya y [&hellip;]<\/p>\n","protected":false},"author":26,"featured_media":28518,"comment_status":"open","ping_status":"open","sticky":false,"template":"","format":"standard","meta":{"_jetpack_memberships_contains_paid_content":false,"footnotes":""},"categories":[32,13,63,23,464,21,31],"tags":[217,1771,1772,1770,1773,164,231],"class_list":["post-28501","post","type-post","status-publish","format-standard","has-post-thumbnail","hentry","category-entradas","category-especiales","category-estados","category-municipios","category-oaxaca-estados","category-politica-y-gobierno","category-principal","tag-derechos-humanos-2","tag-desaparicion","tag-edmundo-reyes","tag-epr","tag-gabriel-cruz","tag-poder-judicial","tag-politica"],"jetpack_featured_media_url":"http:\/\/www.eloriente.net\/home\/wp-content\/uploads\/2014\/06\/Mazo.jpg","jetpack_sharing_enabled":true,"_links":{"self":[{"href":"http:\/\/www.eloriente.net\/home\/wp-json\/wp\/v2\/posts\/28501"}],"collection":[{"href":"http:\/\/www.eloriente.net\/home\/wp-json\/wp\/v2\/posts"}],"about":[{"href":"http:\/\/www.eloriente.net\/home\/wp-json\/wp\/v2\/types\/post"}],"author":[{"embeddable":true,"href":"http:\/\/www.eloriente.net\/home\/wp-json\/wp\/v2\/users\/26"}],"replies":[{"embeddable":true,"href":"http:\/\/www.eloriente.net\/home\/wp-json\/wp\/v2\/comments?post=28501"}],"version-history":[{"count":15,"href":"http:\/\/www.eloriente.net\/home\/wp-json\/wp\/v2\/posts\/28501\/revisions"}],"predecessor-version":[{"id":28511,"href":"http:\/\/www.eloriente.net\/home\/wp-json\/wp\/v2\/posts\/28501\/revisions\/28511"}],"wp:featuredmedia":[{"embeddable":true,"href":"http:\/\/www.eloriente.net\/home\/wp-json\/wp\/v2\/media\/28518"}],"wp:attachment":[{"href":"http:\/\/www.eloriente.net\/home\/wp-json\/wp\/v2\/media?parent=28501"}],"wp:term":[{"taxonomy":"category","embeddable":true,"href":"http:\/\/www.eloriente.net\/home\/wp-json\/wp\/v2\/categories?post=28501"},{"taxonomy":"post_tag","embeddable":true,"href":"http:\/\/www.eloriente.net\/home\/wp-json\/wp\/v2\/tags?post=28501"}],"curies":[{"name":"wp","href":"https:\/\/api.w.org\/{rel}","templated":true}]}}