{"id":28762,"date":"2014-07-01T11:30:05","date_gmt":"2014-07-01T17:30:05","guid":{"rendered":"http:\/\/www.eloriente.net\/home\/?p=28762"},"modified":"2014-07-01T11:34:04","modified_gmt":"2014-07-01T17:34:04","slug":"participa-en-fotoax-2014-primera-bienal-de-fotografia-oaxaquena","status":"publish","type":"post","link":"http:\/\/www.eloriente.net\/home\/2014\/07\/01\/participa-en-fotoax-2014-primera-bienal-de-fotografia-oaxaquena\/","title":{"rendered":"Participa en \u00abFotoax 2014, Primera Bienal de Fotograf\u00eda Oaxaque\u00f1a\u00bb"},"content":{"rendered":"<p>eloriente.net<\/p>\n<p>1\/julio\/2014<\/p>\n<p>La Secretar\u00eda de las Culturas y las Artes del Estado de Oaxaca (Seculta) convoca a todos los fot\u00f3grafos nacidos, habitantes y extranjeros en la entidad a participar en \u00abFotoax 2014, Primera Bienal de Fotograf\u00eda Oaxaque\u00f1a\u00bb, presentando material de cualquier t\u00e9cnica fotogr\u00e1fica y tem\u00e1tica.<\/p>\n<p>Seg\u00fan la convocatoria, podr\u00e1n participar \u00fanicamente mayores de edad; en el caso de los habitantes no nacidos en Oaxaca y extranjeros deber\u00e1n comprobar su residencia en la entidad por un m\u00ednimo de tres a\u00f1os; registrando en el concurso un proyecto por cada autor.<\/p>\n<p>Los interesados deber\u00e1n presentar una fotograf\u00eda o una serie de m\u00ednimo tres y m\u00e1ximo nueve im\u00e1genes, considerando un espacio de 2.5 metros lineales por 2 metros de alto para el montaje. En caso de presentar piezas tridimensionales no deber\u00e1n exceder los 150 cm en cualquiera de sus dimensiones ni pesar m\u00e1s de 40 kg.<\/p>\n<p>Un jurado calificador evaluar\u00e1 todo el material recibido y seleccionar\u00e1 a las mejores fotograf\u00edas, las cuales formar\u00e1n parte de la exposici\u00f3n \u00abFotoax 2014,\u00a0Primera Bienal de Fotograf\u00eda Oaxaque\u00f1a\u00bb, que se llevar\u00e1 a cabo en las instalaciones del Centro Fotogr\u00e1fico \u00c1lvarez Bravo el d\u00eda 10 de octubre de 2014. La Seculta\u00a0mantendr\u00e1 las obras en resguardo por un a\u00f1o.<\/p>\n<p>Los autores de las im\u00e1genes seleccionadas recibir\u00e1n una constancia de participaci\u00f3n; se editar\u00e1 un cat\u00e1logo con toda la obra y se le entregar\u00e1 de manera gratuita 3 ejemplares a cada participante. Asimismo, el jurado elegir\u00e1 una fotograf\u00eda para recibir un premio m\u00e1ximo de 50 mil pesos y otorgar\u00e1 diferentes menciones honor\u00edficas.<\/p>\n<p>La fotograf\u00eda ganadora pasar\u00e1 a ser propiedad del Gobierno del Estado de Oaxaca, cediendo y autorizando el autor a la Seculta el uso de la pieza adquirida para fines culturales.<\/p>\n<p>Para inscribirse los aspirantes deber\u00e1n llenar y firmar una ficha de registro, la cual se puede descargar desde la p\u00e1gina web de la Seculta (<a href=\"http:\/\/www.culturayartes.oaxaca.gob.mx\" target=\"_blank\">www.culturayartes.oaxaca.gob.mx<\/a>) y enviarla escaneada al correo electr\u00f3nico <a href=\"mailto:bienalfotooax2014@gmail.com\" target=\"_blank\">bienalfotooax2014@gmail.com<\/a>.<\/p>\n<p>En el mismo mensaje se deber\u00e1n adjuntar cada fotograf\u00eda en formato jpg, con resoluci\u00f3n m\u00e1xima 72 dpi, modo RGB a 24 bits o escalas de grises a 8 bits, el lado mayor no deber\u00e1 exceder los 30 cm, ni pesar m\u00e1s de 5 megabits. Nombrando cada imagen como primernombreapellidos_foto1_fotoax2014.jpg; en caso de ser varias im\u00e1genes, colocar los n\u00fameros en orden progresivo.<\/p>\n<p>Adem\u00e1s, deber\u00e1n adjuntar un texto como respaldo conceptual de la serie presentada que no exceda una cuartilla con nombre del archivo\u00a0primernombreapellidos_texto_fotoax2014.doc; e informaci\u00f3n acerca de las fotos: t\u00edtulo de la serie; n\u00famero de las piezas; t\u00edtulo de cada foto; fecha de realizaci\u00f3n, t\u00e9cnica y medidas con nombre del archivo\u00a0primernombreapellidos_infofoto_fotoax2014.doc.<\/p>\n<p>De igual forma se deber\u00e1 entregar una ficha biogr\u00e1fica de m\u00e1ximo cinco renglones, s\u00edntesis curricular no mayor a una cuartilla que incluya correo electr\u00f3nico de contacto, croquis de montaje y copia del acta de nacimiento para los nacidos en Oaxaca; para los mexicanos residentes constancia de origen y vecindad y para los extranjeros su documentaci\u00f3n migratoria, acreditando sus 3 a\u00f1os de residencia en Oaxaca como m\u00ednimo. Cada archivo deber\u00e1 tener el mismo formato como nombre de archivo, sustituyendo el tipo de informaci\u00f3n por biograf\u00eda, curr\u00edculum, montaje y residencia, respectivamente.<\/p>\n<p>Las inscripciones finalizar\u00e1n el d\u00eda 20 de julio de 2014 a las 23.59 horas. Se enviar\u00e1 una confirmaci\u00f3n de recepci\u00f3n en un lapso de 3 d\u00edas h\u00e1biles posteriores a la fecha de env\u00edo.<\/p>\n<p>La Seculta dar\u00e1 a conocer los resultados de la selecci\u00f3n el d\u00eda 25 de julio de 2014 por medio su sitio web y contactar\u00e1 a cada uno de los seleccionados v\u00eda correo electr\u00f3nico. El nombre del ganador y de las Menciones Honor\u00edficas ser\u00e1n anunciados el d\u00eda de la inauguraci\u00f3n de la muestra.<\/p>\n<p>Consulta la convocatoria completa, dando click a la siguiente liga de <a href=\"http:\/\/www.culturasyartes.oaxaca.gob.mx\/sites\/www.culturasyartes.oaxaca.gob.mx\/files\/bienalfotoax2014.pdf\" target=\"_blank\">enlace<\/a>.<\/p>\n<p>&nbsp;<\/p>\n<p><a href=\"http:\/\/www.eloriente.net\/home\/wp-content\/uploads\/2012\/08\/concurso-fotograf\u00eda.jpeg\"><img loading=\"lazy\" decoding=\"async\" class=\"alignnone size-medium wp-image-2445\" title=\"concurso fotograf\u00eda\" src=\"http:\/\/www.eloriente.net\/home\/wp-content\/uploads\/2012\/08\/concurso-fotograf\u00eda-300x225.jpeg\" alt=\"\" width=\"300\" height=\"225\" srcset=\"http:\/\/www.eloriente.net\/home\/wp-content\/uploads\/2012\/08\/concurso-fotograf\u00eda-300x225.jpeg 300w, http:\/\/www.eloriente.net\/home\/wp-content\/uploads\/2012\/08\/concurso-fotograf\u00eda.jpeg 640w\" sizes=\"(max-width: 300px) 100vw, 300px\" \/><\/a><\/p>\n<p>&nbsp;<\/p>\n<p><strong>Entradas relacionadas:<\/strong><\/p>\n<p><a title=\"Permalink to 21\/Julio\/2014: Apertura del curso \u201cEmpleando veh\u00edculos a\u00e9reos no tripulados\u201d\" href=\"http:\/\/www.eloriente.net\/home\/2014\/07\/01\/21julio2014-apertura-del-curso-empleando-vehiculos-aereos-no-tripulados\/\" rel=\"bookmark\">21\/Julio\/2014: Apertura del curso \u201cEmpleando veh\u00edculos a\u00e9reos no tripulados\u201d<\/a><\/p>\n<p><a href=\"http:\/\/www.eloriente.net\/home\/2014\/07\/01\/21julio2014-apertura-del-curso-empleando-vehiculos-aereos-no-tripulados\/\" rel=\"bookmark\"><img decoding=\"async\" title=\"21\/Julio\/2014: Apertura del curso \u201cEmpleando veh\u00edculos a\u00e9reos no tripulados\u201d\" src=\"http:\/\/www.eloriente.net\/home\/wp-content\/themes\/city-desk\/timthumb.php?src=http%3A%2F%2Fwww.eloriente.net%2Fhome%2Fwp-content%2Fuploads%2F2014%2F07%2FCartograf%C3%ADa-Por-Fotodrone.jpg&amp;q=90&amp;w=160&amp;h=106&amp;zc=1\" alt=\"21\/Julio\/2014: Apertura del curso \u201cEmpleando veh\u00edculos a\u00e9reos no tripulados\u201d\" \/><\/a><\/p>\n<p>eloriente.net 1\/julio\/2014 Recibe un 5% de descuento si al momento de tu inscripci\u00f3n mencionas que le\u00edste sobre el curso en ELORIENTE.NET La Universidad Santander Oaxaca (UNISAN) invita a la comunidad tecnol\u00f3gica y cient\u00edfica de la entidad a participar en el curso \u201cGeneraci\u00f3n de productos cartogr\u00e1ficos: empleando veh\u00edculos a\u00e9reos no tripulados\u201d, el cual se llevar\u00e1 cabo [&#8230;]<\/p>\n<p>July 1, 2014<\/p>\n<p><a title=\"Permalink to Participa en el concurso de blogs \u201cTurismo y desarrollo comunitario\u201d\" href=\"http:\/\/www.eloriente.net\/home\/2014\/06\/28\/participa-en-el-concurso-de-blogs-turismo-y-desarrollo-comunitario\/\" rel=\"bookmark\">Participa en el concurso de blogs \u201cTurismo y desarrollo comunitario\u201d<\/a><\/p>\n<p><a href=\"http:\/\/www.eloriente.net\/home\/2014\/06\/28\/participa-en-el-concurso-de-blogs-turismo-y-desarrollo-comunitario\/\" rel=\"bookmark\"><img decoding=\"async\" title=\"Participa en el concurso de blogs \u201cTurismo y desarrollo comunitario\u201d\" src=\"http:\/\/www.eloriente.net\/home\/wp-content\/themes\/city-desk\/timthumb.php?src=http%3A%2F%2Fwww.eloriente.net%2Fhome%2Fwp-content%2Fuploads%2F2014%2F06%2FTurismo-y-desarrollo-comunitario-Por-WTD.png&amp;q=90&amp;w=160&amp;h=106&amp;zc=1\" alt=\"Participa en el concurso de blogs \u201cTurismo y desarrollo comunitario\u201d\" \/><\/a><\/p>\n<p>eloriente.net 28\/junio\/2014 La Organizaci\u00f3n Mundial del Turismo (OMT) invita a la poblaci\u00f3n internacional en general a participar en el Concurso de Blogs \u201cTurismo y desarrollo comunitario\u201d, tema que enmarca las actividades de celebraci\u00f3n del D\u00eda Mundial de Turismo (DMT) 2014, a realizarse el pr\u00f3ximo 27 de septiembre, en la ciudad de Guadalajara, Jalisco, M\u00e9xico. Podr\u00e1n [&#8230;]<\/p>\n<p>June 28, 2014<\/p>\n<p><a title=\"Permalink to Estudia becado cursos de desarrollo profesional de la OEA\" href=\"http:\/\/www.eloriente.net\/home\/2014\/06\/24\/estudia-becado-cursos-de-desarrollo-profesional-de-la-oea\/\" rel=\"bookmark\">Estudia becado cursos de desarrollo profesional de la OEA<\/a><\/p>\n<p><a href=\"http:\/\/www.eloriente.net\/home\/2014\/06\/24\/estudia-becado-cursos-de-desarrollo-profesional-de-la-oea\/\" rel=\"bookmark\"><img decoding=\"async\" title=\"Estudia becado cursos de desarrollo profesional de la OEA\" src=\"http:\/\/www.eloriente.net\/home\/wp-content\/themes\/city-desk\/timthumb.php?src=http%3A%2F%2Fwww.eloriente.net%2Fhome%2Fwp-content%2Fuploads%2F2014%2F06%2FMontreal-de-noche-Algunos-derechos-reservados-por-Artur-Staszewski.jpg&amp;q=90&amp;w=160&amp;h=106&amp;zc=1\" alt=\"Estudia becado cursos de desarrollo profesional de la OEA\" \/><\/a><\/p>\n<p>eloriente.net 24\/junio\/2014 La Organizaci\u00f3n de los Estados Americanos (OEA) invita a la ciudadan\u00eda en general a participar en la convocatoria de ofrecimiento de becas para tomar cursos de desarrollo profesional en alguno de los pa\u00edses miembros,\u00a0entre alrededor de 100 opciones en modalidad a distancia, presencial o mixta. Las becas de actualizaci\u00f3n profesional proveer\u00e1n fondos para [&#8230;]<\/p>\n<p>June 24, 2014<\/p>\n\n\t\t\t  <div \n\t\t\t  \tclass = \"fb-comments\" \n\t\t\t  \tdata-href = \"http:\/\/www.eloriente.net\/home\/2014\/07\/01\/participa-en-fotoax-2014-primera-bienal-de-fotografia-oaxaquena\/\"\n\t\t\t  \tdata-numposts = \"10\"\n\t\t\t\tdata-colorscheme = \"dark\"\n\t\t\t\tdata-order-by = \"social\"\n\t\t\t\tdata-mobile=true>\n\t\t\t  <\/div>\n\t\t  <style>\n\t\t\t.fb_iframe_widget_fluid_desktop iframe {\n\t\t\t    width: 100% !important;\n\t\t\t}\n\t\t  <\/style>\n\t\t  ","protected":false},"excerpt":{"rendered":"<p>eloriente.net 1\/julio\/2014 La Secretar\u00eda de las Culturas y las Artes del Estado de Oaxaca (Seculta) convoca a todos los fot\u00f3grafos nacidos, habitantes y extranjeros en la entidad a participar en \u00abFotoax 2014, Primera Bienal de Fotograf\u00eda Oaxaque\u00f1a\u00bb, presentando material de cualquier t\u00e9cnica fotogr\u00e1fica y tem\u00e1tica. Seg\u00fan la convocatoria, podr\u00e1n participar \u00fanicamente mayores de edad; en [&hellip;]<\/p>\n","protected":false},"author":26,"featured_media":2445,"comment_status":"open","ping_status":"open","sticky":false,"template":"","format":"standard","meta":{"_jetpack_memberships_contains_paid_content":false,"footnotes":""},"categories":[26,18,32,63,10,464,84],"tags":[1419,122,997,241,123,73,458],"class_list":["post-28762","post","type-post","status-publish","format-standard","has-post-thumbnail","hentry","category-convocatorias","category-educacion-y-cultura","category-entradas","category-estados","category-lo-mas-reciente","category-oaxaca-estados","category-universidades","tag-bienal","tag-concurso","tag-convocatoria","tag-cultura","tag-fotografia","tag-oaxaca","tag-premio"],"jetpack_featured_media_url":"http:\/\/www.eloriente.net\/home\/wp-content\/uploads\/2012\/08\/concurso-fotograf\u00eda.jpeg","jetpack_sharing_enabled":true,"_links":{"self":[{"href":"http:\/\/www.eloriente.net\/home\/wp-json\/wp\/v2\/posts\/28762"}],"collection":[{"href":"http:\/\/www.eloriente.net\/home\/wp-json\/wp\/v2\/posts"}],"about":[{"href":"http:\/\/www.eloriente.net\/home\/wp-json\/wp\/v2\/types\/post"}],"author":[{"embeddable":true,"href":"http:\/\/www.eloriente.net\/home\/wp-json\/wp\/v2\/users\/26"}],"replies":[{"embeddable":true,"href":"http:\/\/www.eloriente.net\/home\/wp-json\/wp\/v2\/comments?post=28762"}],"version-history":[{"count":13,"href":"http:\/\/www.eloriente.net\/home\/wp-json\/wp\/v2\/posts\/28762\/revisions"}],"predecessor-version":[{"id":28774,"href":"http:\/\/www.eloriente.net\/home\/wp-json\/wp\/v2\/posts\/28762\/revisions\/28774"}],"wp:featuredmedia":[{"embeddable":true,"href":"http:\/\/www.eloriente.net\/home\/wp-json\/wp\/v2\/media\/2445"}],"wp:attachment":[{"href":"http:\/\/www.eloriente.net\/home\/wp-json\/wp\/v2\/media?parent=28762"}],"wp:term":[{"taxonomy":"category","embeddable":true,"href":"http:\/\/www.eloriente.net\/home\/wp-json\/wp\/v2\/categories?post=28762"},{"taxonomy":"post_tag","embeddable":true,"href":"http:\/\/www.eloriente.net\/home\/wp-json\/wp\/v2\/tags?post=28762"}],"curies":[{"name":"wp","href":"https:\/\/api.w.org\/{rel}","templated":true}]}}