{"id":28818,"date":"2014-07-02T18:15:01","date_gmt":"2014-07-03T00:15:01","guid":{"rendered":"http:\/\/www.eloriente.net\/home\/?p=28818"},"modified":"2014-07-02T18:19:51","modified_gmt":"2014-07-03T00:19:51","slug":"escucha-a-megan-martin-ulises-aquino-jaime-katz-e-isabel-rojas-en-todo-oaxaca-radio-1jul14","status":"publish","type":"post","link":"http:\/\/www.eloriente.net\/home\/2014\/07\/02\/escucha-a-megan-martin-ulises-aquino-jaime-katz-e-isabel-rojas-en-todo-oaxaca-radio-1jul14\/","title":{"rendered":"Escucha a Megan Martin, Ulises Aquino, Jaime Katz e Isabel Rojas en Todo Oaxaca Radio 1\/Jul\/14"},"content":{"rendered":"<p>todooaxacaradio.com<\/p>\n<p>2\/julio\/2014<\/p>\n<p>Como cada martes, en punto de las 17:00 horas se transmiti\u00f3 el programa Todo Oaxaca Radio completamente en vivo desde la Ciudad de Oaxaca de Ju\u00e1rez, a trav\u00e9s de las frecuencias abiertas 570 AM, 94.9 FM y para todo el mundo a trav\u00e9s de www.todooaxacaradio.com.<\/p>\n<p>El programa es conducido por Rub\u00e9n Vasconcelos Beltr\u00e1n, cronista de la Ciudad de Oaxaca, as\u00ed como Guadalupe Zarza Brise\u00f1o, reconocida empresaria y representante de la sociedad civil.<\/p>\n<p><strong>Nuestros temas e invitados del 1 de julio de de 2014<\/strong><\/p>\n<p>En esta primera emisi\u00f3n de julio de 2014, charlamos con cuatro personalidades para abordar temas de inter\u00e9s social y cultural que concierne a nuestra entidad oaxaque\u00f1a \u00bfquieres saber m\u00e1s? Escucha el programa dando click en el reproductor localizado al final de la redacci\u00f3n.<\/p>\n<p><strong>Minuto 03<strong>\u201908<strong>\u2019<\/strong><strong>\u2019<\/strong><\/strong><\/strong><\/p>\n<p>Megan Martin y Ulises Aquino, miembros de la organizaci\u00f3n Hub Oaxaca.<\/p>\n<p><em>\u201cRecibimos 22 propuestas de proyecto para el concurso\u00a0Impact Hub Fellowship para una vida larga y plena, en este momento contamos con seis finalistas\u201d<\/em><\/p>\n<p><em>\u201cEste es\u00a0un programa internacional de soporte para emprendedores, buscamos proyectos que propusieran <em>ideas innovadoras<\/em>\u00a0para enfrentar los desaf\u00edos del envejecimiento de la poblaci\u00f3n y el incremento en la expectativa de vida\u201d<\/em><\/p>\n<p><em>\u201cRecibimos planes de negocio y\u00a0an\u00e1lisis de competencias de proyectos acerca\u00a0de alimentaci\u00f3n, transporte, centros recreativos, entre otros\u00bb<\/em><\/p>\n<p><em>\u201cA<em>ctualmente los finalistas est\u00e1n preparando unas presentaciones para enfrentarse a un jurado quienes seleccionar\u00e1n a los tres mejores, quienes recibir\u00e1n una beca, asesor\u00edas, talleres, coaching<\/em>\u201d<\/em><\/p>\n<p><em>\u201cEn octubre elegiremos el proyecto ganador, el cual recibir\u00e1 260 mil pesos para su implementaci\u00f3n<\/em><em>\u00ab<\/em><\/p>\n<p>&nbsp;<\/p>\n<p><a href=\"http:\/\/www.eloriente.net\/home\/wp-content\/uploads\/2014\/07\/Megan-Martin-y-Ulises-Aquino.jpg\"><img loading=\"lazy\" decoding=\"async\" class=\"alignnone size-medium wp-image-28820\" title=\"Megan-Martin-y-Ulises-Aquino\" src=\"http:\/\/www.eloriente.net\/home\/wp-content\/uploads\/2014\/07\/Megan-Martin-y-Ulises-Aquino-300x199.jpg\" alt=\"\" width=\"300\" height=\"199\" srcset=\"http:\/\/www.eloriente.net\/home\/wp-content\/uploads\/2014\/07\/Megan-Martin-y-Ulises-Aquino-300x199.jpg 300w, http:\/\/www.eloriente.net\/home\/wp-content\/uploads\/2014\/07\/Megan-Martin-y-Ulises-Aquino-1024x682.jpg 1024w\" sizes=\"(max-width: 300px) 100vw, 300px\" \/><\/a><\/p>\n<p>&nbsp;<\/p>\n<p><strong>Minuto 16<strong>\u201954<strong>\u2019<\/strong><strong>\u2019<\/strong><\/strong><\/strong><\/p>\n<p>Jaime Katz Moralez, titular de la Secretar\u00eda de Turismo Municipal de Oaxaca de Ju\u00e1rez.<\/p>\n<p><em>\u201cJulio, el mes de la Guelaguetza, est\u00e1 lleno de actividades culturales y art\u00edsticas de Oaxaca; adem\u00e1s, nos estamos preparando para recibir al turismo nacional y extranjero, ya que son nuestra principal fuente ingresos\u201d<\/em><\/p>\n<p><em>\u201cLa Secretar\u00eda de Turismo tiene a su cargo este a\u00f1o la organizaci\u00f3n del\u00a0espect\u00e1culo\u00a0de luz y sonido de Donaj\u00ed, la leyenda, el cual cumple 33 a\u00f1os de presentarse en las festividades de julio\u201d<\/em><\/p>\n<p><em>\u201cDonaj\u00ed, la leyenda, se llevar\u00e1 a cabo los d\u00edas 20 y 27 de julio, los domingos anteriores al lunes del cerro en el auditorio Guelaguetza\u201d<\/em><\/p>\n<p><em>\u201cLos lunes del cerro tienen su origen en una celebraci\u00f3n de origen prehisp\u00e1nica que veneraban Cent\u00e9otl, diosa del ma\u00edz, que representaba a la diosa madre\u201d<\/em><\/p>\n<p><em>\u201cPara el presentaci\u00f3n de Donaj\u00ed, la leyenda, el 35% de la capacidad del auditorio Guelaguetza se comercializa y el 65% restante es de acceso libre especialmente para los oaxaque\u00f1os\u00bb<\/em><\/p>\n<p>&nbsp;<\/p>\n<p><a href=\"http:\/\/www.eloriente.net\/home\/wp-content\/uploads\/2014\/07\/Jaime-Katz.jpg\"><img loading=\"lazy\" decoding=\"async\" style=\"-webkit-user-select: none; cursor: -webkit-zoom-in;\" src=\"http:\/\/www.eloriente.net\/home\/wp-content\/uploads\/2014\/07\/Jaime-Katz.jpg\" alt=\"\" width=\"300\" height=\"199\" \/><\/a><\/p>\n<p>&nbsp;<\/p>\n<p><strong>Minuto 34<strong>\u201928<strong>\u2019<\/strong><strong>\u2019<\/strong><\/strong><\/strong><\/p>\n<p>Isabel Rojas, directora del programa Oaxaca Cine.<\/p>\n<p><em>\u201cHemos tenido mucho cine en el teatro Macedonio Alcal\u00e1, estamos muy contentos, muy agradecidos con el p\u00fablico que nos acompa\u00f1a mes con mes\u201d<\/em><\/p>\n<p><em>\u201cEl d\u00eda 7 hasta el 15 de julio tendremos una nueva temporada, vamos a tener un total de seis largometrajes y tres cortometrajes\u201d<\/em><\/p>\n<p><em>\u201cLas nueve pel\u00edculas que proyectaremos este julio son producciones recientes de creadores mexicanos, originarios de Ciudad Ju\u00e1rez, Tijuana, Guadalajara, Distrito Federal y Oaxaca\u201d<\/em><\/p>\n<p><em>\u201cHoy en d\u00eda no hay tanto espacios para proyecci\u00f3n de cine, por ejemplo estas pel\u00edculas dif\u00edcilmente se encontrar\u00e1n o se transmitir\u00e1n por televisi\u00f3n, tienen una distribuci\u00f3n escasa\u201d<\/em><\/p>\n<p><em>\u201cPueden consultar la cartelera completa en la p\u00e1gina de internet <a href=\"http:\/\/www.oaxacacine.com\/\" target=\"_blank\">www.oaxacacine.com<\/a> o a trav\u00e9s de nuestras redes sociales\u00bb<\/em><\/p>\n<p>&nbsp;<\/p>\n<p><a href=\"http:\/\/www.eloriente.net\/home\/wp-content\/uploads\/2014\/07\/Isabel-Rojas.jpg\"><img loading=\"lazy\" decoding=\"async\" style=\"-webkit-user-select: none; cursor: -webkit-zoom-in;\" src=\"http:\/\/www.eloriente.net\/home\/wp-content\/uploads\/2014\/07\/Isabel-Rojas.jpg\" alt=\"\" width=\"300\" height=\"199\" \/><\/a><\/p>\n<p>&nbsp;<\/p>\n<p><iframe loading=\"lazy\" src=\"http:\/\/www.ivoox.com\/player_ek_3278930_2_1.html?data=lJekmp6XdI6ZmKial5mJd6Kmk5KSmaiRdo6ZmKiakpKJe6ShkZKSmaiRmNDY0JC8w93Fp8Kfs8bRy9SPdYamp6%2Fizs7TaZO6k5WelpKJe6ShtdTR0ZCzpdnVxMaYtMbIrdChhpywj5k%3D&amp;\" frameborder=\"0\" scrolling=\"no\" width=\"238\" height=\"48\"><\/iframe><\/p>\n<p>&nbsp;<\/p>\n<p><strong>Entradas relacionadas:<\/strong><\/p>\n<p><a title=\"Permalink to Escucha a Suhail Su\u00e1rez, Heriberto Hern\u00e1ndez y Lizette Santiago en Todo Oaxaca Radio 24\/Jun\/14\" href=\"http:\/\/www.eloriente.net\/home\/2014\/06\/25\/escucha-a-suhail-suarez-heriberto-hernandez-y-lizette-santiago-en-todo-oaxaca-radio-24jun14\/\" rel=\"bookmark\">Escucha a Suhail Su\u00e1rez, Heriberto Hern\u00e1ndez y Lizette Santiago en Todo Oaxaca Radio 24\/Jun\/14<\/a><\/p>\n<p><a href=\"http:\/\/www.eloriente.net\/home\/2014\/06\/25\/escucha-a-suhail-suarez-heriberto-hernandez-y-lizette-santiago-en-todo-oaxaca-radio-24jun14\/\" rel=\"bookmark\"><img decoding=\"async\" title=\"Escucha a Suhail Su\u00e1rez, Heriberto Hern\u00e1ndez y Lizette Santiago en Todo Oaxaca Radio 24\/Jun\/14\" src=\"http:\/\/www.eloriente.net\/home\/wp-content\/themes\/city-desk\/timthumb.php?src=http%3A%2F%2Fwww.eloriente.net%2Fhome%2Fwp-content%2Fuploads%2F2014%2F06%2FUnisan.jpg&amp;q=90&amp;w=160&amp;h=106&amp;zc=1\" alt=\"Escucha a Suhail Su\u00e1rez, Heriberto Hern\u00e1ndez y Lizette Santiago en Todo Oaxaca Radio 24\/Jun\/14\" \/><\/a><\/p>\n<p>todooaxacaradio.com 25\/junio\/2014 Como cada martes, en punto de las 17:00 horas se transmiti\u00f3 el programa Todo Oaxaca Radio completamente en vivo desde la Ciudad de Oaxaca de Ju\u00e1rez, a trav\u00e9s de las frecuencias abiertas 570 AM, 94.9 FM y para todo el mundo a trav\u00e9s de www.todooaxacaradio.com. El programa es conducido por Rub\u00e9n Vasconcelos Beltr\u00e1n, [&#8230;]<\/p>\n<p>June 25, 2014<\/p>\n<div id=\"post-28032\">\n<p><a title=\"Permalink to Escucha a Mar\u00eda Garc\u00eda y Humberto Su\u00e1rez en Todo Oaxaca Radio 17\/Jun\/14\" href=\"http:\/\/www.eloriente.net\/home\/2014\/06\/18\/escucha-a-maria-garcia-y-humberto-suarez-en-todo-oaxaca-radio-17jun14\/\" rel=\"bookmark\">Escucha a Mar\u00eda Garc\u00eda y Humberto Su\u00e1rez en Todo Oaxaca Radio 17\/Jun\/14<\/a><\/p>\n<p><a href=\"http:\/\/www.eloriente.net\/home\/2014\/06\/18\/escucha-a-maria-garcia-y-humberto-suarez-en-todo-oaxaca-radio-17jun14\/\" rel=\"bookmark\"><img decoding=\"async\" title=\"Escucha a Mar\u00eda Garc\u00eda y Humberto Su\u00e1rez en Todo Oaxaca Radio 17\/Jun\/14\" src=\"http:\/\/www.eloriente.net\/home\/wp-content\/themes\/city-desk\/timthumb.php?src=http%3A%2F%2Fwww.eloriente.net%2Fhome%2Fwp-content%2Fuploads%2F2014%2F06%2FMar%C3%ADa-Garc%C3%ADa.jpg&amp;q=90&amp;w=160&amp;h=106&amp;zc=1\" alt=\"Escucha a Mar\u00eda Garc\u00eda y Humberto Su\u00e1rez en Todo Oaxaca Radio 17\/Jun\/14\" \/><\/a><\/p>\n<p>todooaxacaradio.com 18 de junio de 2014 Como cada martes, en punto de las 17:00 horas se transmiti\u00f3 el programa Todo Oaxaca Radio completamente en vivo desde la Ciudad de Oaxaca de Ju\u00e1rez, a trav\u00e9s de las frecuencias abiertas 570 AM, 94.9 FM y para todo el mundo a trav\u00e9s de www.todooaxacaradio.com. El programa es conducido [&#8230;]<\/p>\n<p>June 18, 2014<\/p>\n<\/div>\n<div id=\"post-27636\">\n<p><a title=\"Permalink to Escucha a F\u00e1tima Castillejos, Ra\u00fal Ram\u00edrez, Francisco Villegas, Ileana Ju\u00e1rez y Reynel V\u00e1squez en Todo Oaxaca Radio 10\/Jun\/14\" href=\"http:\/\/www.eloriente.net\/home\/2014\/06\/11\/escucha-a-fatima-castillejos-raul-ramirez-francisco-villegas-ileana-juarez-y-reynel-vasquez-en-todo-oaxaca-radio-10may14\/\" rel=\"bookmark\">Escucha a F\u00e1tima Castillejos, Ra\u00fal Ram\u00edrez, Francisco Villegas, Ileana Ju\u00e1rez y Reynel V\u00e1squez en Todo Oaxaca Radio 10\/Jun\/14<\/a><\/p>\n<p><a href=\"http:\/\/www.eloriente.net\/home\/2014\/06\/11\/escucha-a-fatima-castillejos-raul-ramirez-francisco-villegas-ileana-juarez-y-reynel-vasquez-en-todo-oaxaca-radio-10may14\/\" rel=\"bookmark\"><img decoding=\"async\" title=\"Escucha a F\u00e1tima Castillejos, Ra\u00fal Ram\u00edrez, Francisco Villegas, Ileana Ju\u00e1rez y Reynel V\u00e1squez en Todo Oaxaca Radio 10\/Jun\/14\" src=\"http:\/\/www.eloriente.net\/home\/wp-content\/themes\/city-desk\/timthumb.php?src=http%3A%2F%2Fwww.eloriente.net%2Fhome%2Fwp-content%2Fuploads%2F2014%2F06%2FMMOBIDIC.jpg&amp;q=90&amp;w=160&amp;h=106&amp;zc=1\" alt=\"Escucha a F\u00e1tima Castillejos, Ra\u00fal Ram\u00edrez, Francisco Villegas, Ileana Ju\u00e1rez y Reynel V\u00e1squez en Todo Oaxaca Radio 10\/Jun\/14\" \/><\/a><\/p>\n<p>todooaxacaradio.com 11\/junio\/2014 Como cada martes, en punto de las 17:00 horas se transmiti\u00f3 el programa Todo Oaxaca Radio completamente en vivo desde la Ciudad de Oaxaca de Ju\u00e1rez, a trav\u00e9s de las frecuencias abiertas 570 AM, 94.9 FM y para todo el mundo a trav\u00e9s de www.todooaxacaradio.com. El programa es conducido por Rub\u00e9n Vasconcelos Beltr\u00e1n, [&#8230;]<\/p>\n<p>June 11, 2014<\/p>\n<\/div>\n\n\t\t\t  <div \n\t\t\t  \tclass = \"fb-comments\" \n\t\t\t  \tdata-href = \"http:\/\/www.eloriente.net\/home\/2014\/07\/02\/escucha-a-megan-martin-ulises-aquino-jaime-katz-e-isabel-rojas-en-todo-oaxaca-radio-1jul14\/\"\n\t\t\t  \tdata-numposts = \"10\"\n\t\t\t\tdata-colorscheme = \"dark\"\n\t\t\t\tdata-order-by = \"social\"\n\t\t\t\tdata-mobile=true>\n\t\t\t  <\/div>\n\t\t  <style>\n\t\t\t.fb_iframe_widget_fluid_desktop iframe {\n\t\t\t    width: 100% !important;\n\t\t\t}\n\t\t  <\/style>\n\t\t  ","protected":false},"excerpt":{"rendered":"<p>todooaxacaradio.com 2\/julio\/2014 Como cada martes, en punto de las 17:00 horas se transmiti\u00f3 el programa Todo Oaxaca Radio completamente en vivo desde la Ciudad de Oaxaca de Ju\u00e1rez, a trav\u00e9s de las frecuencias abiertas 570 AM, 94.9 FM y para todo el mundo a trav\u00e9s de www.todooaxacaradio.com. El programa es conducido por Rub\u00e9n Vasconcelos Beltr\u00e1n, [&hellip;]<\/p>\n","protected":false},"author":26,"featured_media":28820,"comment_status":"open","ping_status":"open","sticky":false,"template":"","format":"standard","meta":{"_jetpack_memberships_contains_paid_content":false,"footnotes":""},"categories":[32,63,464,12],"tags":[4076,1829,1828,330,1086,1394,1819],"class_list":["post-28818","post","type-post","status-publish","format-standard","has-post-thumbnail","hentry","category-entradas","category-estados","category-oaxaca-estados","category-todo-oaxaca-radio","tag-cine","tag-donaji","tag-hub-oaxaca-2","tag-radio","tag-ruben-vasconcelos","tag-todo-oaxaca","tag-unisan"],"jetpack_featured_media_url":"http:\/\/www.eloriente.net\/home\/wp-content\/uploads\/2014\/07\/Megan-Martin-y-Ulises-Aquino.jpg","jetpack_sharing_enabled":true,"_links":{"self":[{"href":"http:\/\/www.eloriente.net\/home\/wp-json\/wp\/v2\/posts\/28818"}],"collection":[{"href":"http:\/\/www.eloriente.net\/home\/wp-json\/wp\/v2\/posts"}],"about":[{"href":"http:\/\/www.eloriente.net\/home\/wp-json\/wp\/v2\/types\/post"}],"author":[{"embeddable":true,"href":"http:\/\/www.eloriente.net\/home\/wp-json\/wp\/v2\/users\/26"}],"replies":[{"embeddable":true,"href":"http:\/\/www.eloriente.net\/home\/wp-json\/wp\/v2\/comments?post=28818"}],"version-history":[{"count":8,"href":"http:\/\/www.eloriente.net\/home\/wp-json\/wp\/v2\/posts\/28818\/revisions"}],"predecessor-version":[{"id":28835,"href":"http:\/\/www.eloriente.net\/home\/wp-json\/wp\/v2\/posts\/28818\/revisions\/28835"}],"wp:featuredmedia":[{"embeddable":true,"href":"http:\/\/www.eloriente.net\/home\/wp-json\/wp\/v2\/media\/28820"}],"wp:attachment":[{"href":"http:\/\/www.eloriente.net\/home\/wp-json\/wp\/v2\/media?parent=28818"}],"wp:term":[{"taxonomy":"category","embeddable":true,"href":"http:\/\/www.eloriente.net\/home\/wp-json\/wp\/v2\/categories?post=28818"},{"taxonomy":"post_tag","embeddable":true,"href":"http:\/\/www.eloriente.net\/home\/wp-json\/wp\/v2\/tags?post=28818"}],"curies":[{"name":"wp","href":"https:\/\/api.w.org\/{rel}","templated":true}]}}