{"id":28821,"date":"2014-07-02T17:33:47","date_gmt":"2014-07-02T23:33:47","guid":{"rendered":"http:\/\/www.eloriente.net\/home\/?p=28821"},"modified":"2014-07-02T18:17:51","modified_gmt":"2014-07-03T00:17:51","slug":"7-de-octubre-arrancara-proceso-electoral-federal-2014-2015","status":"publish","type":"post","link":"http:\/\/www.eloriente.net\/home\/2014\/07\/02\/7-de-octubre-arrancara-proceso-electoral-federal-2014-2015\/","title":{"rendered":"7 de octubre arrancar\u00e1 Proceso Electoral Federal 2014-2015"},"content":{"rendered":"<p>eloriente.net\/<a href=\"http:\/\/www.ine.mx\/portal\/site\/ifev2\" target=\"_blank\">INE<\/a><\/p>\n<p>2 de julio de 2014<\/p>\n<p><iframe loading=\"lazy\" src=\"\/\/www.youtube.com\/embed\/eOg8RRockn4?list=UUJZO7lVnlpbUBxwPdXad3lA\" frameborder=\"0\" width=\"560\" height=\"315\"><\/iframe><\/p>\n<p>&nbsp;<\/p>\n<p>Durante la primera sesi\u00f3n ordinaria del Consejo General del Instituto Nacional Electoral (INE) el Consejero Presidente, Lorenzo C\u00f3rdova Vianello, anunci\u00f3 que por decisi\u00f3n de las Consejeras y Consejeros electorales el inicio formal, constitucional y legal del Proceso Electoral Federal (PEF) 2014-2015 ser\u00e1 el pr\u00f3ximo 7 de octubre.<\/p>\n<p>C\u00f3rdova Vianello mencion\u00f3 que este acuerdo permite que algunas modificaciones a la legislaci\u00f3n electoral que a\u00fan se discuten en el Congreso de la Uni\u00f3n y la armonizaci\u00f3n de las legislaturas locales tengan hasta el 9 de julio pr\u00f3ximo para ser promulgadas, toda vez que la Constituci\u00f3n se\u00f1ala que las modificaciones a la legislaci\u00f3n electoral deben realizarse noventa d\u00edas antes de que inicie el proceso electoral.<\/p>\n<p>El Consejero Presidente dijo: \u201ccreemos que en aras de un adecuado aterrizaje de la Reforma Electoral, contar con la posibilidad de que el trabajo legislativo pueda terminarse en tiempo y sin generar ning\u00fan tipo de vicio de constitucionalidad, es sumamente importante. Esa es la raz\u00f3n por la cual los Consejeros Electorales hemos decidido que la sesi\u00f3n de inicio del proceso, se realice el d\u00eda 7 de octubre\u201d.<\/p>\n<p>Al hacer el anuncio, Lorenzo C\u00f3rdova, agreg\u00f3 que la decisi\u00f3n no trasciende el \u00e1mbito de las elecciones federales. La facultad que se confiere por la ley al Consejo General del INE, solamente tiene un impacto para las elecciones federales.<\/p>\n<p>Sin embargo, asegur\u00f3 que \u201c\u00e9sta es una interpretaci\u00f3n que puede hacerse v\u00e1lida, que puede asumirse por parte de los Organismos P\u00fablicos Locales electorales, que tendr\u00e1n en sus manos la encomienda de conducir los 17 -18 si tomamos en cuenta Oaxaca- procesos electorales en curso, que tendr\u00e1n que realizarse el pr\u00f3ximo a\u00f1o\u201d.<\/p>\n<p>Por su parte, el Consejero Electoral y Presidente de la Comisi\u00f3n de Organizaci\u00f3n Electoral, Arturo S\u00e1nchez llam\u00f3 a los integrantes del Consejo a dar tr\u00e1mite a todos los asuntos pendientes de 2009, 2010, 2011 y 2012 para que queden resueltos antes del inicio del pr\u00f3ximo proceso electoral.<\/p>\n<p>Al desahogar la sesi\u00f3n, los Consejeros y Consejeras Electorales, aprobaron el \u201cProtocolo para prevenir, atender y sancionar el hostigamiento y acoso sexual o laboral del Instituto Nacional Electoral\u201d, as\u00ed como el estudio de los impactos para su implementaci\u00f3n.<\/p>\n<p>En este sentido, el Consejero Presidente afirm\u00f3 que el Instituto Nacional Electoral va en serio en contra de cualquier pr\u00e1ctica de hostigamiento o acoso sexual o laboral que se presente en su interior. \u201cEl Instituto Nacional Electoral que queremos consolidar ser\u00e1 intolerante frente a cualquier tipo de hostigamiento y acoso\u201d, dijo.<\/p>\n<p>Los integrantes de la m\u00e1xima autoridad electoral aprobaron, por unanimidad, las adecuaciones al Reglamento del INE en Materia de Transparencia y Acceso a la Informaci\u00f3n P\u00fablica, as\u00ed como al Reglamento de Sesiones del \u00d3rgano Garante de la Transparencia y Acceso a la Informaci\u00f3n del Instituto Nacional Electoral.<\/p>\n<p>En este sentido, la Consejera Electoral Adriana Favela, Presidenta del \u00d3rgano, asegur\u00f3 que la aprobaci\u00f3n de estos reglamentos, aunque tendr\u00e1n vigencia transitoria, ya que se prev\u00e9 sea aprobada pronto la legislaci\u00f3n electoral en materia de transparencia, \u201cpermite esbozar en buena medida las obligaciones que impone el nuevo modelo de acceso a la informaci\u00f3n para los partidos pol\u00edticos y el Instituto Nacional Electoral\u201d.<\/p>\n<p>Posteriormente, la autoridad electoral recibi\u00f3 tres informes: el primero, relacionado con el cumplimiento de los acuerdos y resoluciones aprobados por el Consejo General; otro sobre el estado que guardan las quejas y denuncias presentadas o iniciadas de oficio por la Secretar\u00eda Ejecutiva del Instituto; y en tercer lugar el \u201cPrimer Informe Trimestral de Actividades del Grupo de Trabajo de G\u00e9nero, No Discriminaci\u00f3n y Cultura Laboral\u201d.<\/p>\n<p>Finalmente, el pleno determin\u00f3 por unanimidad, retirar el registro de la Agrupaci\u00f3n Pol\u00edtica Nacional \u201cMigrante Mexicana\u201d, y resolvi\u00f3 11 quejas presentadas como procedimientos ordinarios sancionadores por hechos que se consideran constituyen infracciones a la normatividad electoral.<\/p>\n<p>Al iniciar la sesi\u00f3n, el Consejo General del INE guard\u00f3 un minuto de silencio en memoria del Dr. Arnaldo C\u00f3rdova, padre del Consejero Presidente del Instituto, Lorenzo C\u00f3rdova, quien falleci\u00f3 el pasado lunes 30 de junio del presente a\u00f1o.<\/p>\n<p>&nbsp;<\/p>\n<p><a href=\"http:\/\/www.eloriente.net\/home\/wp-content\/uploads\/2014\/07\/Consejo-IFE-Sesio\u0301n-2-de-julio2014-ELORIENTE.NET_.jpg\"><img loading=\"lazy\" decoding=\"async\" class=\"alignnone size-medium wp-image-28825\" title=\"Consejo IFE Sesio\u0301n 2 de julio:2014 ELORIENTE.NET\" src=\"http:\/\/www.eloriente.net\/home\/wp-content\/uploads\/2014\/07\/Consejo-IFE-Sesio\u0301n-2-de-julio2014-ELORIENTE.NET_-300x200.jpg\" alt=\"\" width=\"300\" height=\"200\" srcset=\"http:\/\/www.eloriente.net\/home\/wp-content\/uploads\/2014\/07\/Consejo-IFE-Sesio\u0301n-2-de-julio2014-ELORIENTE.NET_-300x200.jpg 300w, http:\/\/www.eloriente.net\/home\/wp-content\/uploads\/2014\/07\/Consejo-IFE-Sesio\u0301n-2-de-julio2014-ELORIENTE.NET_-1024x682.jpg 1024w\" sizes=\"(max-width: 300px) 100vw, 300px\" \/><\/a><\/p>\n<p>Foto: Sesi\u00f3n del Consejo INE del 2 de julio de 2014<\/p>\n<p>&nbsp;<\/p>\n<p><strong>OTRAS ENTRADAS:<\/strong><\/p>\n<div id=\"post-28127\">\n<p><a title=\"Permalink to Consulta aqu\u00ed libro \u201cRendici\u00f3n de cuentas social en M\u00e9xico\u201d\" href=\"http:\/\/www.eloriente.net\/home\/2014\/06\/20\/consulta-aqui-libro-rendicion-de-cuentas-social-en-mexico\/\" rel=\"bookmark\">Consulta aqu\u00ed libro \u201cRendici\u00f3n de cuentas social en M\u00e9xico\u201d<\/a><\/p>\n<p><a href=\"http:\/\/www.eloriente.net\/home\/2014\/06\/20\/consulta-aqui-libro-rendicion-de-cuentas-social-en-mexico\/\" rel=\"bookmark\"><img decoding=\"async\" title=\"Consulta aqu\u00ed libro \u201cRendici\u00f3n de cuentas social en M\u00e9xico\u201d\" src=\"http:\/\/www.eloriente.net\/home\/wp-content\/themes\/city-desk\/timthumb.php?src=http%3A%2F%2Fwww.eloriente.net%2Fhome%2Fwp-content%2Fuploads%2F2014%2F06%2FRendici%C3%B3n-de-cuentas.jpg&amp;q=90&amp;w=160&amp;h=106&amp;zc=1\" alt=\"Consulta aqu\u00ed libro \u201cRendici\u00f3n de cuentas social en M\u00e9xico\u201d\" \/><\/a><\/p>\n<p>eloriente.net 20\/junio\/2014 El Gobierno del Estado de Oaxaca, a trav\u00e9s de la Secretar\u00eda de la Controlar\u00eda y la Transparencia Gubernamental, invita a la ciudadan\u00eda en general a la presentaci\u00f3n del libro \u201cRendici\u00f3n de cuentas social en M\u00e9xico: evaluaci\u00f3n y control desde la sociedad civil\u201d, el cual se llevar\u00e1 a cabo hoy 20 de junio a [&#8230;]<\/p>\n<p>June 20, 2014<\/p>\n<\/div>\n<div id=\"post-27851\">\n<p><a title=\"Permalink to 15\/Jun\/14 En Vivo: Elecciones presidenciales en Colombia\" href=\"http:\/\/www.eloriente.net\/home\/2014\/06\/15\/15jun14-en-vivo-elecciones-presidenciales-en-colombia\/\" rel=\"bookmark\">15\/Jun\/14 En Vivo: Elecciones presidenciales en Colombia<\/a><\/p>\n<p><a href=\"http:\/\/www.eloriente.net\/home\/2014\/06\/15\/15jun14-en-vivo-elecciones-presidenciales-en-colombia\/\" rel=\"bookmark\"><img decoding=\"async\" title=\"15\/Jun\/14 En Vivo: Elecciones presidenciales en Colombia\" src=\"http:\/\/www.eloriente.net\/home\/wp-content\/themes\/city-desk\/timthumb.php?src=http%3A%2F%2Fwww.eloriente.net%2Fhome%2Fwp-content%2Fuploads%2F2014%2F06%2FBandera-Colombia-Algunos-derechos-reservados-por-Ministerio-TIC-Colombia.jpg&amp;q=90&amp;w=160&amp;h=106&amp;zc=1\" alt=\"15\/Jun\/14 En Vivo: Elecciones presidenciales en Colombia\" \/><\/a><\/p>\n<p>eloriente.net 15 de junio de 2014 La segunda vuelta de las elecciones presidenciales 2014 se realiza este d\u00eda en Colombia, en la cual se elegir\u00e1 mandatario para los pr\u00f3ximos cuatro a\u00f1os. Como es habitual en ELORIENTE.NET, los d\u00edas de elecci\u00f3n procuramos enlazarte la transmisi\u00f3n de diversos medios nacionales para que, de maner puntual, puedas dar [&#8230;]<\/p>\n<p>June 15, 2014<a title=\"Permalink to 15\/Jun\/14 En Vivo: Elecciones presidenciales en Colombia\" href=\"http:\/\/www.eloriente.net\/home\/2014\/06\/15\/15jun14-en-vivo-elecciones-presidenciales-en-colombia\/\" rel=\"bookmark\"><br \/>\n<\/a><\/p>\n<\/div>\n<div id=\"post-27494\">\n<p><a title=\"Permalink to Consulta aqu\u00ed calendario de elecciones 2014-2015\" href=\"http:\/\/www.eloriente.net\/home\/2014\/06\/09\/consulta-aqui-calendario-de-elecciones-2014-2015\/\" rel=\"bookmark\">Consulta aqu\u00ed calendario de elecciones 2014-2015<\/a><\/p>\n<p><a href=\"http:\/\/www.eloriente.net\/home\/2014\/06\/09\/consulta-aqui-calendario-de-elecciones-2014-2015\/\" rel=\"bookmark\"><img decoding=\"async\" title=\"Consulta aqu\u00ed calendario de elecciones 2014-2015\" src=\"http:\/\/www.eloriente.net\/home\/wp-content\/themes\/city-desk\/timthumb.php?src=http%3A%2F%2Fwww.eloriente.net%2Fhome%2Fwp-content%2Fuploads%2F2014%2F06%2FVoto-Por-Wikimedia.jpg&amp;q=90&amp;w=160&amp;h=106&amp;zc=1\" alt=\"Consulta aqu\u00ed calendario de elecciones 2014-2015\" \/><\/a><\/p>\n<p>eloriente.net 9\/junio\/2014 Durante el primer domingo del pr\u00f3ximo mes de julio, ciudadanos de los estados de Coahuila, Nayarit y Puebla elegir\u00e1n mediante su derecho al voto a sus representantes locales, dando fin a las comicios electorales del a\u00f1o 2014. Por su parte, en 2015, 17 estados de la Rep\u00fablica celebrar\u00e1n elecciones populares para nombrar a [&#8230;]<\/p>\n<p>June 9, 2014<\/p>\n<\/div>\n\n\t\t\t  <div \n\t\t\t  \tclass = \"fb-comments\" \n\t\t\t  \tdata-href = \"http:\/\/www.eloriente.net\/home\/2014\/07\/02\/7-de-octubre-arrancara-proceso-electoral-federal-2014-2015\/\"\n\t\t\t  \tdata-numposts = \"10\"\n\t\t\t\tdata-colorscheme = \"dark\"\n\t\t\t\tdata-order-by = \"social\"\n\t\t\t\tdata-mobile=true>\n\t\t\t  <\/div>\n\t\t  <style>\n\t\t\t.fb_iframe_widget_fluid_desktop iframe {\n\t\t\t    width: 100% !important;\n\t\t\t}\n\t\t  <\/style>\n\t\t  ","protected":false},"excerpt":{"rendered":"<p>eloriente.net\/INE 2 de julio de 2014 &nbsp; Durante la primera sesi\u00f3n ordinaria del Consejo General del Instituto Nacional Electoral (INE) el Consejero Presidente, Lorenzo C\u00f3rdova Vianello, anunci\u00f3 que por decisi\u00f3n de las Consejeras y Consejeros electorales el inicio formal, constitucional y legal del Proceso Electoral Federal (PEF) 2014-2015 ser\u00e1 el pr\u00f3ximo 7 de octubre. C\u00f3rdova [&hellip;]<\/p>\n","protected":false},"author":1,"featured_media":28825,"comment_status":"open","ping_status":"open","sticky":false,"template":"","format":"standard","meta":{"_jetpack_memberships_contains_paid_content":false,"footnotes":""},"categories":[1588,71,32,10,24,21,31],"tags":[],"class_list":["post-28821","post","type-post","status-publish","format-standard","has-post-thumbnail","hentry","category-comunicados-y-boletines","category-elecciones","category-entradas","category-lo-mas-reciente","category-mexico-y-el-mundo","category-politica-y-gobierno","category-principal"],"jetpack_featured_media_url":"http:\/\/www.eloriente.net\/home\/wp-content\/uploads\/2014\/07\/Consejo-IFE-Sesio\u0301n-2-de-julio2014-ELORIENTE.NET_.jpg","jetpack_sharing_enabled":true,"_links":{"self":[{"href":"http:\/\/www.eloriente.net\/home\/wp-json\/wp\/v2\/posts\/28821"}],"collection":[{"href":"http:\/\/www.eloriente.net\/home\/wp-json\/wp\/v2\/posts"}],"about":[{"href":"http:\/\/www.eloriente.net\/home\/wp-json\/wp\/v2\/types\/post"}],"author":[{"embeddable":true,"href":"http:\/\/www.eloriente.net\/home\/wp-json\/wp\/v2\/users\/1"}],"replies":[{"embeddable":true,"href":"http:\/\/www.eloriente.net\/home\/wp-json\/wp\/v2\/comments?post=28821"}],"version-history":[{"count":4,"href":"http:\/\/www.eloriente.net\/home\/wp-json\/wp\/v2\/posts\/28821\/revisions"}],"predecessor-version":[{"id":28833,"href":"http:\/\/www.eloriente.net\/home\/wp-json\/wp\/v2\/posts\/28821\/revisions\/28833"}],"wp:featuredmedia":[{"embeddable":true,"href":"http:\/\/www.eloriente.net\/home\/wp-json\/wp\/v2\/media\/28825"}],"wp:attachment":[{"href":"http:\/\/www.eloriente.net\/home\/wp-json\/wp\/v2\/media?parent=28821"}],"wp:term":[{"taxonomy":"category","embeddable":true,"href":"http:\/\/www.eloriente.net\/home\/wp-json\/wp\/v2\/categories?post=28821"},{"taxonomy":"post_tag","embeddable":true,"href":"http:\/\/www.eloriente.net\/home\/wp-json\/wp\/v2\/tags?post=28821"}],"curies":[{"name":"wp","href":"https:\/\/api.w.org\/{rel}","templated":true}]}}