{"id":28842,"date":"2014-07-03T09:31:29","date_gmt":"2014-07-03T15:31:29","guid":{"rendered":"http:\/\/www.eloriente.net\/home\/?p=28842"},"modified":"2014-07-03T09:45:55","modified_gmt":"2014-07-03T15:45:55","slug":"para-los-amantes-del-genero-policiaco-the-killing-juevesdecineyseries","status":"publish","type":"post","link":"http:\/\/www.eloriente.net\/home\/2014\/07\/03\/para-los-amantes-del-genero-policiaco-the-killing-juevesdecineyseries\/","title":{"rendered":"Para los amantes del g\u00e9nero policiaco: The Killing #JuevesdeCineySeries"},"content":{"rendered":"<p>eloriente.net<\/p>\n<p>3\/julio\/2014<\/p>\n<p>Para los amantes del g\u00e9nero policiaco en televisi\u00f3n traemos para ti este #JuevesdeCineySeries la siguiente recomendaci\u00f3n: The Killing, un drama estadounidense estrenado en 2011 y adaptado por la guionista\u00a0Veena Cabreros Sud.<\/p>\n<p>Desarrollada en la ciudad de Seattle, narra la historia de\u00a0Sarah Linden, una detective del departamento de homicidios, quien est\u00e1 por mudarse a Sonoma, California, junto con su hijo y pareja, pero sus planes se ven interrumpidos luego de que la polic\u00eda encontrara el cuerpo de una adolescente en la cajuela de un coche en el fondo de un lago.<\/p>\n<p>La detective Sarah Liden asume la investigaci\u00f3n del asesinato de la joven Rosie Larsen. Cada episodio de la primera de la serie The Killing representa un hallazgo m\u00e1s para encontrar al homicida. El primer sospechoso resulta Darren Richmond, un pol\u00edtico candidato a la alcald\u00eda de Seattle, despu\u00e9s de que la polic\u00eda descubriera que el veh\u00edculo estaba registrado a nombre del comit\u00e9 de su campa\u00f1a.<\/p>\n<p>Adem\u00e1s, la historia durante los primeros 13 cap\u00edtulos gira entre en el gran drama que se genera en la familia Larsen al descubrir que su hija muerta y por las afectaciones que trae consigo a la campa\u00f1a electoral de Richmond.<\/p>\n<p>Cada vez la investigaci\u00f3n va arrojando nuevas pistas y sospechosos, entre los que figuran Jasper, un joven rico y novio de Rosie, por un video sexual donde aparece Jasper, un amigo de \u00e9l y supuestamente Rosie; y\u00a0Bennet Ahmed, su profesor de ingl\u00e9s, quien se descubre hab\u00eda enviado cartas amorosas a la joven y que ahora el maestro est\u00e1 casado con una ex-alumna.<\/p>\n<p>La detective Linden y su compa\u00f1ero Holder se obsesionan con resolver el caso y lo toman como algo personal, principalmente Sarah, quien cancela su mudanza por descubrir lo aconteci\u00f3 la noche que asesinaron a Rosie. Seg\u00fan cr\u00edticos de la serie, esa inquietud de los polic\u00edas enriquece la historia.<\/p>\n<p>A la fecha, la serie consta de tres temporadas donde se reanudan las investigaciones y se descubren secretos de la familia Larsen, dentro de la campa\u00f1a electoral de Richmond y dentro del mismo departamento de polic\u00eda, que podr\u00edan incriminar a la cualquiera. Recientemente, fue anunciado el estreno de la cuarta y \u00faltima parte para el 1 de agosto de 2014.<\/p>\n<p>&nbsp;<\/p>\n<p><iframe loading=\"lazy\" src=\"\/\/www.youtube.com\/embed\/UPSCH9y2NcU\" frameborder=\"0\" width=\"560\" height=\"315\"><\/iframe><\/p>\n<p>&nbsp;<\/p>\n<p><a href=\"http:\/\/www.eloriente.net\/home\/wp-content\/uploads\/2014\/07\/The-Killing.jpg\"><img loading=\"lazy\" decoding=\"async\" class=\"alignnone size-medium wp-image-28851\" title=\"The Killing\" src=\"http:\/\/www.eloriente.net\/home\/wp-content\/uploads\/2014\/07\/The-Killing-300x240.jpg\" alt=\"\" width=\"300\" height=\"240\" srcset=\"http:\/\/www.eloriente.net\/home\/wp-content\/uploads\/2014\/07\/The-Killing-300x240.jpg 300w, http:\/\/www.eloriente.net\/home\/wp-content\/uploads\/2014\/07\/The-Killing-1024x819.jpg 1024w, http:\/\/www.eloriente.net\/home\/wp-content\/uploads\/2014\/07\/The-Killing.jpg 1280w\" sizes=\"(max-width: 300px) 100vw, 300px\" \/><\/a><\/p>\n<p>Imagen: The Killing\/ AMC<\/p>\n<p>&nbsp;<\/p>\n<p><strong>Entradas relacionadas:<\/strong><\/p>\n<p><a title=\"Permalink to \u201cAll\u00e1 en el Rancho Grande\u201d en #JuevesdeCineySeries\" href=\"http:\/\/www.eloriente.net\/home\/2014\/06\/26\/alla-en-el-rancho-grande-en-juevesdecineyseries\/\" rel=\"bookmark\">\u201cAll\u00e1 en el Rancho Grande\u201d en #JuevesdeCineySeries<\/a><\/p>\n<p><a href=\"http:\/\/www.eloriente.net\/home\/2014\/06\/26\/alla-en-el-rancho-grande-en-juevesdecineyseries\/\" rel=\"bookmark\"><img decoding=\"async\" title=\"\u201cAll\u00e1 en el Rancho Grande\u201d en #JuevesdeCineySeries\" src=\"http:\/\/www.eloriente.net\/home\/wp-content\/themes\/city-desk\/timthumb.php?src=http%3A%2F%2Fwww.eloriente.net%2Fhome%2Fwp-content%2Fuploads%2F2014%2F06%2FAll%C3%A1-en-el-rancho-grande-Por-ITESM.jpg&amp;q=90&amp;w=160&amp;h=106&amp;zc=1\" alt=\"\u201cAll\u00e1 en el Rancho Grande\u201d en #JuevesdeCineySeries\" \/><\/a><\/p>\n<p>eloriente.net 26\/junio\/2014 Considerada la pel\u00edcula que dio inicio a la llamada \u00e9poca de oro del cine mexicano, \u201cAll\u00e1 en el Rancho Grande\u201d fue\u00a0producida por Fernando de Fuentes y Alfonso Rivas Bustamante en el a\u00f1o de 1936, bajo el g\u00e9nero de drama ranchero, con gui\u00f3n de\u00a0Luz Guzm\u00e1n de Arellano y Guz \u00c1guila. Desarrollada en una rancher\u00eda, [&#8230;]<\/p>\n<p>June 26, 2014<\/p>\n<div id=\"post-28445\">\n<p><a title=\"Permalink to Lo que no sab\u00edas de \u00a1Ay Jalisco, no te rajes! #JuevesdeCineySeries\" href=\"http:\/\/www.eloriente.net\/home\/2014\/06\/26\/lo-que-no-sabias-de-ay-jalisco-no-te-rajes-juevesdecineyseries\/\" rel=\"bookmark\">Lo que no sab\u00edas de \u00a1Ay Jalisco, no te rajes! #JuevesdeCineySeries<\/a><\/p>\n<p><a href=\"http:\/\/www.eloriente.net\/home\/2014\/06\/26\/lo-que-no-sabias-de-ay-jalisco-no-te-rajes-juevesdecineyseries\/\" rel=\"bookmark\"><img decoding=\"async\" title=\"Lo que no sab\u00edas de \u00a1Ay Jalisco, no te rajes! #JuevesdeCineySeries\" src=\"http:\/\/www.eloriente.net\/home\/wp-content\/themes\/city-desk\/timthumb.php?src=http%3A%2F%2Fwww.eloriente.net%2Fhome%2Fwp-content%2Fuploads%2F2014%2F06%2F%C2%A1Ay-Jalisco-no-te-rajes-copia.jpg&amp;q=90&amp;w=160&amp;h=106&amp;zc=1\" alt=\"Lo que no sab\u00edas de \u00a1Ay Jalisco, no te rajes! #JuevesdeCineySeries\" \/><\/a><\/p>\n<p>eloriente.net 26\/junio\/2014 Del director y guionista Jos\u00e9 de Jes\u00fas Rodr\u00edguez Ruelas, mejor conocido como Joselito Rodr\u00edguez, traemos este #JuevesdeCineySeries un cl\u00e1sico del cine mexicano: \u00a1Ay Jalisco, no te rajes! Pel\u00edcula de 1941 que represent\u00f3 el primer \u00e9xito taquillero del cineasta. Protagonizada por Jorge Negrete y Gloria Mar\u00edn, conformaron la primera pareja rom\u00e1ntica del cine de [&#8230;]<\/p>\n<p>June 26, 2014<\/p>\n<p><a title=\"Permalink to Video: Conversatorio \u201cEl arte del storytelling\u201d #JuevesdeCineySeries\" href=\"http:\/\/www.eloriente.net\/home\/2014\/06\/19\/video-conversatorio-el-arte-del-storytelling\/\" rel=\"bookmark\">Video: Conversatorio \u201cEl arte del storytelling\u201d #JuevesdeCineySeries<\/a><\/p>\n<p><a href=\"http:\/\/www.eloriente.net\/home\/2014\/06\/19\/video-conversatorio-el-arte-del-storytelling\/\" rel=\"bookmark\"><img decoding=\"async\" title=\"Video: Conversatorio \u201cEl arte del storytelling\u201d #JuevesdeCineySeries\" src=\"http:\/\/www.eloriente.net\/home\/wp-content\/themes\/city-desk\/timthumb.php?src=http%3A%2F%2Fwww.eloriente.net%2Fhome%2Fwp-content%2Fuploads%2F2014%2F06%2FConversatorio-Youtube.png&amp;q=90&amp;w=160&amp;h=106&amp;zc=1\" alt=\"Video: Conversatorio \u201cEl arte del storytelling\u201d #JuevesdeCineySeries\" \/><\/a><\/p>\n<p>eloriente.net 19\/junio\/2014 El pasado domingo 15 de junio dio inicio Cannes Lions, uno de los festivales m\u00e1s importantes en el mundo de la creatividad publicitaria, el cual se celebra anualmente en la ciudad francesa de Cannes, donde se premia a las mejores campa\u00f1as y contenido de propaganda en los diferentes medios como televisi\u00f3n, prensa, radio, [&#8230;]<\/p>\n<p>June 19, 2014<\/p>\n<\/div>\n\n\t\t\t  <div \n\t\t\t  \tclass = \"fb-comments\" \n\t\t\t  \tdata-href = \"http:\/\/www.eloriente.net\/home\/2014\/07\/03\/para-los-amantes-del-genero-policiaco-the-killing-juevesdecineyseries\/\"\n\t\t\t  \tdata-numposts = \"10\"\n\t\t\t\tdata-colorscheme = \"dark\"\n\t\t\t\tdata-order-by = \"social\"\n\t\t\t\tdata-mobile=true>\n\t\t\t  <\/div>\n\t\t  <style>\n\t\t\t.fb_iframe_widget_fluid_desktop iframe {\n\t\t\t    width: 100% !important;\n\t\t\t}\n\t\t  <\/style>\n\t\t  ","protected":false},"excerpt":{"rendered":"<p>eloriente.net 3\/julio\/2014 Para los amantes del g\u00e9nero policiaco en televisi\u00f3n traemos para ti este #JuevesdeCineySeries la siguiente recomendaci\u00f3n: The Killing, un drama estadounidense estrenado en 2011 y adaptado por la guionista\u00a0Veena Cabreros Sud. Desarrollada en la ciudad de Seattle, narra la historia de\u00a0Sarah Linden, una detective del departamento de homicidios, quien est\u00e1 por mudarse a [&hellip;]<\/p>\n","protected":false},"author":26,"featured_media":28851,"comment_status":"open","ping_status":"open","sticky":false,"template":"","format":"standard","meta":{"_jetpack_memberships_contains_paid_content":false,"footnotes":""},"categories":[982,56,32,10],"tags":[611,1833,341,872,201,1834,1832],"class_list":["post-28842","post","type-post","status-publish","format-standard","has-post-thumbnail","hentry","category-juevesdecineyseries","category-cine","category-entradas","category-lo-mas-reciente","tag-asesinato","tag-drama","tag-policia","tag-series","tag-television","tag-temporadas","tag-the-killing"],"jetpack_featured_media_url":"http:\/\/www.eloriente.net\/home\/wp-content\/uploads\/2014\/07\/The-Killing.jpg","jetpack_sharing_enabled":true,"_links":{"self":[{"href":"http:\/\/www.eloriente.net\/home\/wp-json\/wp\/v2\/posts\/28842"}],"collection":[{"href":"http:\/\/www.eloriente.net\/home\/wp-json\/wp\/v2\/posts"}],"about":[{"href":"http:\/\/www.eloriente.net\/home\/wp-json\/wp\/v2\/types\/post"}],"author":[{"embeddable":true,"href":"http:\/\/www.eloriente.net\/home\/wp-json\/wp\/v2\/users\/26"}],"replies":[{"embeddable":true,"href":"http:\/\/www.eloriente.net\/home\/wp-json\/wp\/v2\/comments?post=28842"}],"version-history":[{"count":9,"href":"http:\/\/www.eloriente.net\/home\/wp-json\/wp\/v2\/posts\/28842\/revisions"}],"predecessor-version":[{"id":28853,"href":"http:\/\/www.eloriente.net\/home\/wp-json\/wp\/v2\/posts\/28842\/revisions\/28853"}],"wp:featuredmedia":[{"embeddable":true,"href":"http:\/\/www.eloriente.net\/home\/wp-json\/wp\/v2\/media\/28851"}],"wp:attachment":[{"href":"http:\/\/www.eloriente.net\/home\/wp-json\/wp\/v2\/media?parent=28842"}],"wp:term":[{"taxonomy":"category","embeddable":true,"href":"http:\/\/www.eloriente.net\/home\/wp-json\/wp\/v2\/categories?post=28842"},{"taxonomy":"post_tag","embeddable":true,"href":"http:\/\/www.eloriente.net\/home\/wp-json\/wp\/v2\/tags?post=28842"}],"curies":[{"name":"wp","href":"https:\/\/api.w.org\/{rel}","templated":true}]}}