{"id":28856,"date":"2014-07-03T10:05:29","date_gmt":"2014-07-03T16:05:29","guid":{"rendered":"http:\/\/www.eloriente.net\/home\/?p=28856"},"modified":"2014-07-03T10:17:53","modified_gmt":"2014-07-03T16:17:53","slug":"que-es-una-luz-mas-en-oaxaca","status":"publish","type":"post","link":"http:\/\/www.eloriente.net\/home\/2014\/07\/03\/que-es-una-luz-mas-en-oaxaca\/","title":{"rendered":"\u00bfQu\u00e9 es Una luz m\u00e1s en Oaxaca?"},"content":{"rendered":"<p>eloriente.net<\/p>\n<p>3\/julio\/2014<\/p>\n<p style=\"text-align: right\">Por: <a href=\"http:\/\/www.eloriente.net\/home\/author\/alejandra\/\" target=\"_blank\">Alejandra Silva Soriano<\/a><\/p>\n<p>Hace ya cinco a\u00f1os y medio iniciamos con un sue\u00f1o: impulsar una mirada diferente hacia las personas con discapacidad, reconociendo que son seres humanos en igualdad de derechos y dignidad que todos dem\u00e1s.<\/p>\n<p>Pero \u00bfqu\u00e9 fue lo que origin\u00f3 Una luz m\u00e1s en Oaxaca, A.C.?<\/p>\n<p>A lo largo de toda mi vida, conoc\u00ed la discapacidad muy de cerca a trav\u00e9s de Juli\u00e1n, mi hermano con discapacidad intelectual. Fue as\u00ed como me di cuenta de la serie de obst\u00e1culos que enfrentan: la discriminaci\u00f3n, la falta de oportunidades, el rechazo social en todos los aspectos, entre muchos otros problemas.<\/p>\n<p>Estoy convencida de que todos tenemos un prop\u00f3sito de vida, una raz\u00f3n por la cual hemos sido enviados a este mundo y que las condiciones en las que crecemos y nos desarrollamos nos van mostrando ese prop\u00f3sito.<\/p>\n<p>Hoy, agradezco profundamente a Dios por la vida de mi hermano, porque vivir con \u00e9l me ha dado la oportunidad de ser m\u00e1s sensible a los problemas sociales, me ha permitido agradecer lo que tenemos y muchas veces no valoramos, como estar completos, con todos nuestros \u00f3rganos y sentidos funcionando, pero sobre todo, me mostr\u00f3 una parte del panorama que viven millones de personas con discapacidad en el mundo.<\/p>\n<p>Fue as\u00ed como surgi\u00f3 \u201cUna luz m\u00e1s en Oaxaca\u201d, una asociaci\u00f3n civil cuyo principal objetivo es que los derechos de las personas con discapacidad sean respetados para que puedan vivir una verdadera inclusi\u00f3n social.<\/p>\n<p>Nuestra visi\u00f3n aspira a lograr el respeto por la dignidad humana, la igualdad y la libertad personal de este sector de la poblaci\u00f3n que durante a\u00f1os ha sido olvidado por las instituciones y la sociedad en general. Nuestra base est\u00e1 construida sobre principios como la no discriminaci\u00f3n, vida independiente y\u00a0 accesibilidad universal.<\/p>\n<p>Reconocemos que el verdadero problema que enfrentan las personas con discapacidad no son las limitaciones f\u00edsicas o intelectuales propias de su discapacidad,\u00a0 sino las barreras sociales impuestas en todos los \u00e1mbitos de la vida como el transporte, los edificios inaccesibles, las actitudes discriminatorias y los estereotipos culturales negativos.<\/p>\n<p>En Una luz m\u00e1s en Oaxaca\u00a0impulsamos a diario, desde todas las trincheras posibles, que las personas con discapacidad reciban un trato digno, no por tener alguna discapacidad, sino por el simple hecho de ser seres humanos.<\/p>\n<p>Nos indignan las pr\u00e1cticas tan comunes, como considerar que la vida de una persona con discapacidad no merece ser vivida, que deben ser objeto de compasi\u00f3n, diversi\u00f3n, mendicidad y caridad, hemos asumido el compromiso de trabajar para revertir estas actitudes y contribuir a \u00a0situarlos en el lugar de seres humanos que por derecho les corresponde.<\/p>\n<p>Actualmente, nuestro programa de atenci\u00f3n consiste en desarrollar talleres ocupacionales dirigidos a adultos con discapacidad, terapia f\u00edsica y actividades de inclusi\u00f3n social como salidas a lugares p\u00fablicos, por otro lado, llevamos a cabo una campa\u00f1a permanente de sensibilizaci\u00f3n en escuelas de diferentes niveles educativos, con lo que buscamos sensibilizar a la sociedad en el tema.<\/p>\n<p>Fue por ello, que la cadena de tiendas Oxxo en Oaxaca seleccion\u00f3 nuestra asociaci\u00f3n para ser beneficiada con el programa Redondeo Oxxo, donando a nuestra causa, todo lo que se recaude del mes de junio a noviembre del presente a\u00f1o. Es importante destacar que Oxxo no deduce impuestos con la donaci\u00f3n que otorgan, misma que la hacen a nombre de sus clientes.<\/p>\n<p>Nuestra meta es alcanzar fondos suficientes para poder iniciar la creaci\u00f3n de \u00abUna casa de d\u00eda\u00bb, donde las personas con discapacidad puedan seguir recibiendo la atenci\u00f3n que tanto requieren \u00bfqu\u00e9 dicen? \u00bfnos apoyan?<\/p>\n<p>\u00a1Que Dios nos bendiga mucho! Recuerden que todo lo que damos, se nos regresa multiplicado. Bonito fin de semana.<\/p>\n<p>Posdata: les dejo un video en Youtube para que conozcan un poco m\u00e1s nuestras actividades:<\/p>\n<p>&nbsp;<\/p>\n<p><a href=\"http:\/\/www.eloriente.net\/home\/wp-content\/uploads\/2014\/07\/Una-luz-m\u00e1s-en-Oaxaca.jpg\"><img loading=\"lazy\" decoding=\"async\" class=\"alignnone size-medium wp-image-28857\" src=\"http:\/\/www.eloriente.net\/home\/wp-content\/uploads\/2014\/07\/Una-luz-m\u00e1s-en-Oaxaca-300x199.jpg\" alt=\"\" width=\"300\" height=\"199\" srcset=\"http:\/\/www.eloriente.net\/home\/wp-content\/uploads\/2014\/07\/Una-luz-m\u00e1s-en-Oaxaca-300x199.jpg 300w, http:\/\/www.eloriente.net\/home\/wp-content\/uploads\/2014\/07\/Una-luz-m\u00e1s-en-Oaxaca-1024x682.jpg 1024w, http:\/\/www.eloriente.net\/home\/wp-content\/uploads\/2014\/07\/Una-luz-m\u00e1s-en-Oaxaca.jpg 2048w\" sizes=\"(max-width: 300px) 100vw, 300px\" \/><\/a><\/p>\n<p>Foto: Una luz m\u00e1s en Oaxaca, A.C.<\/p>\n<p>&nbsp;<\/p>\n<p><strong>Entradas relacionadas:<\/strong><\/p>\n<p><a title=\"Permalink to Inversi\u00f3n en capital humano\" href=\"http:\/\/www.eloriente.net\/home\/2014\/06\/26\/inversion-en-capital-humano\/\" rel=\"bookmark\">Inversi\u00f3n en capital humano<\/a><\/p>\n<p><a href=\"http:\/\/www.eloriente.net\/home\/2014\/06\/26\/inversion-en-capital-humano\/\" rel=\"bookmark\"><img decoding=\"async\" src=\"http:\/\/www.eloriente.net\/home\/wp-content\/themes\/city-desk\/timthumb.php?src=http%3A%2F%2Fwww.eloriente.net%2Fhome%2Fwp-content%2Fuploads%2F2013%2F12%2FDerechos-humanos.jpg&amp;q=90&amp;w=160&amp;h=106&amp;zc=1\" alt=\"Inversi\u00f3n en capital humano\" \/><\/a><\/p>\n<p>eloriente.net 26\/junio\/2014 Por: Alejandra Silva Soriano \u00bfPor qu\u00e9 invertir en las personas? \u00bfPor qu\u00e9 los recursos destinados a la poblaci\u00f3n y a proyectos sociales deben verse como una inversi\u00f3n y no como un gasto? Se\u00f1ala Bernardo Kliksberg, un economista argentino, referente en Latinoam\u00e9rica en temas de pobreza y responsabilidad social, que seg\u00fan datos del Banco [&#8230;]<\/p>\n<p>June 26, 2014<\/p>\n<div>\n<p><a title=\"Permalink to La meritocracia\" href=\"http:\/\/www.eloriente.net\/home\/2014\/06\/19\/la-meritocracia\/\" rel=\"bookmark\">La meritocracia<\/a><\/p>\n<p><a href=\"http:\/\/www.eloriente.net\/home\/2014\/06\/19\/la-meritocracia\/\" rel=\"bookmark\"><img decoding=\"async\" src=\"http:\/\/www.eloriente.net\/home\/wp-content\/themes\/city-desk\/timthumb.php?src=http%3A%2F%2Fwww.eloriente.net%2Fhome%2Fwp-content%2Fuploads%2F2014%2F06%2FMedallas-Por-%40CONADE.jpg&amp;q=90&amp;w=160&amp;h=106&amp;zc=1\" alt=\"La meritocracia\" \/><\/a><\/p>\n<p>eloriente.net 19\/junio\/2014 Por: Alejandra Silva Soriano En estos d\u00edas, he estado leyendo un texto de Francois Dubet, titulado \u201cRepensar la Justicia Social\u201d, el cual se los recomiendo ampliamente, pues nos ayuda a reflexionar sobre la idea que tenemos de lo que es (o deber\u00eda ser) la justicia social. Es justo en esa lectura donde encontr\u00e9 [&#8230;]<\/p>\n<p>June 19, 2014<\/p>\n<\/div>\n<div>\n<p><a title=\"Permalink to J\u00f3venes \u00bfgrupo vulnerable?\" href=\"http:\/\/www.eloriente.net\/home\/2014\/06\/12\/jovenes-grupo-vulnerable\/\" rel=\"bookmark\">J\u00f3venes \u00bfgrupo vulnerable?<\/a><\/p>\n<p><a href=\"http:\/\/www.eloriente.net\/home\/2014\/06\/12\/jovenes-grupo-vulnerable\/\" rel=\"bookmark\"><img decoding=\"async\" src=\"http:\/\/www.eloriente.net\/home\/wp-content\/themes\/city-desk\/timthumb.php?src=http%3A%2F%2Fwww.eloriente.net%2Fhome%2Fwp-content%2Fuploads%2F2014%2F03%2FV%C3%A9rtice.jpg&amp;q=90&amp;w=160&amp;h=106&amp;zc=1\" alt=\"J\u00f3venes \u00bfgrupo vulnerable?\" \/><\/a><\/p>\n<p>eloriente.net 12\/junio\/2014 Por:\u00a0Alejandra Silva Soriano* Ayer se cumplieron 11 a\u00f1os de la entrada en vigor de la Ley Federal para Prevenir y Eliminar la Discriminaci\u00f3n en M\u00e9xico, y revisando la p\u00e1gina del Consejo Nacional para Prevenir la Discriminaci\u00f3n (CONAPRED), encontr\u00e9 que en la secci\u00f3n de \u201cgrupos en situaci\u00f3n de discriminaci\u00f3n\u201d se encuentran las y los [&#8230;]<\/p>\n<p>June 12, 2014<\/p>\n<\/div>\n\n\t\t\t  <div \n\t\t\t  \tclass = \"fb-comments\" \n\t\t\t  \tdata-href = \"http:\/\/www.eloriente.net\/home\/2014\/07\/03\/que-es-una-luz-mas-en-oaxaca\/\"\n\t\t\t  \tdata-numposts = \"10\"\n\t\t\t\tdata-colorscheme = \"dark\"\n\t\t\t\tdata-order-by = \"social\"\n\t\t\t\tdata-mobile=true>\n\t\t\t  <\/div>\n\t\t  <style>\n\t\t\t.fb_iframe_widget_fluid_desktop iframe {\n\t\t\t    width: 100% !important;\n\t\t\t}\n\t\t  <\/style>\n\t\t  ","protected":false},"excerpt":{"rendered":"<p>eloriente.net 3\/julio\/2014 Por: Alejandra Silva Soriano Hace ya cinco a\u00f1os y medio iniciamos con un sue\u00f1o: impulsar una mirada diferente hacia las personas con discapacidad, reconociendo que son seres humanos en igualdad de derechos y dignidad que todos dem\u00e1s. Pero \u00bfqu\u00e9 fue lo que origin\u00f3 Una luz m\u00e1s en Oaxaca, A.C.? A lo largo de [&hellip;]<\/p>\n","protected":false},"author":20,"featured_media":28857,"comment_status":"open","ping_status":"open","sticky":false,"template":"","format":"standard","meta":{"_jetpack_memberships_contains_paid_content":false,"footnotes":""},"categories":[72,11,22,32,63,10,464],"tags":[399,1835,376,771,288,1036,1836],"class_list":["post-28856","post","type-post","status-publish","format-standard","has-post-thumbnail","hentry","category-alejandra-silva-soriano","category-colaboradores","category-derechos-humanos","category-entradas","category-estados","category-lo-mas-reciente","category-oaxaca-estados","tag-apoyo","tag-asociacion","tag-derechos","tag-dignidad","tag-discapacidad","tag-discriminacion","tag-oxxo"],"jetpack_featured_media_url":"http:\/\/www.eloriente.net\/home\/wp-content\/uploads\/2014\/07\/Una-luz-m\u00e1s-en-Oaxaca.jpg","jetpack_sharing_enabled":true,"_links":{"self":[{"href":"http:\/\/www.eloriente.net\/home\/wp-json\/wp\/v2\/posts\/28856"}],"collection":[{"href":"http:\/\/www.eloriente.net\/home\/wp-json\/wp\/v2\/posts"}],"about":[{"href":"http:\/\/www.eloriente.net\/home\/wp-json\/wp\/v2\/types\/post"}],"author":[{"embeddable":true,"href":"http:\/\/www.eloriente.net\/home\/wp-json\/wp\/v2\/users\/20"}],"replies":[{"embeddable":true,"href":"http:\/\/www.eloriente.net\/home\/wp-json\/wp\/v2\/comments?post=28856"}],"version-history":[{"count":3,"href":"http:\/\/www.eloriente.net\/home\/wp-json\/wp\/v2\/posts\/28856\/revisions"}],"predecessor-version":[{"id":28859,"href":"http:\/\/www.eloriente.net\/home\/wp-json\/wp\/v2\/posts\/28856\/revisions\/28859"}],"wp:featuredmedia":[{"embeddable":true,"href":"http:\/\/www.eloriente.net\/home\/wp-json\/wp\/v2\/media\/28857"}],"wp:attachment":[{"href":"http:\/\/www.eloriente.net\/home\/wp-json\/wp\/v2\/media?parent=28856"}],"wp:term":[{"taxonomy":"category","embeddable":true,"href":"http:\/\/www.eloriente.net\/home\/wp-json\/wp\/v2\/categories?post=28856"},{"taxonomy":"post_tag","embeddable":true,"href":"http:\/\/www.eloriente.net\/home\/wp-json\/wp\/v2\/tags?post=28856"}],"curies":[{"name":"wp","href":"https:\/\/api.w.org\/{rel}","templated":true}]}}