{"id":29124,"date":"2014-07-08T00:15:36","date_gmt":"2014-07-08T06:15:36","guid":{"rendered":"http:\/\/www.eloriente.net\/home\/?p=29124"},"modified":"2014-07-07T16:43:20","modified_gmt":"2014-07-07T22:43:20","slug":"5-vacantes-en-recursos-humanos-martesdevacantes","status":"publish","type":"post","link":"http:\/\/www.eloriente.net\/home\/2014\/07\/08\/5-vacantes-en-recursos-humanos-martesdevacantes\/","title":{"rendered":"5 vacantes en recursos humanos #MartesdeVacantes"},"content":{"rendered":"<p>eloriente.net<\/p>\n<p>8\/julio\/2014<\/p>\n<p>Conscientes de la importancia para la ciudadan\u00eda en general de la b\u00fasqueda de nuevas oportunidades de crecimiento profesional, ponemos a tu disposici\u00f3n semanalmente ofertas de empleo disponibles en la ciudad de Oaxaca de Ju\u00e1rez, municipios conurbados y en regiones al interior del estado.<\/p>\n<p>En esta ocasi\u00f3n, ELORIENTE.NET comparte cinco vacantes en recursos humanos.<\/p>\n<p><a href=\"https:\/\/www.occ.com.mx\/Empleo\/Oferta\/7504740\/Gerente-de-Recursos-Humanos?bdtype=OCCM&amp;tm=7&amp;loc=MX-OAX&amp;q=recursos+humanos&amp;hits=50&amp;page=1&amp;f=true\" target=\"_blank\"><strong>1. Gerente de Recursos Humanos<\/strong><\/a><\/p>\n<p>Se solicita gerente de recursos humanos para realizar entrevistas a candidatos, aplicar evaluaciones psicom\u00e9tricas e interpretar resultados obtenidos; dar seguimiento de la cobertura en los tiempos establecidos; reportar diariamente las vacantes generadas; dar seguimiento a la integraci\u00f3n de expedientes; capacitar al personal de nuevo ingreso, proporcionar los uniformes y mantener stock de los mismos; controlar las incidencias de nomina; dar seguimiento a las altas y bajas ante el seguro social; y realizar evaluaciones de desempe\u00f1o al personal administrativo.<\/p>\n<p>Requisitos: licenciatura en psicolog\u00eda o carrera afin; contar con t\u00edtulo profesional; edad de 30 a 38 a\u00f1os; amplios conocimientos en administraci\u00f3n de recursos humanos; t\u00e9cnicas de reclutamiento y selecci\u00f3n; contrataci\u00f3n y ley federal de trabajo; aplicaci\u00f3n y evaluaci\u00f3n de psicometr\u00eda; contar con experiencia en empresas de seguridad; disponibilidad de horario y disponibilidad inmediata para ingresar a trabajar.<\/p>\n<p>Se ofrece sueldo mensual de 11 mil a 13 mil pesos. Los interesados en la vacante deber\u00e1n enviar su curr\u00edculum vitae a trav\u00e9s del portal <a href=\"https:\/\/www.occ.com.mx\" target=\"_blank\">OCC Mundial<\/a>.<\/p>\n<p><a href=\"http:\/\/www.computrabajo.com.mx\/bt-ofrd-perhsonal-407436.htm\" target=\"_blank\"><strong>2. Jefe de recursos humanos<\/strong><\/a><\/p>\n<p>Se est\u00e1 contratado a jefe de recursos humanos con conocimiento y experiencia en manejo de sindicato, ley federal del trabajo, compensaciones, relaciones labores,\u00a0IMSS, Fonacot, Infonavit, normas de Hacienda y STPS, reclutamiento, selecci\u00f3n, contrataci\u00f3n y n\u00f3mina.<\/p>\n<p>Requisitos: edad de 28 a 40 a\u00f1os, sexo y estado civil indistinto, escolaridad en \u00e1rea econ\u00f3mica, administrativa o psicolog\u00eda, experiencia de tres a\u00f1os en puesto similar, disponibilidad de tiempo y disponibilidad para viajar.<\/p>\n<p>Interesados enviar curr\u00edculum vitae con fotograf\u00eda actualizada e indicar el sueldo deseado, de lo contrario no ser\u00e1 tomado en cuenta, al correo electr\u00f3nico perhsonal.reclutamiento@gmail.com, en atenci\u00f3n a Carlos Rosado.<\/p>\n<p><a href=\"http:\/\/www.computrabajo.com.mx\/bt-ofrd-istm1234-57184.htm\" target=\"_blank\"><strong>3. Responsable de recursos humanos<\/strong><\/a><\/p>\n<p>Comercializadora Istme\u00f1a de Medicamento solicita responsable de recursos humanos con experiencia en contabilidad en general, actualizado fiscalmente, manejo de programas contables, reclutamiento, n\u00f3minas, ISN, cuotas IMSS, obligaciones patronales y conocimiento de LFT.<\/p>\n<p>Requisitos: Sexo indistinto, edad de 22 a 35 a\u00f1os, escolaridad econ\u00f3mico-administrativo y disponibilidad para viajar.\u00a0Habilidades: facilidad de palabra, trabajo en equipo y amplio sentido de responsabilidad.<\/p>\n<p>Se ofrece salario inicial de 6 mil pesos, buen ambiente de trabajo, prestaciones de ley y crecimiento seg\u00fan aptitudes. Los interesados enviar curr\u00edculum vitae al correo electr\u00f3nico rhfahorro@hotmail.com en atenci\u00f3n a Rosal\u00eda Flores Mart\u00ednez.<\/p>\n<p><a href=\"http:\/\/app.empleo.gob.mx\/STPSEmpleoWebBack\/detalleoferta.do?method=init&amp;id_oferta_empleo=1211557\" target=\"_blank\"><strong>4. Gerente de recursos humanos en Administradores Corporativos del Sur<\/strong><\/a><\/p>\n<p>Se solicita jefe de recursos humanos responsable de generar reportes de incidencias, contrataci\u00f3n, seguimiento de riesgos de trabajo, ratificaciones y trato con el personal. Habilidades: negociaci\u00f3n, proactividad, compromiso, an\u00e1lisis y soluci\u00f3n de problemas.<\/p>\n<p>Requisitos: licenciatura en contadur\u00eda p\u00fablica, psicolog\u00eda o administraci\u00f3n, contar con t\u00edtulo profesional, experiencia en puesto similar de uno a dos a\u00f1os, ingl\u00e9s b\u00e1sico, edad de 25 a 35 a\u00f1os y disponibilidad para cambio de residencia.<\/p>\n<div>\n<p>Horario laboral de lunes a s\u00e1bado de 9:00 a 18:00 horas; se ofrece sueldo de 7 mil pesos, apoyo escolar, fondo de ahorro y prestaciones de ley.<\/p>\n<p>Los interesados en aplicar a la vacante deber\u00e1n enviar su curr\u00edculum vitae a trav\u00e9s del\u00a0<a href=\"http:\/\/www.empleo.gob.mx\/\" target=\"_blank\">Portal del Empleo<\/a>\u00a0de la Secretar\u00eda de Trabajo y Previsi\u00f3n Social.<\/p>\n<p><a href=\"http:\/\/app.empleo.gob.mx\/STPSEmpleoWebBack\/detalleoferta.do?method=init&amp;id_oferta_empleo=1210733\" target=\"_blank\"><strong>5. Asistente de recursos humanos<\/strong><\/a><\/p>\n<p>Se solicita asistente de recursos humanos para aplicaci\u00f3n e interpretaci\u00f3n de pruebas psicom\u00e9tricas, entrevista laboral y manejo de portales de empleo, redes sociales y paqueter\u00eda office. Habilidades: iniciativa, gusto por trabajar con personas, proactivo, ganas de aprender, orientaci\u00f3n a resultados, orientaci\u00f3n al cliente y tolerancia a la presi\u00f3n.<\/p>\n<p>Requisitos: licenciatura trunca en administraci\u00f3n, experiencia similar de seis meses a un a\u00f1o, edad de 20 a 24 a\u00f1os. Horario laboral de 9:00 a 18:00 horas de lunes a viernes. Se ofrece pago quincenal de 1,500 a 1,800 pesos seg\u00fan aptitudes y prestaciones de ley.<\/p>\n<p>Los interesados en aplicar a la vacante deber\u00e1n enviar su curr\u00edculum vitae a trav\u00e9s del\u00a0<a href=\"http:\/\/www.empleo.gob.mx\/\" target=\"_blank\">Portal del Empleo<\/a>\u00a0de la Secretar\u00eda de Trabajo y Previsi\u00f3n Social.<\/p>\n<p>&nbsp;<\/p>\n<p><a href=\"http:\/\/www.eloriente.net\/home\/wp-content\/uploads\/2014\/05\/martes-de-vacantes.jpg\"><img loading=\"lazy\" decoding=\"async\" class=\"alignnone size-medium wp-image-25869\" title=\"martes de vacantes\" src=\"http:\/\/www.eloriente.net\/home\/wp-content\/uploads\/2014\/05\/martes-de-vacantes-300x199.jpg\" alt=\"\" width=\"300\" height=\"199\" srcset=\"http:\/\/www.eloriente.net\/home\/wp-content\/uploads\/2014\/05\/martes-de-vacantes-300x199.jpg 300w, http:\/\/www.eloriente.net\/home\/wp-content\/uploads\/2014\/05\/martes-de-vacantes.jpg 1024w\" sizes=\"(max-width: 300px) 100vw, 300px\" \/><\/a><\/p>\n<\/div>\n<p>&nbsp;<\/p>\n<p><strong>Entradas relacionadas:<\/strong><\/p>\n<p><a title=\"Permalink to 5 vacantes para abogados y una para ventas #MartesdeVacantes\" href=\"http:\/\/www.eloriente.net\/home\/2014\/07\/01\/5-vacantes-para-abogados-martesdevacantes\/\" rel=\"bookmark\">5 vacantes para abogados y una para ventas #MartesdeVacantes<\/a><\/p>\n<p><a href=\"http:\/\/www.eloriente.net\/home\/2014\/07\/01\/5-vacantes-para-abogados-martesdevacantes\/\" rel=\"bookmark\"><img decoding=\"async\" title=\"5 vacantes para abogados y una para ventas #MartesdeVacantes\" src=\"http:\/\/www.eloriente.net\/home\/wp-content\/themes\/city-desk\/timthumb.php?src=http%3A%2F%2Fwww.eloriente.net%2Fhome%2Fwp-content%2Fuploads%2F2014%2F05%2FAbogados-MA-Bustamante.jpg&amp;q=90&amp;w=160&amp;h=106&amp;zc=1\" alt=\"5 vacantes para abogados y una para ventas #MartesdeVacantes\" \/><\/a><\/p>\n<p>eloriente.net 1\/julio\/2014 Conscientes de la importancia para la ciudadan\u00eda en general de la b\u00fasqueda de nuevas oportunidades de crecimiento profesional, ponemos a tu disposici\u00f3n semanalmente ofertas de empleo disponibles en la ciudad de Oaxaca de Ju\u00e1rez, municipios conurbados y en regiones al interior del estado. En esta ocasi\u00f3n, ELORIENTE.NET comparte cinco vacantes para abogados. 1. [&#8230;]<\/p>\n<p>July 1, 2014<\/p>\n<p><a title=\"Permalink to 5 vacantes en finanzas y contadur\u00eda #MartesdeVacantes\" href=\"http:\/\/www.eloriente.net\/home\/2014\/06\/24\/5-vacantes-en-finanzas-y-contaduria-martesdevacantes\/\" rel=\"bookmark\">5 vacantes en finanzas y contadur\u00eda #MartesdeVacantes<\/a><\/p>\n<p><a href=\"http:\/\/www.eloriente.net\/home\/2014\/06\/24\/5-vacantes-en-finanzas-y-contaduria-martesdevacantes\/\" rel=\"bookmark\"><img decoding=\"async\" title=\"5 vacantes en finanzas y contadur\u00eda #MartesdeVacantes\" src=\"http:\/\/www.eloriente.net\/home\/wp-content\/themes\/city-desk\/timthumb.php?src=http%3A%2F%2Fwww.eloriente.net%2Fhome%2Fwp-content%2Fuploads%2F2014%2F05%2Fmartes-de-vacantes.jpg&amp;q=90&amp;w=160&amp;h=106&amp;zc=1\" alt=\"5 vacantes en finanzas y contadur\u00eda #MartesdeVacantes\" \/><\/a><\/p>\n<p>eloriente.net 24\/junio\/2014 Conscientes de la importancia para la ciudadan\u00eda en general de la b\u00fasqueda de nuevas oportunidades de crecimiento profesional, ponemos a tu disposici\u00f3n semanalmente ofertas de empleo disponibles en la ciudad de Oaxaca de Ju\u00e1rez, municipios conurbados y en regiones al interior del estado. En esta ocasi\u00f3n, ELORIENTE.NET comparte cinco vacantes en finanzas y [&#8230;]<\/p>\n<p>June 24, 2014<\/p>\n<p><a title=\"Permalink to 5 vacantes en programaci\u00f3n web #MartesdeVacantes\" href=\"http:\/\/www.eloriente.net\/home\/2014\/06\/17\/5-vacantes-en-programacion-web-martesdevacantes\/\" rel=\"bookmark\">5 vacantes en programaci\u00f3n web #MartesdeVacantes<\/a><\/p>\n<p><a href=\"http:\/\/www.eloriente.net\/home\/2014\/06\/17\/5-vacantes-en-programacion-web-martesdevacantes\/\" rel=\"bookmark\"><img decoding=\"async\" title=\"5 vacantes en programaci\u00f3n web #MartesdeVacantes\" src=\"http:\/\/www.eloriente.net\/home\/wp-content\/themes\/city-desk\/timthumb.php?src=http%3A%2F%2Fwww.eloriente.net%2Fhome%2Fwp-content%2Fuploads%2F2014%2F04%2FEmprendedor-Por-Catapulta.jpg&amp;q=90&amp;w=160&amp;h=106&amp;zc=1\" alt=\"5 vacantes en programaci\u00f3n web #MartesdeVacantes\" \/><\/a><\/p>\n<p>eloriente.net 17\/mayo\/2014 Conscientes de la importancia para la ciudadan\u00eda en general de la b\u00fasqueda de nuevas oportunidades de crecimiento profesional, ponemos a tu disposici\u00f3n semanalmente ofertas de empleo disponibles en la ciudad de Oaxaca de Ju\u00e1rez, municipios conurbados y en regiones al interior del estado. En esta ocasi\u00f3n, ELORIENTE.NET comparte cinco vacantes en programaci\u00f3n web. [&#8230;]<\/p>\n<p>June 17, 2014<\/p>\n\n\t\t\t  <div \n\t\t\t  \tclass = \"fb-comments\" \n\t\t\t  \tdata-href = \"http:\/\/www.eloriente.net\/home\/2014\/07\/08\/5-vacantes-en-recursos-humanos-martesdevacantes\/\"\n\t\t\t  \tdata-numposts = \"10\"\n\t\t\t\tdata-colorscheme = \"dark\"\n\t\t\t\tdata-order-by = \"social\"\n\t\t\t\tdata-mobile=true>\n\t\t\t  <\/div>\n\t\t  <style>\n\t\t\t.fb_iframe_widget_fluid_desktop iframe {\n\t\t\t    width: 100% !important;\n\t\t\t}\n\t\t  <\/style>\n\t\t  ","protected":false},"excerpt":{"rendered":"<p>eloriente.net 8\/julio\/2014 Conscientes de la importancia para la ciudadan\u00eda en general de la b\u00fasqueda de nuevas oportunidades de crecimiento profesional, ponemos a tu disposici\u00f3n semanalmente ofertas de empleo disponibles en la ciudad de Oaxaca de Ju\u00e1rez, municipios conurbados y en regiones al interior del estado. En esta ocasi\u00f3n, ELORIENTE.NET comparte cinco vacantes en recursos humanos. [&hellip;]<\/p>\n","protected":false},"author":26,"featured_media":25869,"comment_status":"open","ping_status":"open","sticky":false,"template":"","format":"standard","meta":{"_jetpack_memberships_contains_paid_content":false,"footnotes":""},"categories":[942,32,13,63,464,19],"tags":[215,828,1455,843,591,211,889],"class_list":["post-29124","post","type-post","status-publish","format-standard","has-post-thumbnail","hentry","category-martesdevacantes","category-entradas","category-especiales","category-estados","category-oaxaca-estados","category-turismo-y-negocios","tag-empleo","tag-humanos","tag-martes","tag-profesion","tag-recursos","tag-trabajo","tag-vacantes"],"jetpack_featured_media_url":"http:\/\/www.eloriente.net\/home\/wp-content\/uploads\/2014\/05\/martes-de-vacantes.jpg","jetpack_sharing_enabled":true,"_links":{"self":[{"href":"http:\/\/www.eloriente.net\/home\/wp-json\/wp\/v2\/posts\/29124"}],"collection":[{"href":"http:\/\/www.eloriente.net\/home\/wp-json\/wp\/v2\/posts"}],"about":[{"href":"http:\/\/www.eloriente.net\/home\/wp-json\/wp\/v2\/types\/post"}],"author":[{"embeddable":true,"href":"http:\/\/www.eloriente.net\/home\/wp-json\/wp\/v2\/users\/26"}],"replies":[{"embeddable":true,"href":"http:\/\/www.eloriente.net\/home\/wp-json\/wp\/v2\/comments?post=29124"}],"version-history":[{"count":7,"href":"http:\/\/www.eloriente.net\/home\/wp-json\/wp\/v2\/posts\/29124\/revisions"}],"predecessor-version":[{"id":29130,"href":"http:\/\/www.eloriente.net\/home\/wp-json\/wp\/v2\/posts\/29124\/revisions\/29130"}],"wp:featuredmedia":[{"embeddable":true,"href":"http:\/\/www.eloriente.net\/home\/wp-json\/wp\/v2\/media\/25869"}],"wp:attachment":[{"href":"http:\/\/www.eloriente.net\/home\/wp-json\/wp\/v2\/media?parent=29124"}],"wp:term":[{"taxonomy":"category","embeddable":true,"href":"http:\/\/www.eloriente.net\/home\/wp-json\/wp\/v2\/categories?post=29124"},{"taxonomy":"post_tag","embeddable":true,"href":"http:\/\/www.eloriente.net\/home\/wp-json\/wp\/v2\/tags?post=29124"}],"curies":[{"name":"wp","href":"https:\/\/api.w.org\/{rel}","templated":true}]}}