{"id":29152,"date":"2014-07-08T08:28:01","date_gmt":"2014-07-08T14:28:01","guid":{"rendered":"http:\/\/www.eloriente.net\/home\/?p=29152"},"modified":"2014-07-08T08:28:53","modified_gmt":"2014-07-08T14:28:53","slug":"presentan-en-la-costa-proyecto-hidraulico-paso-de-la-reina","status":"publish","type":"post","link":"http:\/\/www.eloriente.net\/home\/2014\/07\/08\/presentan-en-la-costa-proyecto-hidraulico-paso-de-la-reina\/","title":{"rendered":"Presentan en la Costa proyecto hidr\u00e1ulico \u00abPaso de la Reina\u00bb"},"content":{"rendered":"<p>eloriente.net\/<a href=\"http:\/\/www.congresooaxaca.gob.mx\/\" target=\"_blank\">Congreso del Estado<\/a><\/p>\n<p>8\/julio\/2014<\/p>\n<p><strong>Por gestiones de la diputada Remedios Zonia L\u00f3pez Cruz, fueron informados de manera oficial, de los avances del Proyecto Aprovechamiento Hidr\u00e1ulico de Usos M\u00faltiples Paso de la Reina.<\/strong><strong><\/strong><\/p>\n<p>Convocados por la diputada Remedios Zonia L\u00f3pez Cruz, directivos de la Comisi\u00f3n Federal de Electricidad dieron a conocer a presidentes municipales de la Costa del estado de Oaxaca, as\u00ed como a integrantes de colegios de ingenieros y arquitectos, los avances del Proyecto Aprovechamiento Hidr\u00e1ulico de Usos M\u00faltiples Paso de la Reina.<\/p>\n<p>En la primera ocasi\u00f3n que de manera oficial los asistentes conocieron los adelantos de la magna obra, la presidenta de\u00a0la Comisi\u00f3n Permanente de Infraestructuras y el Ordenamiento Territorial Sustentable en la LXII Legislatura del Estado,\u00a0exhort\u00f3 a los participantes a conformar\u00a0una comisi\u00f3n para analizar el tema y dise\u00f1ar un proyecto integral, previo al inicio de sus operaciones.<\/p>\n<p>Ante los presidentes municipales de Tataltepec de Vald\u00e9s, Joselito Jorge Ram\u00edrez; de Santiago Jamiltepec, Braulio Hern\u00e1ndez Ocampo; de Santiago Tetepec, Jorge Alfredo Carbajal Ram\u00edrez y representantes de Heladio Reyes Cruz, mun\u00edcipe de Villa de Tututepec de Melchor Ocampo, la legisladora dijo que el proyecto detonar\u00e1 la econom\u00eda de la regi\u00f3n e incluso puede generar la creaci\u00f3n de nuevas carreras relacionadas con su operaci\u00f3n y por ello tambi\u00e9n ser\u00eda conveniente establecer acuerdos con las universidades a fin de contemplar estas alternativas acad\u00e9micas.<\/p>\n<p>Al subgerente nacional de Desarrollo Social de la CFE, Vicente de la Cruz y al\u00a0Gerente<strong>\u00a0<\/strong>de la Divisi\u00f3n de Distribuci\u00f3n Sureste de la\u00a0misma dependencia,\u00a0Armando Reynoso S\u00e1nchez, les pidi\u00f3 nombrar un enlace para revisar los detalles y establecer un plan de trabajo junto con los mun\u00edcipes de la zona donde se ubicar\u00e1, para lo cual se requiere compromiso y seriedad de los involucrados, dijo.<\/p>\n<p>Asimismo consider\u00f3 necesario que los mun\u00edcipes y partes involucradas alcancen acuerdos con aquellos grupos que han manifestado inconformidad.<\/p>\n<p>Lo anterior, precis\u00f3, a fin de que el proyecto se pueda desarrollar en beneficio de la entidad, luego de pedir a las autoridades municipales, un esp\u00edritu positivo pues \u00a0Oaxaca necesita proyectos magnos.<\/p>\n<p>Vicente de la Cruz agradeci\u00f3 la oportunidad de dar a conocer los detalles del avance de la obra, ya que la desinformaci\u00f3n genera confusi\u00f3n y mitos, lo cual lleva a desconfianza.<\/p>\n<p>Agrego que las obras realizadas por la dependencia federal se planean con 15 a\u00f1os de anticipaci\u00f3n y en el Proyecto Aprovechamiento Hidr\u00e1ulico de Usos M\u00faltiples Paso de la Reina, se tiene prevista la generaci\u00f3n de energ\u00eda el\u00e9ctrica, el control de avenidas y el beneficio a las comunidades de la zona de influencia.<\/p>\n<p>Los mun\u00edcipes dijeron no oponerse al proyecto, sin embargo se pronunciaron porque se les hable con la verdad pues la comunidad est\u00e1 a\u00fan pendiente de aceptar \u00a0la obra.<\/p>\n<p>En la reuni\u00f3n que se llev\u00f3 a cabo en las instalaciones de la Comisi\u00f3n Federal de Electricidad, los representantes de los colegios de ingenieros, arquitectos y electricistas solicitaron tener detalles t\u00e9cnicos de la obra, para opinar de manera profesional, que se tome en cuenta la participaci\u00f3n de profesionales oaxaque\u00f1os y que la derrama econ\u00f3mica se quede en la entidad.<\/p>\n<p>&nbsp;<\/p>\n<p><a href=\"http:\/\/www.eloriente.net\/home\/wp-content\/uploads\/2014\/07\/Diputada-Por-Congreso.jpg\"><img loading=\"lazy\" decoding=\"async\" class=\"alignnone size-medium wp-image-29153\" title=\"Diputada-Por Congreso\" src=\"http:\/\/www.eloriente.net\/home\/wp-content\/uploads\/2014\/07\/Diputada-Por-Congreso-300x189.jpg\" alt=\"\" width=\"300\" height=\"189\" srcset=\"http:\/\/www.eloriente.net\/home\/wp-content\/uploads\/2014\/07\/Diputada-Por-Congreso-300x189.jpg 300w, http:\/\/www.eloriente.net\/home\/wp-content\/uploads\/2014\/07\/Diputada-Por-Congreso-1024x647.jpg 1024w, http:\/\/www.eloriente.net\/home\/wp-content\/uploads\/2014\/07\/Diputada-Por-Congreso.jpg 1199w\" sizes=\"(max-width: 300px) 100vw, 300px\" \/><\/a><\/p>\n<p>Foto: Congreso del Estado<\/p>\n<p>&nbsp;<\/p>\n<p><strong>Entradas relacionadas:<\/strong><\/p>\n<p><a title=\"Permalink to Consulta aqu\u00ed dictamen de leyes secundarias de telecomunicaciones\" href=\"http:\/\/www.eloriente.net\/home\/2014\/07\/03\/consulta-aqui-dictamen-de-leyes-secundarias-de-telecomunicaciones\/\" rel=\"bookmark\">Consulta aqu\u00ed dictamen de leyes secundarias de telecomunicaciones<\/a><\/p>\n<p><a href=\"http:\/\/www.eloriente.net\/home\/2014\/07\/03\/consulta-aqui-dictamen-de-leyes-secundarias-de-telecomunicaciones\/\" rel=\"bookmark\"><img decoding=\"async\" title=\"Consulta aqu\u00ed dictamen de leyes secundarias de telecomunicaciones\" src=\"http:\/\/www.eloriente.net\/home\/wp-content\/themes\/city-desk\/timthumb.php?src=http%3A%2F%2Fwww.eloriente.net%2Fhome%2Fwp-content%2Fuploads%2F2014%2F07%2FReforma-en-telecomunicaciones-Por-presidencia-e1404435705782.jpg&amp;q=90&amp;w=160&amp;h=106&amp;zc=1\" alt=\"Consulta aqu\u00ed dictamen de leyes secundarias de telecomunicaciones\" \/><\/a><\/p>\n<p>eloriente.net 3\/julio\/2014 Con 25 votos a favor y 5 en contra, las Comisiones Unidas de Comunicaciones y Transportes, de Radio, Televisi\u00f3n y Cinematograf\u00eda y de Estudios Legislativos del Senado de la Rep\u00fablica aprobaron hoy en lo general las leyes secundarias en materia de telecomunicaciones y radiodifusi\u00f3n. En un comunicado oficial, se anunci\u00f3 que el dictamen [&#8230;]<\/p>\n<p>July 3, 2014<\/p>\n<p><a title=\"Permalink to Reforma pol\u00edtica: \u00bfCongreso va por otro tumbo?\" href=\"http:\/\/www.eloriente.net\/home\/2014\/07\/02\/reforma-politica-congreso-va-por-otro-tumbo\/\" rel=\"bookmark\">Reforma pol\u00edtica: \u00bfCongreso va por otro tumbo?<\/a><\/p>\n<p><a href=\"http:\/\/www.eloriente.net\/home\/2014\/07\/02\/reforma-politica-congreso-va-por-otro-tumbo\/\" rel=\"bookmark\"><img decoding=\"async\" title=\"Reforma pol\u00edtica: \u00bfCongreso va por otro tumbo?\" src=\"http:\/\/www.eloriente.net\/home\/wp-content\/themes\/city-desk\/timthumb.php?src=http%3A%2F%2Fwww.eloriente.net%2Fhome%2Fwp-content%2Fuploads%2F2014%2F03%2FPRD-Por-Congreso.jpg&amp;q=90&amp;w=160&amp;h=106&amp;zc=1\" alt=\"Reforma pol\u00edtica: \u00bfCongreso va por otro tumbo?\" \/><\/a><\/p>\n<p>eloriente.net 2\/julio\/2014 Por: Adri\u00e1n Ort\u00edz Romero Reforma pol\u00edtica: \u00bfCongreso va por otro tumbo?\u00a0 No entienden que armonizaci\u00f3n no es potestativa Como si a Oaxaca le faltaran problemas por la improductividad e ineficiencia del Poder Legislativo. Parece que nuestro estado va en camino a una nueva crisis por la adecuaci\u00f3n de las normas estatales a la [&#8230;]<\/p>\n<p>July 2, 2014<\/p>\n<div id=\"post-28784\">\n<p><a title=\"Permalink to Expone Garc\u00eda Morlan ante Colegio de Abogados de Veracruz\" href=\"http:\/\/www.eloriente.net\/home\/2014\/07\/02\/expone-garcia-morlan-tema-de-equidad-de-genero-en-veracruz\/\" rel=\"bookmark\">Expone Garc\u00eda Morlan ante Colegio de Abogados de Veracruz<\/a><\/p>\n<p><a href=\"http:\/\/www.eloriente.net\/home\/2014\/07\/02\/expone-garcia-morlan-tema-de-equidad-de-genero-en-veracruz\/\" rel=\"bookmark\"><img decoding=\"async\" title=\"Expone Garc\u00eda Morlan ante Colegio de Abogados de Veracruz\" src=\"http:\/\/www.eloriente.net\/home\/wp-content\/themes\/city-desk\/timthumb.php?src=http%3A%2F%2Fwww.eloriente.net%2Fhome%2Fwp-content%2Fuploads%2F2014%2F07%2FCongreso-Veracruz-Por-Alejandra-G.-Morlan.jpg&amp;q=90&amp;w=160&amp;h=106&amp;zc=1\" alt=\"Expone Garc\u00eda Morlan ante Colegio de Abogados de Veracruz\" \/><\/a><\/p>\n<p>eloriente.net\/Env\u00edo 2\/julio\/2014 Por invitaci\u00f3n del Colegio de Abogados de Veracruz, la diputada Alejandra G. Morlan asisti\u00f3 como ponente al Foro Regional \u201cNuevas Tendencias del Sistema Jur\u00eddico Mexicano\u201d. Tras conocerse su trabajo a favor de la igualdad sustantiva, el Colegio de Abogados de Veracruz invit\u00f3 a la diputada local, Alejandra Garc\u00eda Morlan como ponente al Foro [&#8230;]<\/p>\n<p>July 2, 2014<\/p>\n<\/div>\n\n\t\t\t  <div \n\t\t\t  \tclass = \"fb-comments\" \n\t\t\t  \tdata-href = \"http:\/\/www.eloriente.net\/home\/2014\/07\/08\/presentan-en-la-costa-proyecto-hidraulico-paso-de-la-reina\/\"\n\t\t\t  \tdata-numposts = \"10\"\n\t\t\t\tdata-colorscheme = \"dark\"\n\t\t\t\tdata-order-by = \"social\"\n\t\t\t\tdata-mobile=true>\n\t\t\t  <\/div>\n\t\t  <style>\n\t\t\t.fb_iframe_widget_fluid_desktop iframe {\n\t\t\t    width: 100% !important;\n\t\t\t}\n\t\t  <\/style>\n\t\t  ","protected":false},"excerpt":{"rendered":"<p>eloriente.net\/Congreso del Estado 8\/julio\/2014 Por gestiones de la diputada Remedios Zonia L\u00f3pez Cruz, fueron informados de manera oficial, de los avances del Proyecto Aprovechamiento Hidr\u00e1ulico de Usos M\u00faltiples Paso de la Reina. Convocados por la diputada Remedios Zonia L\u00f3pez Cruz, directivos de la Comisi\u00f3n Federal de Electricidad dieron a conocer a presidentes municipales de la [&hellip;]<\/p>\n","protected":false},"author":26,"featured_media":29153,"comment_status":"open","ping_status":"open","sticky":false,"template":"","format":"standard","meta":{"_jetpack_memberships_contains_paid_content":false,"footnotes":""},"categories":[1588,91,32,63,23,464,21],"tags":[1809,93,1900,344,73,1901,1896],"class_list":["post-29152","post","type-post","status-publish","format-standard","has-post-thumbnail","hentry","category-comunicados-y-boletines","category-congreso-y-justicia","category-entradas","category-estados","category-municipios","category-oaxaca-estados","category-politica-y-gobierno","tag-costa","tag-diputados","tag-hidraulico","tag-municipios-2","tag-oaxaca","tag-paso-de-la-reina","tag-proyecto"],"jetpack_featured_media_url":"http:\/\/www.eloriente.net\/home\/wp-content\/uploads\/2014\/07\/Diputada-Por-Congreso.jpg","jetpack_sharing_enabled":true,"_links":{"self":[{"href":"http:\/\/www.eloriente.net\/home\/wp-json\/wp\/v2\/posts\/29152"}],"collection":[{"href":"http:\/\/www.eloriente.net\/home\/wp-json\/wp\/v2\/posts"}],"about":[{"href":"http:\/\/www.eloriente.net\/home\/wp-json\/wp\/v2\/types\/post"}],"author":[{"embeddable":true,"href":"http:\/\/www.eloriente.net\/home\/wp-json\/wp\/v2\/users\/26"}],"replies":[{"embeddable":true,"href":"http:\/\/www.eloriente.net\/home\/wp-json\/wp\/v2\/comments?post=29152"}],"version-history":[{"count":3,"href":"http:\/\/www.eloriente.net\/home\/wp-json\/wp\/v2\/posts\/29152\/revisions"}],"predecessor-version":[{"id":29156,"href":"http:\/\/www.eloriente.net\/home\/wp-json\/wp\/v2\/posts\/29152\/revisions\/29156"}],"wp:featuredmedia":[{"embeddable":true,"href":"http:\/\/www.eloriente.net\/home\/wp-json\/wp\/v2\/media\/29153"}],"wp:attachment":[{"href":"http:\/\/www.eloriente.net\/home\/wp-json\/wp\/v2\/media?parent=29152"}],"wp:term":[{"taxonomy":"category","embeddable":true,"href":"http:\/\/www.eloriente.net\/home\/wp-json\/wp\/v2\/categories?post=29152"},{"taxonomy":"post_tag","embeddable":true,"href":"http:\/\/www.eloriente.net\/home\/wp-json\/wp\/v2\/tags?post=29152"}],"curies":[{"name":"wp","href":"https:\/\/api.w.org\/{rel}","templated":true}]}}