{"id":29299,"date":"2014-07-11T01:00:05","date_gmt":"2014-07-11T07:00:05","guid":{"rendered":"http:\/\/www.eloriente.net\/home\/?p=29299"},"modified":"2014-07-10T18:18:38","modified_gmt":"2014-07-11T00:18:38","slug":"distinciones-lideres-del-manana","status":"publish","type":"post","link":"http:\/\/www.eloriente.net\/home\/2014\/07\/11\/distinciones-lideres-del-manana\/","title":{"rendered":"Distinciones \u00abL\u00edderes del Ma\u00f1ana\u00bb"},"content":{"rendered":"<p>eloriente.net<\/p>\n<p>11\/julio\/2014<\/p>\n<p style=\"text-align: right\">Por: Lourdes Mateos Espejel*<\/p>\n<p>El Tecnol\u00f3gico de Monterrey en Puebla entreg\u00f3 por primera vez a ocho alumnos de nuevo ingreso una beca que cubre que cubre el 100 por ciento de su colegiatura como parte del programa \u201cL\u00edderes del Ma\u00f1ana\u201d, que busca beneficiar a j\u00f3venes con excelente nivel acad\u00e9mico, alto potencial de liderazgo y demostrar una condici\u00f3n econ\u00f3mica que requiera apoyo financiero en su totalidad para cursar sus estudios profesionales.<\/p>\n<p>El primer grupo de alumnos beneficiados con esta distinci\u00f3n provienen de municipios poblanos como Chignahuapan, Ciudad Serd\u00e1n, Tehuac\u00e1n y Tepeaca, as\u00ed como de Ocotl\u00e1n, Oaxaca; Ju\u00e1rez, Chiapas; Delegaci\u00f3n Cuauht\u00e9moc, Distrito Federal; y\u00a0Zontecomatl\u00e1n, Veracruz.<\/p>\n<p>Entre los criterios que se consideraron para la identificaci\u00f3n de los candidatos a la distinci\u00f3n L\u00edderes del Ma\u00f1ana destacan el contar con aptitudes de liderazgo e historial de participaci\u00f3n comunitaria; tener un promedio m\u00ednimo de 90 al graduarse de preparatoria; haber obtenido como m\u00ednimo 1,350 puntos en el examen de admisi\u00f3n (Prueba de Aptitud Acad\u00e9mica) y demostrar una condici\u00f3n econ\u00f3mica que requiera el apoyo financiero del 100 por ciento para estudiar en el Tecnol\u00f3gico de Monterrey.<\/p>\n<p>\u201cCon la distinci\u00f3n L\u00edderes del Ma\u00f1ana buscamos atraer a un mayor n\u00famero de j\u00f3venes talentosos y con alto potencial al Tecnol\u00f3gico de Monterrey; adem\u00e1s de refrendar nuestra intenci\u00f3n como universidad de seguir formando a los mejores l\u00edderes con esp\u00edritu emprendedor y sentido humano de M\u00e9xico, sin importar su condici\u00f3n social o econ\u00f3mica\u201d, coment\u00f3 Salvador Alva, presidente del Tec de Monterrey.<\/p>\n<p>En su discurso a los alumnos, Rashid Abella Yunes, director general del Tecnol\u00f3gico de Monterrey en Puebla mencion\u00f3 que esta distinci\u00f3n \u201crepresenta la intenci\u00f3n de la instituci\u00f3n por transformar vidas e impactar en la vida de j\u00f3venes de gran esfuerzo y resultados, al mismo tiempo de resaltar que esta distinci\u00f3n los hace acreedores a una gran responsabilidad tal y como el Tecnol\u00f3gico de Monterrey la tiene al ser la mejor universidad de M\u00e9xico\u201d.<\/p>\n<p>Por su parte el alumno de nuevo ingreso, Joan Sebastian Hern\u00e1ndez Jim\u00e9nez, explic\u00f3 que estudiar en el Tecnol\u00f3gico de Monterrey ha sido su gran sue\u00f1o que se cristaliza despu\u00e9s de venir de \u201cun poblado alejado de la civilizaci\u00f3n, que no cuenta con se\u00f1ales de celular e internet, estamos en un hoyo por los cerros. Por lo que estar aqu\u00ed es un gran orgullo y me siento muy satisfecho con mi esfuerzo; sin embargo, el m\u00e1ximo agradecimiento es para nuestros pap\u00e1s, pues son ellos los que nos llevaron a levantarnos d\u00eda con d\u00eda y aspirar algo mejor\u201d.<\/p>\n<p>Los alumnos que recibieron esta distinci\u00f3n son los siguientes:<\/p>\n<p>&nbsp;<\/p>\n<p style=\"text-align: center\"><a href=\"http:\/\/www.eloriente.net\/home\/wp-content\/uploads\/2014\/07\/Tabla-L%C3%ADderes-del-ma%C3%B1ana.png\"><img loading=\"lazy\" decoding=\"async\" class=\"aligncenter\" src=\"http:\/\/www.eloriente.net\/home\/wp-content\/uploads\/2014\/07\/Tabla-L%C3%ADderes-del-ma%C3%B1ana.png\" alt=\"\" width=\"566\" height=\"327\" \/><\/a><\/p>\n<p>&nbsp;<\/p>\n<p><strong>Sobre la Distinci\u00f3n L\u00edderes del Ma\u00f1ana<\/strong><\/p>\n<p>En noviembre de 2013 se abri\u00f3 el proceso de selecci\u00f3n e identificaci\u00f3n de candidatos para participar en este programa con el que se busca apoyar anualmente a 250 alumnos egresados de preparatoria, hasta llegar en 5 a\u00f1os a la meta de 1,250 estudiantes que sean beneficiados para cursar una carrera profesional. En esta ocasi\u00f3n se recibieron 2,500 solicitudes de j\u00f3venes de todo el pa\u00eds, de los cuales 200 candidatos se hicieron merecedores de la distinci\u00f3n.<\/p>\n<p>Desde sus inicios, y en congruencia con su car\u00e1cter de instituci\u00f3n sin fines de lucro, el Tecnol\u00f3gico de Monterrey ha contado con un robusto programa de apoyos financieros para que m\u00e1s mexicanos puedan estudiar en sus campus, apoyado por la labor de sus entidades como Sorteos Tec, asociaciones estudiantiles, y Egresados y Amigos del Tec, que creen en la educaci\u00f3n de excelencia como el medio para construir un mejor Pa\u00eds. Gracias a su labor y entrega, actualmente la mitad de la poblaci\u00f3n total de alumnos del Tecnol\u00f3gico de Monterrey, que asciende a casi 100 mil alumnos, cuenta con alg\u00fan tipo beca y\/o apoyo financiero.<\/p>\n<p>Es as\u00ed como el Tecnol\u00f3gico de Monterrey refrenda su compromiso por apoyar a j\u00f3venes con alto desempe\u00f1o acad\u00e9mico y gran potencial de liderazgo, m\u00e1s all\u00e1 de su condici\u00f3n social o econ\u00f3mica, quienes estamos seguros que ser\u00e1n grandes l\u00edderes transformadores de su entorno.<\/p>\n<p><strong>Numeralia nacional<\/strong><\/p>\n<p>&#8211; 98,800 alumnos de profesional, posgrado y preparatoria en todo el pa\u00eds.<\/p>\n<p>&#8211; 50% de la poblaci\u00f3n total de alumnos ya recibe alg\u00fan tipo de apoyo financiero o beca.<\/p>\n<p>&#8211; 2,500 solicitudes recibidas para aplicar a la distinci\u00f3n L\u00edderes del Ma\u00f1ana.<\/p>\n<p>&#8211; 200 alumnos merecedores de la distinci\u00f3n en 24 campus de todo el pa\u00eds.<\/p>\n<p>&#8211; 114 hombres (57%)<\/p>\n<p>&#8211; 86 mujeres (43%)<\/p>\n<p>&#8211; 123 ingenieros, 63 licenciados, 9 arquitectos, 5 m\u00e9dicos<\/p>\n<p>&nbsp;<\/p>\n<p><a href=\"http:\/\/www.eloriente.net\/home\/wp-content\/uploads\/2014\/07\/IMG_1470.jpg\"><img loading=\"lazy\" decoding=\"async\" class=\"alignnone size-medium wp-image-29302\" src=\"http:\/\/www.eloriente.net\/home\/wp-content\/uploads\/2014\/07\/IMG_1470-300x200.jpg\" alt=\"\" width=\"300\" height=\"200\" srcset=\"http:\/\/www.eloriente.net\/home\/wp-content\/uploads\/2014\/07\/IMG_1470-300x200.jpg 300w, http:\/\/www.eloriente.net\/home\/wp-content\/uploads\/2014\/07\/IMG_1470-1024x682.jpg 1024w\" sizes=\"(max-width: 300px) 100vw, 300px\" \/><\/a><\/p>\n<p>Foto: Tecnol\u00f3gico de Monterrey<\/p>\n<p>&nbsp;<\/p>\n<hr align=\"left\" size=\"1\" width=\"33%\" \/>\n<p><em>*Estratega de medios, docente y promotora de la comunicaci\u00f3n de la ciencia. Es licenciada en Ciencias de la Comunicaci\u00f3n por la Universidad de las Am\u00e9ricas, Puebla y cuenta con una maestr\u00eda en Administraci\u00f3n por el Tecnol\u00f3gico de Monterrey. Ha sido correctora de estilo de revistas empresariales como Gesti\u00f3n de Negocios, coordinadora de log\u00edstica de eventos de multinacionales como HSM Inspiring Ideas y coordinadora de \u00e1reas de comunicaci\u00f3n organizacional en compa\u00f1\u00edas del sector automotriz como Chrysler de M\u00e9xico. Recientemente ha incursionado en la l\u00ednea de investigaci\u00f3n del \u00e1rea de Comunicaci\u00f3n de la Ciencia, lo que la ha llevado a presentar trabajos acad\u00e9micos en congresos internacionales, tal y como en la D\u00e9cimo Tercera Conferencia del Public Communicacion of Science and Technology (PCST) realizado en Salvador Bah\u00eda, Brasil. Actualmente se desempe\u00f1a como Jefe de Prensa y docente del Departamento de Mercadotecnia y Comunicaci\u00f3n del Tecnol\u00f3gico de Monterrey.<\/em><\/p>\n<p>&nbsp;<\/p>\n<p><strong>Entradas relacionadas:<\/strong><\/p>\n<p><a title=\"Permalink to Dobles mensajes\u2026 \u00bfMentiras que se disfrutan?\" href=\"http:\/\/www.eloriente.net\/home\/2014\/07\/04\/dobles-mensajes-mentiras-que-se-disfrutan\/\" rel=\"bookmark\">Dobles mensajes\u2026 \u00bfMentiras que se disfrutan?<\/a><\/p>\n<p><a href=\"http:\/\/www.eloriente.net\/home\/2014\/07\/04\/dobles-mensajes-mentiras-que-se-disfrutan\/\" rel=\"bookmark\"><img decoding=\"async\" src=\"http:\/\/www.eloriente.net\/home\/wp-content\/themes\/city-desk\/timthumb.php?src=http%3A%2F%2Fwww.eloriente.net%2Fhome%2Fwp-content%2Fuploads%2F2014%2F07%2FPareja-Por-Daquella-manera.jpg&amp;q=90&amp;w=160&amp;h=106&amp;zc=1\" alt=\"Dobles mensajes\u2026 \u00bfMentiras que se disfrutan?\" \/><\/a><\/p>\n<p>eloriente.net 4\/julio\/2014 Por: Dr. Jos\u00e9 Carlos V\u00e1zquez* \u00a0 Dobles mensajes\u2026 \u00bfMentiras que se disfrutan? En la cultura actual hemos llegado a manejar la informaci\u00f3n y la veracidad muy a nuestra conveniencia, es com\u00fan que nos encontremos con nociones como \u201cMentiras piadosas\u201d, \u201cMedias verdades\u201d o \u201cMentiras blancas\u201d, denotando a aquellas falsedades que por sus consecuencias positivas [&#8230;]<\/p>\n<p>July 4, 2014<\/p>\n<p><a title=\"Permalink to Espuma met\u00e1lica para autos deportivos\" href=\"http:\/\/www.eloriente.net\/home\/2014\/06\/27\/espuma-metalica-para-autos-deportivos\/\" rel=\"bookmark\">Espuma met\u00e1lica para autos deportivos<\/a><\/p>\n<p><a href=\"http:\/\/www.eloriente.net\/home\/2014\/06\/27\/espuma-metalica-para-autos-deportivos\/\" rel=\"bookmark\"><img decoding=\"async\" src=\"http:\/\/www.eloriente.net\/home\/wp-content\/themes\/city-desk\/timthumb.php?src=http%3A%2F%2Fwww.eloriente.net%2Fhome%2Fwp-content%2Fuploads%2F2014%2F06%2FAUTO-INFERNO_LTM-HOT-SPOT.jpg&amp;q=90&amp;w=160&amp;h=106&amp;zc=1\" alt=\"Espuma met\u00e1lica para autos deportivos\" \/><\/a><\/p>\n<p>eloriente.net 27\/junio\/2014 Por: Lourdes Mateos Espejel* Aplican espuma met\u00e1lica creada por el Tec de Monterrey en Puebla en producci\u00f3n de autos deportivos. Inferno Exotic Car es el autom\u00f3vil producido por la empresa LTM Hot Spot que emplea la patente \u201cManufactura de materiales ligeros porosos de aleaciones Zinc Alumnio Plata\u201d, desarrollada para la industria automotriz por\u00a0 [&#8230;]<\/p>\n<p>June 27, 2014<\/p>\n<p><a title=\"Permalink to Redes sociales, modas y des\u00f3rdenes alimenticios\" href=\"http:\/\/www.eloriente.net\/home\/2014\/06\/20\/redes-sociales-modas-y-desordenes-alimenticios\/\" rel=\"bookmark\">Redes sociales, modas y des\u00f3rdenes alimenticios<\/a><\/p>\n<p><a href=\"http:\/\/www.eloriente.net\/home\/2014\/06\/20\/redes-sociales-modas-y-desordenes-alimenticios\/\" rel=\"bookmark\"><img decoding=\"async\" src=\"http:\/\/www.eloriente.net\/home\/wp-content\/themes\/city-desk\/timthumb.php?src=http%3A%2F%2Fwww.eloriente.net%2Fhome%2Fwp-content%2Fuploads%2F2014%2F06%2FRedes-sociales-Por-keirstenmarie.jpg&amp;q=90&amp;w=160&amp;h=106&amp;zc=1\" alt=\"Redes sociales, modas y des\u00f3rdenes alimenticios\" \/><\/a><\/p>\n<p>eloriente.net 20\/junio\/2014 Por: Rub\u00e9n Gonz\u00e1lez* \u00a0 Redes sociales, modas y des\u00f3rdenes alimenticios Las adolescentes que estudian en preparatorias privadas podr\u00edan ser m\u00e1s proclives a sufrir des\u00f3rdenes alimenticios que las que asisten a escuelas p\u00fablicas, puesto que tienen un mayor conocimiento de y una opini\u00f3n m\u00e1s favorable hacia las modas del Bikini Bridge (BB) y Thigh [&#8230;]<\/p>\n<p>June 20, 2014<\/p>\n\n\t\t\t  <div \n\t\t\t  \tclass = \"fb-comments\" \n\t\t\t  \tdata-href = \"http:\/\/www.eloriente.net\/home\/2014\/07\/11\/distinciones-lideres-del-manana\/\"\n\t\t\t  \tdata-numposts = \"10\"\n\t\t\t\tdata-colorscheme = \"dark\"\n\t\t\t\tdata-order-by = \"social\"\n\t\t\t\tdata-mobile=true>\n\t\t\t  <\/div>\n\t\t  <style>\n\t\t\t.fb_iframe_widget_fluid_desktop iframe {\n\t\t\t    width: 100% !important;\n\t\t\t}\n\t\t  <\/style>\n\t\t  ","protected":false},"excerpt":{"rendered":"<p>eloriente.net 11\/julio\/2014 Por: Lourdes Mateos Espejel* El Tecnol\u00f3gico de Monterrey en Puebla entreg\u00f3 por primera vez a ocho alumnos de nuevo ingreso una beca que cubre que cubre el 100 por ciento de su colegiatura como parte del programa \u201cL\u00edderes del Ma\u00f1ana\u201d, que busca beneficiar a j\u00f3venes con excelente nivel acad\u00e9mico, alto potencial de liderazgo [&hellip;]<\/p>\n","protected":false},"author":28,"featured_media":29302,"comment_status":"open","ping_status":"open","sticky":false,"template":"","format":"standard","meta":{"_jetpack_memberships_contains_paid_content":false,"footnotes":""},"categories":[11,18,63,10,31,530,84],"tags":[1732,184,1932,1933,591,839,224],"class_list":["post-29299","post","type-post","status-publish","format-standard","has-post-thumbnail","hentry","category-colaboradores","category-educacion-y-cultura","category-estados","category-lo-mas-reciente","category-principal","category-tecnologico-de-monterrey","category-universidades","tag-becas","tag-educacion","tag-esfuerzo","tag-liderazgo","tag-recursos","tag-tec-de-monterrey","tag-universidades-2"],"jetpack_featured_media_url":"http:\/\/www.eloriente.net\/home\/wp-content\/uploads\/2014\/07\/IMG_1470.jpg","jetpack_sharing_enabled":true,"_links":{"self":[{"href":"http:\/\/www.eloriente.net\/home\/wp-json\/wp\/v2\/posts\/29299"}],"collection":[{"href":"http:\/\/www.eloriente.net\/home\/wp-json\/wp\/v2\/posts"}],"about":[{"href":"http:\/\/www.eloriente.net\/home\/wp-json\/wp\/v2\/types\/post"}],"author":[{"embeddable":true,"href":"http:\/\/www.eloriente.net\/home\/wp-json\/wp\/v2\/users\/28"}],"replies":[{"embeddable":true,"href":"http:\/\/www.eloriente.net\/home\/wp-json\/wp\/v2\/comments?post=29299"}],"version-history":[{"count":9,"href":"http:\/\/www.eloriente.net\/home\/wp-json\/wp\/v2\/posts\/29299\/revisions"}],"predecessor-version":[{"id":29313,"href":"http:\/\/www.eloriente.net\/home\/wp-json\/wp\/v2\/posts\/29299\/revisions\/29313"}],"wp:featuredmedia":[{"embeddable":true,"href":"http:\/\/www.eloriente.net\/home\/wp-json\/wp\/v2\/media\/29302"}],"wp:attachment":[{"href":"http:\/\/www.eloriente.net\/home\/wp-json\/wp\/v2\/media?parent=29299"}],"wp:term":[{"taxonomy":"category","embeddable":true,"href":"http:\/\/www.eloriente.net\/home\/wp-json\/wp\/v2\/categories?post=29299"},{"taxonomy":"post_tag","embeddable":true,"href":"http:\/\/www.eloriente.net\/home\/wp-json\/wp\/v2\/tags?post=29299"}],"curies":[{"name":"wp","href":"https:\/\/api.w.org\/{rel}","templated":true}]}}