{"id":29326,"date":"2014-07-11T08:15:53","date_gmt":"2014-07-11T14:15:53","guid":{"rendered":"http:\/\/www.eloriente.net\/home\/?p=29326"},"modified":"2014-07-11T08:17:46","modified_gmt":"2014-07-11T14:17:46","slug":"aprueban-hermanamiento-de-oaxaca-con-santa-cruz-chile","status":"publish","type":"post","link":"http:\/\/www.eloriente.net\/home\/2014\/07\/11\/aprueban-hermanamiento-de-oaxaca-con-santa-cruz-chile\/","title":{"rendered":"Aprueban hermanamiento de Oaxaca con Santa Cruz, Chile"},"content":{"rendered":"<p>eloriente.net\/<a href=\"http:\/\/www.municipiodeoaxaca.gob.mx\/\" target=\"_blank\">Municipio de Oaxaca<\/a><\/p>\n<p>11\/julio\/2014<\/p>\n<p>Integrantes del cabildo de Oaxaca de Ju\u00e1rez aprobaron por unanimidad la propuesta para consolidar el hermanamiento de la capital oaxaque\u00f1a con la ciudad de Santa Cruz, provincia de Colchagua, Rep\u00fablica de Chile.<\/p>\n<p>En el dictamen presentado por la Comisi\u00f3n de Turismo y Espect\u00e1culos, y aprobado por unanimidad durante la sesi\u00f3n ordinaria de este jueves 10 de julio, se autoriz\u00f3 tambi\u00e9n iniciar los tr\u00e1mites necesarios ante las autoridades de la provincia chilena y la Secretar\u00eda de Relaciones Exteriores, para dar cumplimiento a esta iniciativa bajo los t\u00e9rminos legales correspondientes.<\/p>\n<p>Se autoriz\u00f3 adem\u00e1s, la realizaci\u00f3n de una sesi\u00f3n solemne el d\u00eda 23 de julio a las 11:00 horas, teniendo como escenario el sal\u00f3n de cabildo Porfirio D\u00edaz Mori del Palacio Municipal; facultando al Presidente Municipal, en su calidad de representante pol\u00edtico del ayuntamiento, para signar en dicha sesi\u00f3n el acta y acuerdo de hermanamiento.<\/p>\n<p>Durante la sesi\u00f3n ordinaria, el presidente municipal propuso ante los integrantes del cabildo, aceptar la solicitud de hermanamiento realizada por el municipio de Ray\u00f3n, Estado de M\u00e9xico en d\u00edas pasados; propuesta que fue turnada ante la Comisi\u00f3n de Turismo y Espect\u00e1culos para su estudio y dictamen.<\/p>\n<p>En tanto, el s\u00edndico procurador, Rodrigo Eligio Gonz\u00e1lez Illescas realiz\u00f3 la propuesta de modificaci\u00f3n al Reglamento para el Control de Actividades Comerciales y de Servicios en V\u00eda P\u00fablica del Municipio de Oaxaca de Ju\u00e1rez, con la finalidad de evitar que se almacenen materiales explosivos o contaminantes en los locales.<\/p>\n<p>En este mismo planteamiento, Gonz\u00e1lez Illescas propuso que quienes requieran el uso del gas Licuado de Petr\u00f3leo (L.P) para desempe\u00f1ar sus actividades, utilicen tanques que no rebasen los 10 kilogramos, disminuyendo las probabilidades de\u00a0 percances por el uso de productos flamables.<\/p>\n<p>La propuesta fue turnada ante las comisiones de Comisi\u00f3n de Contralor\u00eda, Transparencia, Gobernaci\u00f3n y Reglamentos y de Mercados P\u00fablicos para su an\u00e1lisis y dictamen.<\/p>\n<p>De la misma manera, la regidora de Salud P\u00fablica Municipal, Marlene Aldeco Reyes planteo ante los integrantes del cabildo modificaciones al Bando de Polic\u00eda y Gobierno, para dejar en claro las atribuciones y competencias de las comisiones que componen el cuerpo colegiado del Municipio de Oaxaca de Ju\u00e1rez.<\/p>\n<p>En otro documento, Marlene Aldeco propuso la modificaci\u00f3n al Reglamento Interno del Municipio de Oaxaca de Ju\u00e1rez, para que los funcionarios y empleados municipales pudieran formular propuestas a trav\u00e9s de los regidores del \u00e1rea competente. Ambas propuestas fueron turnadas ante la Comisi\u00f3n de Contralor\u00eda, Transparencia, Gobernaci\u00f3n y Reglamentos para su an\u00e1lisis y dictamen.<\/p>\n<p>En otro de los asuntos en cartera, el regidor de Derechos Humanos, Omar Adri\u00e1n Heredia Mariche, present\u00f3 ante el cabildo una serie de observaciones realizadas al paquete de priorizaci\u00f3n de obras para el 2014, solicitando se realice una revisi\u00f3n detallada de las especificaciones de las mismas, para evitar que contengan errores humanos.<\/p>\n<p>El documento fue turnado ante la Comisi\u00f3n de Desarrollo Urbano, Ecolog\u00eda y Obras P\u00fablicas para su revisi\u00f3n.<\/p>\n<p>&nbsp;<\/p>\n<p><a href=\"http:\/\/www.eloriente.net\/home\/wp-content\/uploads\/2014\/07\/Sesion-de-cabildo-1.jpg\"><img loading=\"lazy\" decoding=\"async\" class=\"alignnone size-medium wp-image-29327\" title=\"Sesion de cabildo-Por Municipio de Oaxaca\" src=\"http:\/\/www.eloriente.net\/home\/wp-content\/uploads\/2014\/07\/Sesion-de-cabildo-1-300x184.jpg\" alt=\"\" width=\"300\" height=\"184\" srcset=\"http:\/\/www.eloriente.net\/home\/wp-content\/uploads\/2014\/07\/Sesion-de-cabildo-1-300x184.jpg 300w, http:\/\/www.eloriente.net\/home\/wp-content\/uploads\/2014\/07\/Sesion-de-cabildo-1-1024x628.jpg 1024w\" sizes=\"(max-width: 300px) 100vw, 300px\" \/><\/a><\/p>\n<p>Foto: Municipio de Oaxaca<\/p>\n<p>&nbsp;<\/p>\n<p><strong>Entradas relacionadas:<\/strong><\/p>\n<p><a title=\"Permalink to 11% de nacionales sabe solicitar informaci\u00f3n p\u00fablica: Parametr\u00eda\" href=\"http:\/\/www.eloriente.net\/home\/2014\/07\/09\/mexicanos-reprobados-en-transparencia-parametria\/\" rel=\"bookmark\">11% de nacionales sabe solicitar informaci\u00f3n p\u00fablica: Parametr\u00eda<\/a><\/p>\n<p><a href=\"http:\/\/www.eloriente.net\/home\/2014\/07\/09\/mexicanos-reprobados-en-transparencia-parametria\/\" rel=\"bookmark\"><img decoding=\"async\" title=\"11% de nacionales sabe solicitar informaci\u00f3n p\u00fablica: Parametr\u00eda\" src=\"http:\/\/www.eloriente.net\/home\/wp-content\/themes\/city-desk\/timthumb.php?src=http%3A%2F%2Fwww.eloriente.net%2Fhome%2Fwp-content%2Fuploads%2F2014%2F07%2FIFAI-Por-IFAI-www.ifai_.org_.mx_.jpg&amp;q=90&amp;w=160&amp;h=106&amp;zc=1\" alt=\"11% de nacionales sabe solicitar informaci\u00f3n p\u00fablica: Parametr\u00eda\" \/><\/a><\/p>\n<p>eloriente.net 9\/julio\/2014 La agencia de investigaci\u00f3n Parametr\u00eda calific\u00f3 a los mexicanos como reprobados en materia de transparencia, luego de dar a conocer que el 72% de los encuestados nacionales desconoce o no contest\u00f3 a qu\u00e9 se refiere el IFAI,\u00a0Instituto Federal de Acceso a la Informaci\u00f3n y Protecci\u00f3n de Datos; mientras que solo el 18% respondi\u00f3 [&#8230;]<\/p>\n<p>July 9, 2014<\/p>\n<div id=\"post-29185\">\n<p><a title=\"Permalink to Impartir\u00e1 jurista Luis Miguel Cano L\u00f3pez conferencia magistral\" href=\"http:\/\/www.eloriente.net\/home\/2014\/07\/09\/impartira-jurista-luis-miguel-cano-lopez-conferencia-magistral\/\" rel=\"bookmark\">Impartir\u00e1 jurista Luis Miguel Cano L\u00f3pez conferencia magistral<\/a><\/p>\n<p><a href=\"http:\/\/www.eloriente.net\/home\/2014\/07\/09\/impartira-jurista-luis-miguel-cano-lopez-conferencia-magistral\/\" rel=\"bookmark\"><img decoding=\"async\" title=\"Impartir\u00e1 jurista Luis Miguel Cano L\u00f3pez conferencia magistral\" src=\"http:\/\/www.eloriente.net\/home\/wp-content\/themes\/city-desk\/timthumb.php?src=http%3A%2F%2Fwww.eloriente.net%2Fhome%2Fwp-content%2Fuploads%2F2014%2F07%2FLuis-Miguel-Cano-L%C3%B3pez-Por-TSJ.jpg&amp;q=90&amp;w=160&amp;h=106&amp;zc=1\" alt=\"Impartir\u00e1 jurista Luis Miguel Cano L\u00f3pez conferencia magistral\" \/><\/a><\/p>\n<p>eloriente.net\/TSJ 9\/julio\/2014 En el marco del D\u00eda del Abogado, el titular del Poder Judicial, magistrado Alfredo Lagunas Rivera, asegur\u00f3 que los abogados son generadores de cambio frente a las transformaciones. Con la entrega del reconocimiento al m\u00e9rito judicial en la funci\u00f3n p\u00fablica, la toma de protesta a jueces y juezas que fueron ratificados en su [&#8230;]<\/p>\n<p>July 9, 2014<\/p>\n<\/div>\n<div id=\"post-29148\">\n<p><a title=\"Permalink to Garantizan movilidad econ\u00f3mica y generaci\u00f3n de empleos\" href=\"http:\/\/www.eloriente.net\/home\/2014\/07\/08\/garantizan-movilidad-economica-y-generacion-de-empleos\/\" rel=\"bookmark\">Garantizan movilidad econ\u00f3mica y generaci\u00f3n de empleos<\/a><\/p>\n<p><a href=\"http:\/\/www.eloriente.net\/home\/2014\/07\/08\/garantizan-movilidad-economica-y-generacion-de-empleos\/\" rel=\"bookmark\"><img decoding=\"async\" title=\"Garantizan movilidad econ\u00f3mica y generaci\u00f3n de empleos\" src=\"http:\/\/www.eloriente.net\/home\/wp-content\/themes\/city-desk\/timthumb.php?src=http%3A%2F%2Fwww.eloriente.net%2Fhome%2Fwp-content%2Fuploads%2F2014%2F07%2FInauguraci%C3%B3n-Por-Municipio.jpg&amp;q=90&amp;w=160&amp;h=106&amp;zc=1\" alt=\"Garantizan movilidad econ\u00f3mica y generaci\u00f3n de empleos\" \/><\/a><\/p>\n<p>eloriente.net\/Municipio de Oaxaca 8\/julio\/2014 Al participar en la inauguraci\u00f3n de un novedoso concepto de restaurante en el centro de la capital, el presidente municipal, Javier Villaca\u00f1a Jim\u00e9nez reiter\u00f3 el total compromiso de su administraci\u00f3n de ser facilitador y aliado permanente de la inversi\u00f3n que movilice la econom\u00eda y genere fuentes de empleo para los oaxaque\u00f1os. [&#8230;]<\/p>\n<p>July 8, 2014<\/p>\n<\/div>\n\n\t\t\t  <div \n\t\t\t  \tclass = \"fb-comments\" \n\t\t\t  \tdata-href = \"http:\/\/www.eloriente.net\/home\/2014\/07\/11\/aprueban-hermanamiento-de-oaxaca-con-santa-cruz-chile\/\"\n\t\t\t  \tdata-numposts = \"10\"\n\t\t\t\tdata-colorscheme = \"dark\"\n\t\t\t\tdata-order-by = \"social\"\n\t\t\t\tdata-mobile=true>\n\t\t\t  <\/div>\n\t\t  <style>\n\t\t\t.fb_iframe_widget_fluid_desktop iframe {\n\t\t\t    width: 100% !important;\n\t\t\t}\n\t\t  <\/style>\n\t\t  ","protected":false},"excerpt":{"rendered":"<p>eloriente.net\/Municipio de Oaxaca 11\/julio\/2014 Integrantes del cabildo de Oaxaca de Ju\u00e1rez aprobaron por unanimidad la propuesta para consolidar el hermanamiento de la capital oaxaque\u00f1a con la ciudad de Santa Cruz, provincia de Colchagua, Rep\u00fablica de Chile. En el dictamen presentado por la Comisi\u00f3n de Turismo y Espect\u00e1culos, y aprobado por unanimidad durante la sesi\u00f3n ordinaria [&hellip;]<\/p>\n","protected":false},"author":26,"featured_media":29327,"comment_status":"open","ping_status":"open","sticky":false,"template":"","format":"standard","meta":{"_jetpack_memberships_contains_paid_content":false,"footnotes":""},"categories":[1588,18,32,63,10,24,464],"tags":[1613,337,1651,367,73,1934,259],"class_list":["post-29326","post","type-post","status-publish","format-standard","has-post-thumbnail","hentry","category-comunicados-y-boletines","category-educacion-y-cultura","category-entradas","category-estados","category-lo-mas-reciente","category-mexico-y-el-mundo","category-oaxaca-estados","tag-cabildo","tag-chile","tag-hermanamiento","tag-municipio","tag-oaxaca","tag-santa-cruz","tag-sesion"],"jetpack_featured_media_url":"http:\/\/www.eloriente.net\/home\/wp-content\/uploads\/2014\/07\/Sesion-de-cabildo-1.jpg","jetpack_sharing_enabled":true,"_links":{"self":[{"href":"http:\/\/www.eloriente.net\/home\/wp-json\/wp\/v2\/posts\/29326"}],"collection":[{"href":"http:\/\/www.eloriente.net\/home\/wp-json\/wp\/v2\/posts"}],"about":[{"href":"http:\/\/www.eloriente.net\/home\/wp-json\/wp\/v2\/types\/post"}],"author":[{"embeddable":true,"href":"http:\/\/www.eloriente.net\/home\/wp-json\/wp\/v2\/users\/26"}],"replies":[{"embeddable":true,"href":"http:\/\/www.eloriente.net\/home\/wp-json\/wp\/v2\/comments?post=29326"}],"version-history":[{"count":2,"href":"http:\/\/www.eloriente.net\/home\/wp-json\/wp\/v2\/posts\/29326\/revisions"}],"predecessor-version":[{"id":29329,"href":"http:\/\/www.eloriente.net\/home\/wp-json\/wp\/v2\/posts\/29326\/revisions\/29329"}],"wp:featuredmedia":[{"embeddable":true,"href":"http:\/\/www.eloriente.net\/home\/wp-json\/wp\/v2\/media\/29327"}],"wp:attachment":[{"href":"http:\/\/www.eloriente.net\/home\/wp-json\/wp\/v2\/media?parent=29326"}],"wp:term":[{"taxonomy":"category","embeddable":true,"href":"http:\/\/www.eloriente.net\/home\/wp-json\/wp\/v2\/categories?post=29326"},{"taxonomy":"post_tag","embeddable":true,"href":"http:\/\/www.eloriente.net\/home\/wp-json\/wp\/v2\/tags?post=29326"}],"curies":[{"name":"wp","href":"https:\/\/api.w.org\/{rel}","templated":true}]}}