{"id":29419,"date":"2014-07-12T14:18:43","date_gmt":"2014-07-12T20:18:43","guid":{"rendered":"http:\/\/www.eloriente.net\/home\/?p=29419"},"modified":"2014-07-12T14:18:43","modified_gmt":"2014-07-12T20:18:43","slug":"convocan-al-premio-nacional-de-ciencias-y-artes","status":"publish","type":"post","link":"http:\/\/www.eloriente.net\/home\/2014\/07\/12\/convocan-al-premio-nacional-de-ciencias-y-artes\/","title":{"rendered":"Convocan al Premio Nacional de Ciencias y Artes"},"content":{"rendered":"<p>eloriente.net<\/p>\n<p>12\/junio\/2014<\/p>\n<p><strong>Abierta la recepci\u00f3n de candidaturas al Premio Nacional de Ciencias y Artes 2014.<\/strong><\/p>\n<p>El gobierno de la Rep\u00fablica, a trav\u00e9s de la Secretar\u00eda de Educaci\u00f3n P\u00fablica, convoca a instituciones y agrupaciones mexicanas a proponer candidaturas al Premio Nacional de Ciencias y Artes 2014.<\/p>\n<p>Podr\u00e1n ser galardonados, personas, comunidades o grupos que hayan realizado alg\u00fan proyecto de investigaci\u00f3n o divulgaci\u00f3n que haya contribuido a\u00a0enriquecer el acervo cultural o al progreso de la ciencia, de la tecnolog\u00eda, de la innovaci\u00f3n, del arte o de la filosof\u00eda\u00a0del pa\u00eds, durante este a\u00f1o.<\/p>\n<p>Se otorgar\u00e1 un premio en seis categor\u00edas diferentes: ling\u00fc\u00edstica y literatura; bellas artes (incluido dise\u00f1o gr\u00e1fico y dise\u00f1o arquitect\u00f3nico); ciencias f\u00edsico-matem\u00e1ticas y naturales; tecnolog\u00eda, innovaci\u00f3n y dise\u00f1o (incluido dise\u00f1o industrial); y artes y tradiciones populares.<\/p>\n<p>Para ser postulado como candidato se requiere tener nacionalidad mexicana, haber destacado en alguno de los seis campos y no haber recibido el premio con anterioridad.<\/p>\n<p>Los ganadores ser\u00e1n acreedores a un premio de 100 mil pesos y a una medalla de oro, as\u00ed como un diploma firmado por el presidente de la Rep\u00fablica. Si el reconocimiento es asignado a un grupo de personas se le otorgar\u00e1 50 mil pesos a cada, con un m\u00e1ximo de tres incentivos.<\/p>\n<p>Las candidaturas podr\u00e1n ser presentadas \u00fanicamente por las instituciones y agrupaciones que considera la Ley de Premios, Est\u00edmulos y Recompensas Civiles; quienes no formen parte de dicha regulaci\u00f3n podr\u00e1n dirigirse al Consejo de Premiaci\u00f3n para solicitar su integraci\u00f3n, la cual ser\u00e1 evaluada y de ser aprobada incorporada para esta y siguientes ediciones.<\/p>\n<p>Las postulaciones deber\u00e1n contener nombre del candidato o de los integrantes, en el caso de grupos o comunidades; carta dirigida al Consejo de Premiaci\u00f3n proponiendo formalmente la candidatura; resumen de la trayectoria, destacando las aportaciones y logros m\u00e1s relevantes; curr\u00edculum vitae con datos de contacto; copia de alguna identificaci\u00f3n oficial o documento de identidad; y fotograf\u00eda en alta resoluci\u00f3n del candidato.<\/p>\n<p>La solicitudes deber\u00e1n ser entregadas en las oficinas de la Secretar\u00eda T\u00e9cnica del Consejo de Premiaci\u00f3n del Premio Nacional de Ciencias y Artes, ubicadas en Insurgentes Sur No. 2387, tercer piso, colonia San \u00c1ngel, delegaci\u00f3n \u00c1lvaro Obreg\u00f3n, c\u00f3digo postal 01000, en la Ciudad de M\u00e9xico. Tel\u00e9fonos: (55) 50108181 y 36011000, extensiones 61253, 61244 y 61254, a m\u00e1s tardar el d\u00eda 4 de agosto de 2014 a las 18:00 horas.<\/p>\n<p>El dictamen del jurado ser\u00e1 emitido el d\u00eda 10 de octubre de 2013 y se publicar\u00e1 el mismo d\u00eda en el Diario Oficial de la Federaci\u00f3n el lugar y fecha de la entrega de los premios.<\/p>\n<p>Consulta la convocatoria completa, dando click a la siguiente liga de <a href=\"http:\/\/www.sep.gob.mx\/work\/models\/sep1\/Resource\/3488\/4\/images\/convocatoria_pncya_2014.pdf\" target=\"_blank\">enlace<\/a>.<\/p>\n<p>&nbsp;<\/p>\n<p><a href=\"http:\/\/www.eloriente.net\/home\/wp-content\/uploads\/2014\/07\/Narciso-Lico-EPN-Por-Presidencia.jpg\"><img loading=\"lazy\" decoding=\"async\" class=\"alignnone size-medium wp-image-29425\" title=\"Narciso Lico EPN-Por Presidencia\" src=\"http:\/\/www.eloriente.net\/home\/wp-content\/uploads\/2014\/07\/Narciso-Lico-EPN-Por-Presidencia-300x177.jpg\" alt=\"\" width=\"300\" height=\"177\" srcset=\"http:\/\/www.eloriente.net\/home\/wp-content\/uploads\/2014\/07\/Narciso-Lico-EPN-Por-Presidencia-300x177.jpg 300w, http:\/\/www.eloriente.net\/home\/wp-content\/uploads\/2014\/07\/Narciso-Lico-EPN-Por-Presidencia.jpg 610w\" sizes=\"(max-width: 300px) 100vw, 300px\" \/><\/a><\/p>\n<p>Narciso Lico, oaxaque\u00f1o ganador del Premio Nacional de Ciencias y Artes, en\u00a0artes y tradiciones populares, 2013.<\/p>\n<p>&nbsp;<\/p>\n<p><strong>Entradas relacionadas:<\/strong><\/p>\n<p><a title=\"Permalink to \u201cCiudadanos Globales\u201d en Bogot\u00e1 busca j\u00f3venes\" href=\"http:\/\/www.eloriente.net\/home\/2014\/07\/08\/colabora-en-proyectos-sociales-ciudadanos-globales-en-bogota\/\" rel=\"bookmark\">\u201cCiudadanos Globales\u201d en Bogot\u00e1 busca j\u00f3venes<\/a><\/p>\n<p><a href=\"http:\/\/www.eloriente.net\/home\/2014\/07\/08\/colabora-en-proyectos-sociales-ciudadanos-globales-en-bogota\/\" rel=\"bookmark\"><img decoding=\"async\" title=\"\u201cCiudadanos Globales\u201d en Bogot\u00e1 busca j\u00f3venes\" src=\"http:\/\/www.eloriente.net\/home\/wp-content\/themes\/city-desk\/timthumb.php?src=http%3A%2F%2Fwww.eloriente.net%2Fhome%2Fwp-content%2Fuploads%2F2014%2F07%2FCielo-sobre-Bogota%CC%81-Algunos-derechos-reservados-por-Tijs-Zwinkels.jpg&amp;q=90&amp;w=160&amp;h=106&amp;zc=1\" alt=\"\u201cCiudadanos Globales\u201d en Bogot\u00e1 busca j\u00f3venes\" \/><\/a><\/p>\n<p>eloriente.net 8\/julio\/2014 La Secretar\u00eda de Desarrollo Social (Sedesol), a trav\u00e9s del Instituto Mexicano de la Juventud (Imjuve) y la organizaci\u00f3n AIESEC convocan a j\u00f3venes mexicanos entre 18 y 29 a\u00f1os a participar en el programa \u201cCiudadanos Globales, Rumbo Joven 2014\u2033 del 15 de julio al 26 de agosto de 2014 en Bogot\u00e1, Colombia. Con la [&#8230;]<\/p>\n<p>July 8, 2014<\/p>\n<p><a title=\"Permalink to Ofrece BBC sus recursos de capacitaci\u00f3n a periodistas\" href=\"http:\/\/www.eloriente.net\/home\/2014\/07\/05\/ofrece-bbc-sus-recursos-de-capacitacion-a-periodistas\/\" rel=\"bookmark\">Ofrece BBC sus recursos de capacitaci\u00f3n a periodistas<\/a><\/p>\n<p><a href=\"http:\/\/www.eloriente.net\/home\/2014\/07\/05\/ofrece-bbc-sus-recursos-de-capacitacion-a-periodistas\/\" rel=\"bookmark\"><img decoding=\"async\" title=\"Ofrece BBC sus recursos de capacitaci\u00f3n a periodistas\" src=\"http:\/\/www.eloriente.net\/home\/wp-content\/themes\/city-desk\/timthumb.php?src=http%3A%2F%2Fwww.eloriente.net%2Fhome%2Fwp-content%2Fuploads%2F2014%2F05%2FInternet-Alejandro-Pinto.jpg&amp;q=90&amp;w=160&amp;h=106&amp;zc=1\" alt=\"Ofrece BBC sus recursos de capacitaci\u00f3n a periodistas\" \/><\/a><\/p>\n<p>eloriente.net 5\/julio\/2014 Con la finalidad de formar mejores periodistas en el mundo, la cadena brit\u00e1nica de radio y televisi\u00f3n BBC ofrece a profesionales de la informaci\u00f3n sus recursos de capacitaci\u00f3n en materia period\u00edstica en 11 idiomas y de manera gratuita, as\u00ed lo dio a conocer BBC College of Journalism. A trav\u00e9s de su portal en [&#8230;]<\/p>\n<p>July 5, 2014<\/p>\n<p><a title=\"Permalink to Participar\u00e1 Carlos \u00c1lvarez en encuentro sobre Educaci\u00f3n Ind\u00edgena en Oaxaca\" href=\"http:\/\/www.eloriente.net\/home\/2014\/07\/03\/participara-carlos-alvarez-de-zayas-en-encuentro-sobre-educacion-indigena\/\" rel=\"bookmark\">Participar\u00e1 Carlos \u00c1lvarez en encuentro sobre Educaci\u00f3n Ind\u00edgena en Oaxaca<\/a><\/p>\n<p><a href=\"http:\/\/www.eloriente.net\/home\/2014\/07\/03\/participara-carlos-alvarez-de-zayas-en-encuentro-sobre-educacion-indigena\/\" rel=\"bookmark\"><img decoding=\"async\" title=\"Participar\u00e1 Carlos \u00c1lvarez en encuentro sobre Educaci\u00f3n Ind\u00edgena en Oaxaca\" src=\"http:\/\/www.eloriente.net\/home\/wp-content\/themes\/city-desk\/timthumb.php?src=http%3A%2F%2Fwww.eloriente.net%2Fhome%2Fwp-content%2Fuploads%2F2014%2F07%2FCarlos-%C3%81lvarez-de-Zayas-Por-Alsieconsultores-e1404429546632.jpg&amp;q=90&amp;w=160&amp;h=106&amp;zc=1\" alt=\"Participar\u00e1 Carlos \u00c1lvarez en encuentro sobre Educaci\u00f3n Ind\u00edgena en Oaxaca\" \/><\/a><\/p>\n<p>eloriente.net 3\/julio\/2014 El Dr. Carlos \u00c1lvarez de Zayas presenta el 19 de julio en Oaxaca: Influencia Cosmovisiva de los Pueblos Originarios en las Ciencias de la Educaci\u00f3n. En el marco del 2\u00ba Encuentro Iberoamericano en Educaci\u00f3n Ind\u00edgena, evento que se llevar\u00e1 a cabo los d\u00edas 18, 18 y 20 de julio de 2014, el Dr. [&#8230;]<\/p>\n<p>July 3, 2014<\/p>\n\n\t\t\t  <div \n\t\t\t  \tclass = \"fb-comments\" \n\t\t\t  \tdata-href = \"http:\/\/www.eloriente.net\/home\/2014\/07\/12\/convocan-al-premio-nacional-de-ciencias-y-artes\/\"\n\t\t\t  \tdata-numposts = \"10\"\n\t\t\t\tdata-colorscheme = \"dark\"\n\t\t\t\tdata-order-by = \"social\"\n\t\t\t\tdata-mobile=true>\n\t\t\t  <\/div>\n\t\t  <style>\n\t\t\t.fb_iframe_widget_fluid_desktop iframe {\n\t\t\t    width: 100% !important;\n\t\t\t}\n\t\t  <\/style>\n\t\t  ","protected":false},"excerpt":{"rendered":"<p>eloriente.net 12\/junio\/2014 Abierta la recepci\u00f3n de candidaturas al Premio Nacional de Ciencias y Artes 2014. El gobierno de la Rep\u00fablica, a trav\u00e9s de la Secretar\u00eda de Educaci\u00f3n P\u00fablica, convoca a instituciones y agrupaciones mexicanas a proponer candidaturas al Premio Nacional de Ciencias y Artes 2014. Podr\u00e1n ser galardonados, personas, comunidades o grupos que hayan realizado [&hellip;]<\/p>\n","protected":false},"author":26,"featured_media":29425,"comment_status":"open","ping_status":"open","sticky":false,"template":"","format":"standard","meta":{"_jetpack_memberships_contains_paid_content":false,"footnotes":""},"categories":[26,18,32,63,10,21],"tags":[],"class_list":["post-29419","post","type-post","status-publish","format-standard","has-post-thumbnail","hentry","category-convocatorias","category-educacion-y-cultura","category-entradas","category-estados","category-lo-mas-reciente","category-politica-y-gobierno"],"jetpack_featured_media_url":"http:\/\/www.eloriente.net\/home\/wp-content\/uploads\/2014\/07\/Narciso-Lico-EPN-Por-Presidencia.jpg","jetpack_sharing_enabled":true,"_links":{"self":[{"href":"http:\/\/www.eloriente.net\/home\/wp-json\/wp\/v2\/posts\/29419"}],"collection":[{"href":"http:\/\/www.eloriente.net\/home\/wp-json\/wp\/v2\/posts"}],"about":[{"href":"http:\/\/www.eloriente.net\/home\/wp-json\/wp\/v2\/types\/post"}],"author":[{"embeddable":true,"href":"http:\/\/www.eloriente.net\/home\/wp-json\/wp\/v2\/users\/26"}],"replies":[{"embeddable":true,"href":"http:\/\/www.eloriente.net\/home\/wp-json\/wp\/v2\/comments?post=29419"}],"version-history":[{"count":7,"href":"http:\/\/www.eloriente.net\/home\/wp-json\/wp\/v2\/posts\/29419\/revisions"}],"predecessor-version":[{"id":29427,"href":"http:\/\/www.eloriente.net\/home\/wp-json\/wp\/v2\/posts\/29419\/revisions\/29427"}],"wp:featuredmedia":[{"embeddable":true,"href":"http:\/\/www.eloriente.net\/home\/wp-json\/wp\/v2\/media\/29425"}],"wp:attachment":[{"href":"http:\/\/www.eloriente.net\/home\/wp-json\/wp\/v2\/media?parent=29419"}],"wp:term":[{"taxonomy":"category","embeddable":true,"href":"http:\/\/www.eloriente.net\/home\/wp-json\/wp\/v2\/categories?post=29419"},{"taxonomy":"post_tag","embeddable":true,"href":"http:\/\/www.eloriente.net\/home\/wp-json\/wp\/v2\/tags?post=29419"}],"curies":[{"name":"wp","href":"https:\/\/api.w.org\/{rel}","templated":true}]}}