{"id":29532,"date":"2014-07-15T10:01:41","date_gmt":"2014-07-15T16:01:41","guid":{"rendered":"http:\/\/www.eloriente.net\/home\/?p=29532"},"modified":"2014-07-15T10:01:41","modified_gmt":"2014-07-15T16:01:41","slug":"reconocen-como-logro-movilidad-nacional-e-internacional-en-utvco","status":"publish","type":"post","link":"http:\/\/www.eloriente.net\/home\/2014\/07\/15\/reconocen-como-logro-movilidad-nacional-e-internacional-en-utvco\/","title":{"rendered":"Reconocen como logro movilidad nacional e internacional en UTVCO"},"content":{"rendered":"<p>eloriente.net\/<a href=\"http:\/\/www.utvco.edu.mx\/\" target=\"_blank\">UTVCO<\/a><\/p>\n<p>15\/julio\/2014<\/p>\n<p><strong>Juli\u00e1n Luna Santiago present\u00f3 resultados de las actividades realizadas por las diferentes carreras y \u00e1reas en el periodo marzo-junio.<\/strong><\/p>\n<p>Acciones de movilidad nacional e internacional para estudiantes y docentes, visitas empresariales en el pa\u00eds y el extranjero, congresos, conferencias, talleres y gesti\u00f3n ante instancias fueron algunas de las actividades realizadas de marzo a junio que el rector de la Universidad Tecnol\u00f3gica de los Valles Centrales de Oaxaca (UTVCO), Juli\u00e1n Luna Santiago, inform\u00f3 al Consejo Directivo en la Segunda Sesi\u00f3n Ordinaria 2014 realizada el viernes 4 de julio del presente a\u00f1o.<\/p>\n<p>Luna Santiago notific\u00f3 que a trav\u00e9s del impulso al programa de movilidad internacional, algunos estudiantes\u00a0realizan estad\u00edas profesionales en Brasil y Francia. Resalt\u00f3 que en este mes, luego de obtener la beca Mexprotec, el alumno de la carrera de Desarrollo de Negocios, Juan Carlos Coache, viajar\u00e1 al pa\u00eds galo en donde permanecer\u00e1 por casi un a\u00f1o para estudiar una licencia profesional.<\/p>\n<p>Ante representantes de los sectores gubernamental, empresarial y educativo que integran el Consejo Directivo, el rector de la UTVCO destac\u00f3 la participaci\u00f3n de estudiantes en el Proyecto Escala 2014 impulsado por el Instituto Nacional de Econom\u00eda Social (INAES). En \u00e9l participaron 160 proyectos de los cuales 71 fueron seleccionados; 65 recibieron apoyo econ\u00f3mico de 10 mil pesos cada uno y 6 tuvieron menci\u00f3n honor\u00edfica, los cuales fueron entregados por la directora general del INAES, Narcedalia Ram\u00edrez el pasado viernes 11 de julio en la instalaciones de la UTVCO.<\/p>\n<p>Una de las actividades que sobresalen en el informe, es la participaci\u00f3n del proyecto\u00a0<em>Guxadi, Alimentos de poder,<\/em>\u00a0en el concurso Cleantech Challenge M\u00e9xico 2014. Un equipo conformado por docentes y estudiantes de la UTVCO, en el que se propone que las personas tengan acceso a alimentos altamente nutritivos todo el a\u00f1o y a bajo costo, consumiendo m\u00e1s insectos y menos carne. Esta propuesta ha llegado a la Ronda 32 del concurso m\u00e1s importante de empresas verdes en M\u00e9xico, que recibi\u00f3 en total 997 proyectos.<\/p>\n<p>El rector de la UTVCO, tambi\u00e9n resalt\u00f3 el apoyo que la instituci\u00f3n brinda a diversas instancias y organizaciones en la elaboraci\u00f3n de material promocional y en la difusi\u00f3n de diversas actividades y proyectos; esto como parte de los convenios de colaboraci\u00f3n establecidos durante este periodo.<\/p>\n<p>Dijo que tambi\u00e9n se acentu\u00f3 el desarrollo del binomio Empresa-Universidad, como parte fundamental del modelo acad\u00e9mico que rige a la instituci\u00f3n y que actualmente 244 estudiantes realizan su etapa de estad\u00eda profesional en el sector econ\u00f3mico. Esto genera un desarrollo integral, real y de vinculaci\u00f3n con el sector productivo de la sociedad.<\/p>\n<p>Juli\u00e1n Luna Santiago destac\u00f3 que el Centro de Innovaci\u00f3n y Desarrollo de Negocios de los Valles Centrales de Oaxaca (CIDEV) sigue avanzando en la incubaci\u00f3n de proyectos productivos y contin\u00faa otorgando las facilidades para la capacitaci\u00f3n de diferentes instituciones y sectores empresariales como con \u00a0la C\u00e1mara Nacional de Comercio en Peque\u00f1o, Servicios y Turismo de Oaxaca (Canacope Servytur) y la Secretar\u00eda de Econom\u00eda (SE) por mencionar algunos.<\/p>\n<p>Por su parte, Antonio L\u00f3pez Z\u00e1rate, en representaci\u00f3n del coordinador general de Universidades Tecnol\u00f3gicas y Polit\u00e9cnicas, H\u00e9ctor Arreola Soria, reconoci\u00f3 y felicit\u00f3 a Anabel L\u00f3pez Ortiz, docente e investigadora de la carrera de Procesos Alimentarios por su destacada participaci\u00f3n en la Evaluaci\u00f3n de Proyectos\u00a0 del Programa de Fortalecimiento de la Calidad en Instituciones Educativas (PROFOCIE). Adem\u00e1s de destacar que su experiencia como miembro del Sistema Nacional de Investigadores (SNI) coadyuva al fortalecimiento acad\u00e9mico de la UTVCO.<\/p>\n<p>Durante su intervenci\u00f3n, el coordinador general de Educaci\u00f3n Media Superior, Superior, Ciencia y Tecnolog\u00eda del Estado de Oaxaca (CGEMSySCyT) Fausto D\u00edaz Montes, se adhiri\u00f3 a la felicitaci\u00f3n dirigida por L\u00f3pez Z\u00e1rate e hizo un reconocimiento al equipo de la UTVCO por su trabajo y los proyectos desarrollados para la mejora de la calidad de la educaci\u00f3n, generando un ejemplo a seguir por las distintas instituciones educaci\u00f3n superior.<\/p>\n<p>De esta manera, el rector de la UTVCO present\u00f3 a \u00a0integrantes del Consejo Directivo el informe de actividades acad\u00e9micas y administrativas correspondientes al periodo marzo junio; el cual da cuenta de los trabajos efectuados por cada una de las \u00e1reas que conforman la universidad.<\/p>\n<p>&nbsp;<\/p>\n<p><a href=\"http:\/\/www.eloriente.net\/home\/wp-content\/uploads\/2014\/07\/Rector-Por-UTVCO.jpg\"><img loading=\"lazy\" decoding=\"async\" class=\"alignnone size-medium wp-image-29533\" title=\"Rector-Por UTVCO\" src=\"http:\/\/www.eloriente.net\/home\/wp-content\/uploads\/2014\/07\/Rector-Por-UTVCO-300x176.jpg\" alt=\"\" width=\"300\" height=\"176\" srcset=\"http:\/\/www.eloriente.net\/home\/wp-content\/uploads\/2014\/07\/Rector-Por-UTVCO-300x176.jpg 300w, http:\/\/www.eloriente.net\/home\/wp-content\/uploads\/2014\/07\/Rector-Por-UTVCO-1024x603.jpg 1024w, http:\/\/www.eloriente.net\/home\/wp-content\/uploads\/2014\/07\/Rector-Por-UTVCO.jpg 1280w\" sizes=\"(max-width: 300px) 100vw, 300px\" \/><\/a><\/p>\n<p>Foto: UTVCO<\/p>\n<p>&nbsp;<\/p>\n<p><strong>Entradas relacionadas:<\/strong><\/p>\n<p><a title=\"Permalink to Participa en 2\u00ba Encuentro Iberoamericano en Educaci\u00f3n Ind\u00edgena\" href=\"http:\/\/www.eloriente.net\/home\/2014\/07\/14\/participa-en-el-2o-encuentro-iberoamericano-en-educacion-indigena\/\" rel=\"bookmark\">Participa en 2\u00ba Encuentro Iberoamericano en Educaci\u00f3n Ind\u00edgena<\/a><\/p>\n<p><a href=\"http:\/\/www.eloriente.net\/home\/2014\/07\/14\/participa-en-el-2o-encuentro-iberoamericano-en-educacion-indigena\/\" rel=\"bookmark\"><img decoding=\"async\" title=\"Participa en 2\u00ba Encuentro Iberoamericano en Educaci\u00f3n Ind\u00edgena\" src=\"http:\/\/www.eloriente.net\/home\/wp-content\/themes\/city-desk\/timthumb.php?src=http%3A%2F%2Fwww.eloriente.net%2Fhome%2Fwp-content%2Fuploads%2F2014%2F07%2FUnisan-Oaxaca-Por-El-Oriente.jpg&amp;q=90&amp;w=160&amp;h=106&amp;zc=1\" alt=\"Participa en 2\u00ba Encuentro Iberoamericano en Educaci\u00f3n Ind\u00edgena\" \/><\/a><\/p>\n<p>eloriente.net 14\/julio\/2014 Con la finalidad de analizar la situaci\u00f3n actual de la educaci\u00f3n intercultural a nivel global y su actual contexto en el estado, la Universidad Santander Oaxaca, invita a la poblaci\u00f3n en general a participar en el 2\u00ba Encuentro Iberoamericano en Educaci\u00f3n Ind\u00edgena y el 7\u00ba Congreso UNISAN 2014. En dicho evento se contar\u00e1 [&#8230;]<\/p>\n<p>July 14, 2014<\/p>\n<p><a title=\"Permalink to Convocan al Premio Nacional de Ciencias y Artes\" href=\"http:\/\/www.eloriente.net\/home\/2014\/07\/12\/convocan-al-premio-nacional-de-ciencias-y-artes\/\" rel=\"bookmark\">Convocan al Premio Nacional de Ciencias y Artes<\/a><\/p>\n<p><a href=\"http:\/\/www.eloriente.net\/home\/2014\/07\/12\/convocan-al-premio-nacional-de-ciencias-y-artes\/\" rel=\"bookmark\"><img decoding=\"async\" title=\"Convocan al Premio Nacional de Ciencias y Artes\" src=\"http:\/\/www.eloriente.net\/home\/wp-content\/themes\/city-desk\/timthumb.php?src=http%3A%2F%2Fwww.eloriente.net%2Fhome%2Fwp-content%2Fuploads%2F2014%2F07%2FNarciso-Lico-EPN-Por-Presidencia.jpg&amp;q=90&amp;w=160&amp;h=106&amp;zc=1\" alt=\"Convocan al Premio Nacional de Ciencias y Artes\" \/><\/a><\/p>\n<p>eloriente.net 12\/junio\/2014 Abierta la recepci\u00f3n de candidaturas al Premio Nacional de Ciencias y Artes 2014. El gobierno de la Rep\u00fablica, a trav\u00e9s de la Secretar\u00eda de Educaci\u00f3n P\u00fablica, convoca a instituciones y agrupaciones mexicanas a proponer candidaturas al Premio Nacional de Ciencias y Artes 2014. Podr\u00e1n ser galardonados, personas, comunidades o grupos que hayan realizado [&#8230;]<\/p>\n<p>July 12, 2014<\/p>\n<p><a title=\"Permalink to Distinciones \u201cL\u00edderes del Ma\u00f1ana\u201d\" href=\"http:\/\/www.eloriente.net\/home\/2014\/07\/11\/distinciones-lideres-del-manana\/\" rel=\"bookmark\">Distinciones \u201cL\u00edderes del Ma\u00f1ana\u201d<\/a><\/p>\n<p><a href=\"http:\/\/www.eloriente.net\/home\/2014\/07\/11\/distinciones-lideres-del-manana\/\" rel=\"bookmark\"><img decoding=\"async\" title=\"Distinciones \u201cL\u00edderes del Ma\u00f1ana\u201d\" src=\"http:\/\/www.eloriente.net\/home\/wp-content\/themes\/city-desk\/timthumb.php?src=http%3A%2F%2Fwww.eloriente.net%2Fhome%2Fwp-content%2Fuploads%2F2014%2F07%2FIMG_1470.jpg&amp;q=90&amp;w=160&amp;h=106&amp;zc=1\" alt=\"Distinciones \u201cL\u00edderes del Ma\u00f1ana\u201d\" \/><\/a><\/p>\n<p>eloriente.net 11\/julio\/2014 Por: Lourdes Mateos Espejel* El Tecnol\u00f3gico de Monterrey en Puebla entreg\u00f3 por primera vez a ocho alumnos de nuevo ingreso una beca que cubre que cubre el 100 por ciento de su colegiatura como parte del programa \u201cL\u00edderes del Ma\u00f1ana\u201d, que busca beneficiar a j\u00f3venes con excelente nivel acad\u00e9mico, alto potencial de liderazgo [&#8230;]<\/p>\n<p>July 11, 2014<\/p>\n\n\t\t\t  <div \n\t\t\t  \tclass = \"fb-comments\" \n\t\t\t  \tdata-href = \"http:\/\/www.eloriente.net\/home\/2014\/07\/15\/reconocen-como-logro-movilidad-nacional-e-internacional-en-utvco\/\"\n\t\t\t  \tdata-numposts = \"10\"\n\t\t\t\tdata-colorscheme = \"dark\"\n\t\t\t\tdata-order-by = \"social\"\n\t\t\t\tdata-mobile=true>\n\t\t\t  <\/div>\n\t\t  <style>\n\t\t\t.fb_iframe_widget_fluid_desktop iframe {\n\t\t\t    width: 100% !important;\n\t\t\t}\n\t\t  <\/style>\n\t\t  ","protected":false},"excerpt":{"rendered":"<p>eloriente.net\/UTVCO 15\/julio\/2014 Juli\u00e1n Luna Santiago present\u00f3 resultados de las actividades realizadas por las diferentes carreras y \u00e1reas en el periodo marzo-junio. Acciones de movilidad nacional e internacional para estudiantes y docentes, visitas empresariales en el pa\u00eds y el extranjero, congresos, conferencias, talleres y gesti\u00f3n ante instancias fueron algunas de las actividades realizadas de marzo a [&hellip;]<\/p>\n","protected":false},"author":26,"featured_media":29533,"comment_status":"open","ping_status":"open","sticky":false,"template":"","format":"standard","meta":{"_jetpack_memberships_contains_paid_content":false,"footnotes":""},"categories":[1588,18,32,63,10,24,464,84],"tags":[858,184,103,568,1969,522,1177],"class_list":["post-29532","post","type-post","status-publish","format-standard","has-post-thumbnail","hentry","category-comunicados-y-boletines","category-educacion-y-cultura","category-entradas","category-estados","category-lo-mas-reciente","category-mexico-y-el-mundo","category-oaxaca-estados","category-universidades","tag-actividades","tag-educacion","tag-internacional","tag-movilidad","tag-resultados","tag-universidad","tag-utvco"],"jetpack_featured_media_url":"http:\/\/www.eloriente.net\/home\/wp-content\/uploads\/2014\/07\/Rector-Por-UTVCO.jpg","jetpack_sharing_enabled":true,"_links":{"self":[{"href":"http:\/\/www.eloriente.net\/home\/wp-json\/wp\/v2\/posts\/29532"}],"collection":[{"href":"http:\/\/www.eloriente.net\/home\/wp-json\/wp\/v2\/posts"}],"about":[{"href":"http:\/\/www.eloriente.net\/home\/wp-json\/wp\/v2\/types\/post"}],"author":[{"embeddable":true,"href":"http:\/\/www.eloriente.net\/home\/wp-json\/wp\/v2\/users\/26"}],"replies":[{"embeddable":true,"href":"http:\/\/www.eloriente.net\/home\/wp-json\/wp\/v2\/comments?post=29532"}],"version-history":[{"count":2,"href":"http:\/\/www.eloriente.net\/home\/wp-json\/wp\/v2\/posts\/29532\/revisions"}],"predecessor-version":[{"id":29535,"href":"http:\/\/www.eloriente.net\/home\/wp-json\/wp\/v2\/posts\/29532\/revisions\/29535"}],"wp:featuredmedia":[{"embeddable":true,"href":"http:\/\/www.eloriente.net\/home\/wp-json\/wp\/v2\/media\/29533"}],"wp:attachment":[{"href":"http:\/\/www.eloriente.net\/home\/wp-json\/wp\/v2\/media?parent=29532"}],"wp:term":[{"taxonomy":"category","embeddable":true,"href":"http:\/\/www.eloriente.net\/home\/wp-json\/wp\/v2\/categories?post=29532"},{"taxonomy":"post_tag","embeddable":true,"href":"http:\/\/www.eloriente.net\/home\/wp-json\/wp\/v2\/tags?post=29532"}],"curies":[{"name":"wp","href":"https:\/\/api.w.org\/{rel}","templated":true}]}}