{"id":29550,"date":"2014-07-16T01:00:48","date_gmt":"2014-07-16T07:00:48","guid":{"rendered":"http:\/\/www.eloriente.net\/home\/?p=29550"},"modified":"2014-07-17T17:28:03","modified_gmt":"2014-07-17T23:28:03","slug":"herbert-von-karajan-a-25-anos-de-su-deceso-un-articulo-de-carlos-spindola","status":"publish","type":"post","link":"http:\/\/www.eloriente.net\/home\/2014\/07\/16\/herbert-von-karajan-a-25-anos-de-su-deceso-un-articulo-de-carlos-spindola\/","title":{"rendered":"\u00abHerbert von Karajan, a 25 a\u00f1os de su deceso\u00bb, un art\u00edculo de Carlos Sp\u00edndola"},"content":{"rendered":"<p>eloriente.net<\/p>\n<p>16\/julio\/2014<\/p>\n<p style=\"text-align: right;\">Por: Carlos Sp\u00edndola P\u00e9rez Guerrero<\/p>\n<p>El final de la primera sinfon\u00eda de Brahms es la combinaci\u00f3n magistral de lo apol\u00edneo con lo dionis\u00edaco. Armon\u00edas explosivas y anhelantes, se combinan con la m\u00e1s extrema dulzura. La coda de dicha partitura es de una energ\u00eda e idealismo excelsos, donde el tiempo se suspende en un glorioso triunfo del esp\u00edritu humano y en donde toda la orquesta grita tal apoteosis. En la versi\u00f3n de von Karajan grabada en 1959, en v\u00eddeo, al frente de la Filarm\u00f3nica de Viena podemos, a ojos de 2014, podemos ser testigos de tal milagro. Qu\u00e9 precisi\u00f3n. Qu\u00e9 t\u00e9cnica. Qu\u00e9 esp\u00edritu en cada nota.<\/p>\n<p>Karajan quiso que todas estas maravillas fueran del dominio y goce de millones de seres humanos, presentes y futuros. Jap\u00f3n fue su campo de entrenamiento. Gracias al poder de la televisi\u00f3n nipona, podemos, desde entonces, ser part\u00edcipes de estos acontecimientos, hasta esos tiempos exclusivos de minor\u00edas. Karajan pens\u00f3 en todo ello. El arte m\u00e1s alto debe estar al alcance de todos, sin rebajarse en calidad o sentido.<\/p>\n<p>Herbert von Karajan, el mismo personaje de llevar el arte musical a las mayor\u00edas es, a su vez, atacado por\u00a0 numerosos detractores debido a varios hechos que ellos le imputan: haber pertenecido al partido nazi;\u00a0 haber explotado su inmenso ego; haber obstaculizado carreras o tendencias est\u00e9ticas gracias a su inmenso poder. Al respecto, Karajan no fue m\u00e1s o menos humano que cualquiera de sus cr\u00edticos. Humano, demasiado humano, Karajan es el personaje y es el hombre con todos sus hechos y\u00a0 circunstancias, como cualquiera de nosotros. Qu\u00e9 sencillo es ser tribunal hist\u00f3rico.<\/p>\n<p>Director de la Filarm\u00f3nica de Berl\u00edn por m\u00e1s de tres d\u00e9cadas (1954-1989), fue con esta agrupaci\u00f3n que von Karajan propici\u00f3 momentos referenciales en la historia de la interpretaci\u00f3n musical. Su Richard Strauss, Brahms, Bruckner, Schumann, Haydn o Beethoven as\u00ed lo atestiguan, tanto a trav\u00e9s de las cr\u00f3nicas de sus conciertos como de las cr\u00edticas especializadas a sus grabaciones.<\/p>\n<p>De estas \u00faltimas, huelga decir que Karajan destaca en un repertorio relativamente aparentemente poco convencional y en donde se vislumbra todo su ingenio y trabajo. Ejemplos: La <em>Sinfon\u00eda Alpina<\/em> de Richard Strauss;\u00a0\u00a0 la Sinfon\u00eda no. 3 <em>Lit\u00fargica<\/em> de Arthur Honnegger; la Sinfon\u00eda no. 4 <em>Inextinguible<\/em> de Carl Nielsen; <em>Los planetas <\/em>de Gustav Holst; <em>Apollo y las musas<\/em> de Igor Stravinsky; los <em>Pinos de Roma<\/em> y las <em>Fuentes de Roma<\/em> de Ottorino Respighi;\u00a0 la Suite Karelia de Jean Sibelius; la Sinfon\u00eda 9 de Gustav Mahler; la Sinfon\u00eda 5 de Sergei Prokofiev. Todos estos registros interpretados por \u00e9l con las Filarm\u00f3nicas de Berl\u00edn o Viena nos dan una idea de su perfeccionismo y claridad que buscaba en cada nota. El sonido bello y ampuloso, ese es el sonido Karajan.<\/p>\n<p>La experiencia est\u00e9tica no es un deporte donde alguien gane o pierda, donde se diga este fue mejor o peor. Karajan se encuentra entre los directores de orquesta que habitan el Olimpo, como lo est\u00e1n, el legendario Wilhelm Furtw\u00e4ngler (su antecesor como director musical de Europa en lo general, y de la orquesta berlinesa, en particular) y Claudio Abbado (su dign\u00edsimo sucesor inmediato).<\/p>\n<p>En cuanto a su personalidad, a Karajan se le seguir\u00e1 recordando por esa imagen del cabello color plata, los ojos cerrados, los brazos arqueados y ondulantes y el gesto agresivo. Toda la concentraci\u00f3n dram\u00e1tica en cada movimiento suyo. Toda la m\u00fasica manifestada en su aura y cuerpo. Bien en \u00f3pera, oratorio o m\u00fasica sinf\u00f3nica, el estilo Karajan es el del \u00e9xtasis apol\u00edneo.<\/p>\n<p>&nbsp;<\/p>\n<p><a href=\"http:\/\/www.eloriente.net\/home\/wp-content\/uploads\/2014\/07\/Algunos-derechos-reservados-por-music2020-KARAJAN.jpg\"><img loading=\"lazy\" decoding=\"async\" class=\"alignnone size-medium wp-image-29551\" title=\"Algunos derechos reservados por music2020 KARAJAN\" src=\"http:\/\/www.eloriente.net\/home\/wp-content\/uploads\/2014\/07\/Algunos-derechos-reservados-por-music2020-KARAJAN-300x225.jpg\" alt=\"\" width=\"300\" height=\"225\" srcset=\"http:\/\/www.eloriente.net\/home\/wp-content\/uploads\/2014\/07\/Algunos-derechos-reservados-por-music2020-KARAJAN-300x225.jpg 300w, http:\/\/www.eloriente.net\/home\/wp-content\/uploads\/2014\/07\/Algunos-derechos-reservados-por-music2020-KARAJAN.jpg 800w\" sizes=\"(max-width: 300px) 100vw, 300px\" \/><\/a><\/p>\n<p>Imagen: CC Music 2020<\/p>\n<p>&nbsp;<\/p>\n<p><iframe loading=\"lazy\" src=\"\/\/www.youtube.com\/embed\/uFH1_eqgaCQ\" frameborder=\"0\" width=\"560\" height=\"315\"><\/iframe><\/p>\n<p>&nbsp;<\/p>\n<p><iframe loading=\"lazy\" src=\"\/\/www.youtube.com\/embed\/he41HHCjMWM?list=PLC343DB0B3409059F\" frameborder=\"0\" width=\"560\" height=\"315\"><\/iframe><\/p>\n<p>&nbsp;<\/p>\n<p><iframe loading=\"lazy\" src=\"\/\/www.youtube.com\/embed\/78KtEjdAszw\" frameborder=\"0\" width=\"560\" height=\"315\"><\/iframe><\/p>\n<p>&nbsp;<\/p>\n<p><strong>Otras entradas:<\/strong><\/p>\n<p><a title=\"Permalink to Lang Lang, glorioso pianista chino, brindar\u00e1 Clase Magistral en M\u00e9xico\" href=\"http:\/\/www.eloriente.net\/home\/2014\/05\/07\/lang-lang-glorioso-pianista-chino-brindara-clase-magistral-en-mexico\/\" rel=\"bookmark\">Lang Lang, glorioso pianista chino, brindar\u00e1 Clase Magistral en M\u00e9xico<\/a><\/p>\n<p><a href=\"http:\/\/www.eloriente.net\/home\/2014\/05\/07\/lang-lang-glorioso-pianista-chino-brindara-clase-magistral-en-mexico\/\" rel=\"bookmark\"><img decoding=\"async\" title=\"Lang Lang, glorioso pianista chino, brindar\u00e1 Clase Magistral en M\u00e9xico\" src=\"http:\/\/www.eloriente.net\/home\/wp-content\/themes\/city-desk\/timthumb.php?src=http%3A%2F%2Fwww.eloriente.net%2Fhome%2Fwp-content%2Fuploads%2F2014%2F05%2F%40LangLang-Photocredit-AOF-Tibor-Florestan-Pluto-.jpg&amp;q=90&amp;w=160&amp;h=106&amp;zc=1\" alt=\"Lang Lang, glorioso pianista chino, brindar\u00e1 Clase Magistral en M\u00e9xico\" \/><\/a><\/p>\n<p>eloriente.net\/Agencia N22 7 de mayo de 2014 CIUDAD DE M\u00c9XICO, M\u00e9xico, (N22\/Redacci\u00f3n).- En una iniciativa por la compa\u00f1\u00eda\u00a0Telef\u00f3nica, dedicada a\u00a0 la innovaci\u00f3n de productos y servicios de telecomunicaciones. El pianista chino\u00a0Lang Lang\u00a0brindar\u00e1 una clase magistral en la Sala Telef\u00f3nica delCentro Cultural Roberto Cantoral\u00a0y un concierto los d\u00edas 22 y 23 de junio en el\u00a0Palacio de [&#8230;]<\/p>\n<address>May 7, 2014<\/address>\n<div id=\"post-21624\">\n<p><a title=\"Permalink to Disponibles 145 cursos universitarios en l\u00ednea y gratuitos; inician en marzo\" href=\"http:\/\/www.eloriente.net\/home\/2014\/03\/06\/disponibles-145-cursos-universitarios-en-linea-y-gratuitos-inician-en-marzo\/\" rel=\"bookmark\">Disponibles 145 cursos universitarios en l\u00ednea y gratuitos; inician en marzo<\/a><\/p>\n<p><a href=\"http:\/\/www.eloriente.net\/home\/2014\/03\/06\/disponibles-145-cursos-universitarios-en-linea-y-gratuitos-inician-en-marzo\/\" rel=\"bookmark\"><img decoding=\"async\" title=\"Disponibles 145 cursos universitarios en l\u00ednea y gratuitos; inician en marzo\" src=\"http:\/\/www.eloriente.net\/home\/wp-content\/themes\/city-desk\/timthumb.php?src=http%3A%2F%2Fwww.eloriente.net%2Fhome%2Fwp-content%2Fuploads%2F2014%2F02%2Fcourses.jpg&amp;q=90&amp;w=160&amp;h=106&amp;zc=1\" alt=\"Disponibles 145 cursos universitarios en l\u00ednea y gratuitos; inician en marzo\" \/><\/a><\/p>\n<p>eloriente.net\/wwwhatsnew 26 de febrero de 2014 Por:\u00a0Miriam Schuager Se renuevan las propuestas en marzo, con nuevas ediciones de los\u00a0Cursos en L\u00ednea Masivos y Abiertos (MOOC por sus siglas en ingl\u00e9s) m\u00e1s populares. Encontrar\u00e1s excelentes opciones en ingl\u00e9s y espa\u00f1ol impartidos por m\u00e1s de 70 universidades a trav\u00e9s de diferentes plataformas educativas. Si deseas obtener m\u00e1s [&#8230;]<\/p>\n<p>March 6, 2014<\/p>\n<\/div>\n<div id=\"post-19718\">\n<p><a title=\"Permalink to Dios nunca muere en los corazones oaxaque\u00f1os\" href=\"http:\/\/www.eloriente.net\/home\/2014\/01\/17\/dios-nunca-morira-de-los-corazones-oaxaquenos\/\" rel=\"bookmark\">Dios nunca muere en los corazones oaxaque\u00f1os<\/a><\/p>\n<p><a href=\"http:\/\/www.eloriente.net\/home\/2014\/01\/17\/dios-nunca-morira-de-los-corazones-oaxaquenos\/\" rel=\"bookmark\"><img decoding=\"async\" title=\"Dios nunca muere en los corazones oaxaque\u00f1os\" src=\"http:\/\/www.eloriente.net\/home\/wp-content\/themes\/city-desk\/timthumb.php?src=http%3A%2F%2Fwww.eloriente.net%2Fhome%2Fwp-content%2Fuploads%2F2014%2F01%2FMacedonio-Alcala.jpg&amp;q=90&amp;w=160&amp;h=106&amp;zc=1\" alt=\"Dios nunca muere en los corazones oaxaque\u00f1os\" \/><\/a><\/p>\n<p>eloriente.net 17 de enero de 2014 Por: C\u00e9sar Conde para ELORIENTE.NET Momentos dif\u00edciles, depresivos e inestables, aunado a su pasi\u00f3n por la m\u00fasica, llev\u00f3 a Macedonio \u00c1lcala Prieto componer una de las melod\u00edas m\u00e1s representativas de la m\u00fasica y cultura de Oaxaca, \u201cDios nunca muere\u201d. Actualmente, es considerada como el himno del Estado y ha [&#8230;]<\/p>\n<p>January 17, 2014<\/p>\n<\/div>\n\n\t\t\t  <div \n\t\t\t  \tclass = \"fb-comments\" \n\t\t\t  \tdata-href = \"http:\/\/www.eloriente.net\/home\/2014\/07\/16\/herbert-von-karajan-a-25-anos-de-su-deceso-un-articulo-de-carlos-spindola\/\"\n\t\t\t  \tdata-numposts = \"10\"\n\t\t\t\tdata-colorscheme = \"dark\"\n\t\t\t\tdata-order-by = \"social\"\n\t\t\t\tdata-mobile=true>\n\t\t\t  <\/div>\n\t\t  <style>\n\t\t\t.fb_iframe_widget_fluid_desktop iframe {\n\t\t\t    width: 100% !important;\n\t\t\t}\n\t\t  <\/style>\n\t\t  ","protected":false},"excerpt":{"rendered":"<p>eloriente.net 16\/julio\/2014 Por: Carlos Sp\u00edndola P\u00e9rez Guerrero El final de la primera sinfon\u00eda de Brahms es la combinaci\u00f3n magistral de lo apol\u00edneo con lo dionis\u00edaco. Armon\u00edas explosivas y anhelantes, se combinan con la m\u00e1s extrema dulzura. La coda de dicha partitura es de una energ\u00eda e idealismo excelsos, donde el tiempo se suspende en un [&hellip;]<\/p>\n","protected":false},"author":1,"featured_media":29551,"comment_status":"open","ping_status":"open","sticky":false,"template":"","format":"standard","meta":{"_jetpack_memberships_contains_paid_content":false,"footnotes":""},"categories":[624,6,1973,18,32,13,31],"tags":[1978,1975,1974,1976,1977],"class_list":["post-29550","post","type-post","status-publish","format-standard","has-post-thumbnail","hentry","category-articulistas","category-canal-4-especiales","category-carlos-spindola-perez-guerrero","category-educacion-y-cultura","category-entradas","category-especiales","category-principal","tag-25-anos","tag-brahams","tag-karajan","tag-musica-clasica","tag-viena"],"jetpack_featured_media_url":"http:\/\/www.eloriente.net\/home\/wp-content\/uploads\/2014\/07\/Algunos-derechos-reservados-por-music2020-KARAJAN.jpg","jetpack_sharing_enabled":true,"_links":{"self":[{"href":"http:\/\/www.eloriente.net\/home\/wp-json\/wp\/v2\/posts\/29550"}],"collection":[{"href":"http:\/\/www.eloriente.net\/home\/wp-json\/wp\/v2\/posts"}],"about":[{"href":"http:\/\/www.eloriente.net\/home\/wp-json\/wp\/v2\/types\/post"}],"author":[{"embeddable":true,"href":"http:\/\/www.eloriente.net\/home\/wp-json\/wp\/v2\/users\/1"}],"replies":[{"embeddable":true,"href":"http:\/\/www.eloriente.net\/home\/wp-json\/wp\/v2\/comments?post=29550"}],"version-history":[{"count":4,"href":"http:\/\/www.eloriente.net\/home\/wp-json\/wp\/v2\/posts\/29550\/revisions"}],"predecessor-version":[{"id":29688,"href":"http:\/\/www.eloriente.net\/home\/wp-json\/wp\/v2\/posts\/29550\/revisions\/29688"}],"wp:featuredmedia":[{"embeddable":true,"href":"http:\/\/www.eloriente.net\/home\/wp-json\/wp\/v2\/media\/29551"}],"wp:attachment":[{"href":"http:\/\/www.eloriente.net\/home\/wp-json\/wp\/v2\/media?parent=29550"}],"wp:term":[{"taxonomy":"category","embeddable":true,"href":"http:\/\/www.eloriente.net\/home\/wp-json\/wp\/v2\/categories?post=29550"},{"taxonomy":"post_tag","embeddable":true,"href":"http:\/\/www.eloriente.net\/home\/wp-json\/wp\/v2\/tags?post=29550"}],"curies":[{"name":"wp","href":"https:\/\/api.w.org\/{rel}","templated":true}]}}