{"id":29711,"date":"2014-07-18T10:14:23","date_gmt":"2014-07-18T16:14:23","guid":{"rendered":"http:\/\/www.eloriente.net\/home\/?p=29711"},"modified":"2014-07-18T16:54:13","modified_gmt":"2014-07-18T22:54:13","slug":"islandia-el-mas-pacifico-mexico-el-136-indice-de-paz-global-2014","status":"publish","type":"post","link":"http:\/\/www.eloriente.net\/home\/2014\/07\/18\/islandia-el-mas-pacifico-mexico-el-136-indice-de-paz-global-2014\/","title":{"rendered":"Islandia, el m\u00e1s pac\u00edfico; M\u00e9xico el 138: \u00cdndice de Paz Global 2014"},"content":{"rendered":"<p>eloriente.net<\/p>\n<p>18\/julio\/2014<\/p>\n<p>En orden consecutivo, Islandia, Dinamarca, Austria, Nueva Zelanda y Suiza son los cinco pa\u00edses m\u00e1s pac\u00edficos del mundo; mientras que M\u00e9xico se ubic\u00f3 en el lugar 138 en un ranking de 162 naciones, as\u00ed lo dio a conocer el \u00cdndice Paz Global 2014, auspiciado por <em>Institute for Economics and Peace<\/em> (Instituto para la Econom\u00eda y la Paz, en espa\u00f1ol).<\/p>\n<p>Por otra parte, Siria fue catalogado como la naci\u00f3n menos pac\u00edfica en el mundo, antecedida de Afganist\u00e1n, Sud\u00e1n del Sur, Iraq y Somalia. Seg\u00fan el \u00edndice, la paz mundial se vio deteriorada continuamente en 2013 debido a la actividad terrorista, el n\u00famero de conflictos combatidos, el n\u00famero de refugiados y las personas desplazadas, principalmente.<\/p>\n<p>Adem\u00e1s, el <em>Institute for Economics and Peace<\/em>\u00a0asegur\u00f3 en su informe que los 10 pa\u00edses m\u00e1s propensos a deteriorarse en cuanto a paz, con altos niveles de agitaci\u00f3n y violencia en los pr\u00f3ximos dos a\u00f1os son Zambia, Hait\u00ed, Argentina, Chad, Bosnia y Herzegovina, Nepal, Burundi, Georgia, Liberia y Qatar.<\/p>\n<p>Steve Killelea, fundador y presidente ejecutivo del instituto, se\u00f1al\u00f3 que el impacto econ\u00f3mico de contener y tratar las consecuencias de la violencia global se estim\u00f3 el a\u00f1o pasado\u00a0en 9.8 billones de d\u00f3lares estadounidenses, equivalente al 11.3 % del PIB global e igual a dos veces el tama\u00f1o de los 54 pa\u00edses en la econom\u00eda africana.<\/p>\n<p>Tambi\u00e9n, coment\u00f3 que \u00abmuchos macrofactores han impulsado el deterioro en la paz en los \u00faltimos siete a\u00f1os, como las repercusiones econ\u00f3micas continuadas de la crisis financiera global, las reverberaciones de la Primavera \u00c1rabe, y la propagaci\u00f3n continua del terrorismo\u00bb.<\/p>\n<p>En cuanto a la situaci\u00f3n de paz en M\u00e9xico, seg\u00fan el informe, a pesar de que se tienen niveles estables de militarizaci\u00f3n y conflicto externo, internamente el pa\u00eds tiene niveles preocupantes: en Latinoam\u00e9rica, M\u00e9xico ocupa el segundo lugar como la naci\u00f3n menos pac\u00edfica, solo despu\u00e9s de Colombia. A nivel mundial el panorama mexicano es equiparable actualmente a las realidades de Ucrania e Israel.<\/p>\n<p>Destaca que la situaci\u00f3n de seguridad en M\u00e9xico es el principal impedimento para establecer su paz, aunado a d\u00e9biles bases institucionales del gobierno que permitan combatir el crimen y principalmente al narcotr\u00e1fico. Indica que es particularmente evidente tanto a nivel federal como estatal.<\/p>\n<p>Consulta el reporte completo, dando click a la siguiente liga de <a href=\"http:\/\/www.visionofhumanity.org\/sites\/default\/files\/2014%20Global%20Peace%20Index%20REPORT.pdf\" target=\"_blank\">enlace<\/a>.<\/p>\n<p>&nbsp;<\/p>\n<p><iframe loading=\"lazy\" src=\"\/\/www.youtube.com\/embed\/lyqn2_cXbZ0\" frameborder=\"0\" width=\"560\" height=\"315\"><\/iframe><\/p>\n<p>Video:\u00a0<a dir=\"ltr\" href=\"https:\/\/www.youtube.com\/channel\/UC3IIadLp-sVpKmMFpDzSFAw\" data-sessionlink=\"ei=cirJU6-NG4qGrAaO5IHoBg&amp;feature=watch\" data-ytid=\"UC3IIadLp-sVpKmMFpDzSFAw\" data-name=\"watch\">VisionofHumanityorg<\/a><\/p>\n<p>&nbsp;<\/p>\n<p><a href=\"http:\/\/www.eloriente.net\/home\/wp-content\/uploads\/2014\/07\/M\u00e9xico-Indice-de-Paz-Global.png\"><img loading=\"lazy\" decoding=\"async\" class=\"alignnone  wp-image-29712\" title=\"M\u00e9xico-Indice-de-Paz-Global\" src=\"http:\/\/www.eloriente.net\/home\/wp-content\/uploads\/2014\/07\/M\u00e9xico-Indice-de-Paz-Global.png\" alt=\"\" width=\"536\" height=\"250\" srcset=\"http:\/\/www.eloriente.net\/home\/wp-content\/uploads\/2014\/07\/M\u00e9xico-Indice-de-Paz-Global.png 670w, http:\/\/www.eloriente.net\/home\/wp-content\/uploads\/2014\/07\/M\u00e9xico-Indice-de-Paz-Global-300x139.png 300w\" sizes=\"(max-width: 536px) 100vw, 536px\" \/><\/a><\/p>\n<p>Imagen tomada del sitio web de Vision of Humanity.<\/p>\n<p>&nbsp;<\/p>\n<p><strong>Entradas relacionadas:<\/strong><\/p>\n<p><a title=\"Permalink to Tuxtepec, Oaxaca, s\u00e9ptimo municipio m\u00e1s feliz del pa\u00eds: Imagina M\u00e9xico A.C.\" href=\"http:\/\/www.eloriente.net\/home\/2014\/04\/18\/tuxtepec-oaxaca-septimo-municipio-mas-feliz-del-pais-imagina-mexico-a-c\/\" rel=\"bookmark\">Tuxtepec, Oaxaca, s\u00e9ptimo municipio m\u00e1s feliz del pa\u00eds: Imagina M\u00e9xico A.C.<\/a><\/p>\n<p><a href=\"http:\/\/www.eloriente.net\/home\/2014\/04\/18\/tuxtepec-oaxaca-septimo-municipio-mas-feliz-del-pais-imagina-mexico-a-c\/\" rel=\"bookmark\"><img decoding=\"async\" title=\"Tuxtepec, Oaxaca, s\u00e9ptimo municipio m\u00e1s feliz del pa\u00eds: Imagina M\u00e9xico A.C.\" src=\"http:\/\/www.eloriente.net\/home\/wp-content\/themes\/city-desk\/timthumb.php?src=http%3A%2F%2Fwww.eloriente.net%2Fhome%2Fwp-content%2Fuploads%2F2014%2F04%2FImagina-M%C3%A9xico-AC.png&amp;q=90&amp;w=160&amp;h=106&amp;zc=1\" alt=\"Tuxtepec, Oaxaca, s\u00e9ptimo municipio m\u00e1s feliz del pa\u00eds: Imagina M\u00e9xico A.C.\" \/><\/a><\/p>\n<p>eloriente.net 18 de enero de 2014 De acuerdo al Ranking de Felicidad en M\u00e9xico, auspiciado por la organizaci\u00f3n Imagina M\u00e9xico AC, la poblaci\u00f3n de Tuxtepec, Oaxaca, es el s\u00e9ptimo municipio con mayor cuant\u00eda de felicidad en el pa\u00eds. Para obtener este \u00edndice, se aplic\u00f3 una encuesta de 62 reactivos a m\u00e1s de 26 mil ciudadanos [&#8230;]<\/p>\n<p>April 18, 2014<\/p>\n<p><a title=\"Permalink to Conoce aqu\u00ed los niveles de (in)tolerancia social en M\u00e9xico\" href=\"http:\/\/www.eloriente.net\/home\/2014\/04\/02\/conoce-aqui-los-niveles-de-intolerancia-social-en-mexico\/\" rel=\"bookmark\">Conoce aqu\u00ed los niveles de (in)tolerancia social en M\u00e9xico<\/a><\/p>\n<p><a href=\"http:\/\/www.eloriente.net\/home\/2014\/04\/02\/conoce-aqui-los-niveles-de-intolerancia-social-en-mexico\/\" rel=\"bookmark\"><img decoding=\"async\" title=\"Conoce aqu\u00ed los niveles de (in)tolerancia social en M\u00e9xico\" src=\"http:\/\/www.eloriente.net\/home\/wp-content\/themes\/city-desk\/timthumb.php?src=http%3A%2F%2Fwww.eloriente.net%2Fhome%2Fwp-content%2Fuploads%2F2014%2F04%2FIntolerancia-Social-en-M%C3%A9xico.png&amp;q=90&amp;w=160&amp;h=106&amp;zc=1\" alt=\"Conoce aqu\u00ed los niveles de (in)tolerancia social en M\u00e9xico\" \/><\/a><\/p>\n<p>eloriente.net 2 de abril de 2014 La agencia de investigaci\u00f3n de opini\u00f3n p\u00fablica,\u00a0Gabinete de Comunicaci\u00f3n Estrat\u00e9gica, present\u00f3 recientemente su reporte \u2018La intolerancia social en M\u00e9xico 2014\u2032, un estudio que eval\u00faa el grado de respeto a las diferentes ideolog\u00edas en la sociedad mexicana; en cuanto a temas de autodefensas, marihuana, matrimonio y adopci\u00f3n entre personas del [&#8230;]<\/p>\n<p>April 2, 2014<\/p>\n<p><a title=\"Permalink to Oaxaca, octavo estado m\u00e1s pac\u00edfico del pa\u00eds: Instituto de Econom\u00eda y Paz\" href=\"http:\/\/www.eloriente.net\/home\/2014\/02\/11\/oaxaca-octavo-estado-mas-pacifico-del-pais-iep\/\" rel=\"bookmark\">Oaxaca, octavo estado m\u00e1s pac\u00edfico del pa\u00eds: Instituto de Econom\u00eda y Paz<\/a><\/p>\n<p><a href=\"http:\/\/www.eloriente.net\/home\/2014\/02\/11\/oaxaca-octavo-estado-mas-pacifico-del-pais-iep\/\" rel=\"bookmark\"><img decoding=\"async\" title=\"Oaxaca, octavo estado m\u00e1s pac\u00edfico del pa\u00eds: Instituto de Econom\u00eda y Paz\" src=\"http:\/\/www.eloriente.net\/home\/wp-content\/themes\/city-desk\/timthumb.php?src=http%3A%2F%2Fwww.eloriente.net%2Fhome%2Fwp-content%2Fuploads%2F2014%2F02%2FMPI-Principal.jpg&amp;q=90&amp;w=160&amp;h=106&amp;zc=1\" alt=\"Oaxaca, octavo estado m\u00e1s pac\u00edfico del pa\u00eds: Instituto de Econom\u00eda y Paz\" \/><\/a><\/p>\n<p>eloriente.net 11 de febrero de 2014 Oaxaca es la octava entidad m\u00e1s pac\u00edfica, as\u00ed lo dio a conocer Vision of Humanity, una iniciativa del Instituto de Econom\u00eda y Paz (IEP) al presentar su reporte anual \u00cdndice de Paz en M\u00e9xico (IPM) durante el a\u00f1o 2013; esta posici\u00f3n se mantuvo respecto a los resultados del a\u00f1o [&#8230;]<\/p>\n<p>February 11, 2014<\/p>\n<p>&nbsp;<\/p>\n\n\t\t\t  <div \n\t\t\t  \tclass = \"fb-comments\" \n\t\t\t  \tdata-href = \"http:\/\/www.eloriente.net\/home\/2014\/07\/18\/islandia-el-mas-pacifico-mexico-el-136-indice-de-paz-global-2014\/\"\n\t\t\t  \tdata-numposts = \"10\"\n\t\t\t\tdata-colorscheme = \"dark\"\n\t\t\t\tdata-order-by = \"social\"\n\t\t\t\tdata-mobile=true>\n\t\t\t  <\/div>\n\t\t  <style>\n\t\t\t.fb_iframe_widget_fluid_desktop iframe {\n\t\t\t    width: 100% !important;\n\t\t\t}\n\t\t  <\/style>\n\t\t  ","protected":false},"excerpt":{"rendered":"<p>eloriente.net 18\/julio\/2014 En orden consecutivo, Islandia, Dinamarca, Austria, Nueva Zelanda y Suiza son los cinco pa\u00edses m\u00e1s pac\u00edficos del mundo; mientras que M\u00e9xico se ubic\u00f3 en el lugar 138 en un ranking de 162 naciones, as\u00ed lo dio a conocer el \u00cdndice Paz Global 2014, auspiciado por Institute for Economics and Peace (Instituto para la [&hellip;]<\/p>\n","protected":false},"author":26,"featured_media":29712,"comment_status":"open","ping_status":"open","sticky":false,"template":"","format":"standard","meta":{"_jetpack_memberships_contains_paid_content":false,"footnotes":""},"categories":[32,35,10,24,21],"tags":[252,1259,277,1428,196,1005,165],"class_list":["post-29711","post","type-post","status-publish","format-standard","has-post-thumbnail","hentry","category-entradas","category-secciones-oriente","category-lo-mas-reciente","category-mexico-y-el-mundo","category-politica-y-gobierno","tag-economia","tag-global","tag-gobierno","tag-indice","tag-narcotrafico","tag-paz","tag-violencia"],"jetpack_featured_media_url":"http:\/\/www.eloriente.net\/home\/wp-content\/uploads\/2014\/07\/M\u00e9xico-Indice-de-Paz-Global.png","jetpack_sharing_enabled":true,"_links":{"self":[{"href":"http:\/\/www.eloriente.net\/home\/wp-json\/wp\/v2\/posts\/29711"}],"collection":[{"href":"http:\/\/www.eloriente.net\/home\/wp-json\/wp\/v2\/posts"}],"about":[{"href":"http:\/\/www.eloriente.net\/home\/wp-json\/wp\/v2\/types\/post"}],"author":[{"embeddable":true,"href":"http:\/\/www.eloriente.net\/home\/wp-json\/wp\/v2\/users\/26"}],"replies":[{"embeddable":true,"href":"http:\/\/www.eloriente.net\/home\/wp-json\/wp\/v2\/comments?post=29711"}],"version-history":[{"count":15,"href":"http:\/\/www.eloriente.net\/home\/wp-json\/wp\/v2\/posts\/29711\/revisions"}],"predecessor-version":[{"id":29736,"href":"http:\/\/www.eloriente.net\/home\/wp-json\/wp\/v2\/posts\/29711\/revisions\/29736"}],"wp:featuredmedia":[{"embeddable":true,"href":"http:\/\/www.eloriente.net\/home\/wp-json\/wp\/v2\/media\/29712"}],"wp:attachment":[{"href":"http:\/\/www.eloriente.net\/home\/wp-json\/wp\/v2\/media?parent=29711"}],"wp:term":[{"taxonomy":"category","embeddable":true,"href":"http:\/\/www.eloriente.net\/home\/wp-json\/wp\/v2\/categories?post=29711"},{"taxonomy":"post_tag","embeddable":true,"href":"http:\/\/www.eloriente.net\/home\/wp-json\/wp\/v2\/tags?post=29711"}],"curies":[{"name":"wp","href":"https:\/\/api.w.org\/{rel}","templated":true}]}}