{"id":29858,"date":"2014-07-21T18:21:51","date_gmt":"2014-07-22T00:21:51","guid":{"rendered":"http:\/\/www.eloriente.net\/home\/?p=29858"},"modified":"2014-07-24T13:32:54","modified_gmt":"2014-07-24T19:32:54","slug":"juarez-vive-con-la-izquierda-mexicana-robles-montoya","status":"publish","type":"post","link":"http:\/\/www.eloriente.net\/home\/2014\/07\/21\/juarez-vive-con-la-izquierda-mexicana-robles-montoya\/","title":{"rendered":"Ju\u00e1rez vive con la izquierda mexicana: Robles Montoya"},"content":{"rendered":"<p>eloriente.net<\/p>\n<p>21\/julio\/2014<\/p>\n<p>\u00abBenito Ju\u00e1rez est\u00e1 m\u00e1s vivo que nunca, hoy est\u00e1 aqu\u00ed presente con la izquierda de M\u00e9xico\u00bb, declar\u00f3 el senador perredista Benjam\u00edn Robles Montoya el pasado 18 de julio\u00a0durante su intervenci\u00f3n en tribuna en el debate en lo particular de la Ley de Hidrocarburos, como parte de la reforma energ\u00e9tica.<\/p>\n<p>En el marco del aniversario luctuoso del Benem\u00e9rito de las Am\u00e9ricas, Robles Montoya asegur\u00f3 que el PRD comparte su causa: el engrandecimiento y defensa de la naci\u00f3n. Se\u00f1al\u00f3 como importante no solo recordar el legado de Ju\u00e1rez Garc\u00eda, sino rendirle honores con obras y hechos.<\/p>\n<p>El senador indic\u00f3 que el pensamiento de Ju\u00e1rez es aplicable a la discusi\u00f3n sobre las leyes secundarias de la reforma energ\u00e9tica, ya que este asunto versa sobre la soberan\u00eda e independencia nacional, filosof\u00eda que promov\u00eda el ex presidente y gobernador oaxaque\u00f1o, reconocido entre muchas cosas por su frase c\u00e9lebre\u00a0<em>\u00abEntre los individuos, como entre las naciones,\u00a0el respeto al derecho ajeno es la paz\u00bb.<\/em><\/p>\n<p>Al respecto, Robles Montoya cit\u00f3: \u201cel gobierno de la Rep\u00fablica cumplir\u00e1 \u2013dijo Ju\u00e1rez- el deber de defender la independencia, de rechazar la agresi\u00f3n extranjera y aceptar la lucha que es provocada, contando con el esfuerzo un\u00e1nime de los mexicanos y con que tarde o temprano triunfar\u00e1 la causa del buen derecho y la justicia\u00bb.<\/p>\n<p>Tambi\u00e9n, el senador Benjam\u00edn Robles destac\u00f3 que la postura en contra que mantiene su partido, el PRD, se debe a que no apoyan la privatizaci\u00f3n de la industria energ\u00e9tica a los recursos internacionales, al contrario, afirm\u00f3 les gustar\u00eda secundar a la iniciativa privada nacional.<\/p>\n<p>Finalmente, a trav\u00e9s de estas l\u00edneas expresadas por Ju\u00e1rez,\u00a0Benjam\u00edn Robles hizo un llamado a la C\u00e1mara de Senadores a la defensa de la independencia nacional, calificando como ofensivas los intereses extranjeros ante el recurso energ\u00e9tico de M\u00e9xico.<\/p>\n<p>Consulta su discurso completo a continuaci\u00f3n:<\/p>\n<p>&nbsp;<\/p>\n<p><iframe loading=\"lazy\" src=\"\/\/www.youtube.com\/embed\/ZmI0LxoGHq4\" frameborder=\"0\" width=\"420\" height=\"315\"><\/iframe><\/p>\n<p>Video:\u00a0<a dir=\"ltr\" href=\"https:\/\/www.youtube.com\/channel\/UC0XUc6sOmRSTFdwmmIq-kFQ\" data-sessionlink=\"ei=44vNU6SHBIrxrAbQtoD4Ag&amp;feature=watch\" data-ytid=\"UC0XUc6sOmRSTFdwmmIq-kFQ\" data-name=\"watch\">SenadoresPRD<\/a><\/p>\n<p>&nbsp;<\/p>\n<p><a href=\"http:\/\/www.eloriente.net\/home\/wp-content\/uploads\/2014\/07\/Robles-Montoya-Por-Congreso.jpg\"><img loading=\"lazy\" decoding=\"async\" class=\"alignnone size-medium wp-image-29859\" title=\"Robles Montoya-Por Congreso\" src=\"http:\/\/www.eloriente.net\/home\/wp-content\/uploads\/2014\/07\/Robles-Montoya-Por-Congreso-300x199.jpg\" alt=\"\" width=\"300\" height=\"199\" srcset=\"http:\/\/www.eloriente.net\/home\/wp-content\/uploads\/2014\/07\/Robles-Montoya-Por-Congreso-300x199.jpg 300w, http:\/\/www.eloriente.net\/home\/wp-content\/uploads\/2014\/07\/Robles-Montoya-Por-Congreso-1024x682.jpg 1024w\" sizes=\"(max-width: 300px) 100vw, 300px\" \/><\/a><\/p>\n<p>Foto: Senado de la Rep\u00fablica<\/p>\n<p>&nbsp;<\/p>\n<p><strong>Entradas relacionadas:<\/strong><\/p>\n<p><a title=\"Permalink to Solicita Cordero dejar el pasado de M\u00e9xico detr\u00e1s\" href=\"http:\/\/www.eloriente.net\/home\/2014\/07\/18\/solicita-cordero-dejar-el-pasado-de-mexico-detras\/\" rel=\"bookmark\">Solicita Cordero dejar el pasado de M\u00e9xico detr\u00e1s<\/a><\/p>\n<p><a href=\"http:\/\/www.eloriente.net\/home\/2014\/07\/18\/solicita-cordero-dejar-el-pasado-de-mexico-detras\/\" rel=\"bookmark\"><img decoding=\"async\" title=\"Solicita Cordero dejar el pasado de M\u00e9xico detr\u00e1s\" src=\"http:\/\/www.eloriente.net\/home\/wp-content\/themes\/city-desk\/timthumb.php?src=http%3A%2F%2Fwww.eloriente.net%2Fhome%2Fwp-content%2Fuploads%2F2014%2F07%2FErnesto-Cordero-Por-Senado-de-la-Rep%C3%BAblica.jpg&amp;q=90&amp;w=160&amp;h=106&amp;zc=1\" alt=\"Solicita Cordero dejar el pasado de M\u00e9xico detr\u00e1s\" \/><\/a><\/p>\n<p>eloriente.net 18\/junio\/2014 \u201cEs muy rom\u00e1ntico, emotivo y muy bonito venir a hacer referencias bolivarianas y de presidentes de hace m\u00e1s de 50 a\u00f1os de nuestro pa\u00eds, de eso no se trata; esto es del futuro y presente de nuestro pa\u00eds\u201d, expres\u00f3 el senador Ernesto Cordero Arroyo durante su discurso en la sesi\u00f3n extraordinaria de la [&#8230;]<\/p>\n<p>July 18, 2014<\/p>\n<div id=\"post-29628\">\n<p><a title=\"Permalink to 17\/Jul\/14 En vivo: Sesi\u00f3n extraordinaria del Senado para aprobar Reforma Energ\u00e9tica\" href=\"http:\/\/www.eloriente.net\/home\/2014\/07\/17\/17jul14-en-vivo-sesion-extraordinaria-del-senado-de-la-republica\/\" rel=\"bookmark\">17\/Jul\/14 En vivo: Sesi\u00f3n extraordinaria del Senado para aprobar Reforma Energ\u00e9tica<\/a><\/p>\n<p><a href=\"http:\/\/www.eloriente.net\/home\/2014\/07\/17\/17jul14-en-vivo-sesion-extraordinaria-del-senado-de-la-republica\/\" rel=\"bookmark\"><img decoding=\"async\" title=\"17\/Jul\/14 En vivo: Sesi\u00f3n extraordinaria del Senado para aprobar Reforma Energ\u00e9tica\" src=\"http:\/\/www.eloriente.net\/home\/wp-content\/themes\/city-desk\/timthumb.php?src=http%3A%2F%2Fwww.eloriente.net%2Fhome%2Fwp-content%2Fuploads%2F2014%2F05%2FRefiner%C3%ADa-Por-Petr%C3%B3leos-Mexicanos.jpg&amp;q=90&amp;w=160&amp;h=106&amp;zc=1\" alt=\"17\/Jul\/14 En vivo: Sesi\u00f3n extraordinaria del Senado para aprobar Reforma Energ\u00e9tica\" \/><\/a><\/p>\n<p>eloriente.net 17\/julio\/2014 Conscientes de su importancia para la vida de la comunidad, nos enlazamos con la se\u00f1al del Senado de la Rep\u00fablica para la sesi\u00f3n extraordinaria de este d\u00eda para su discusi\u00f3n de las leyes secundarias en materia energ\u00e9tica. Para verificar el orden del d\u00eda de la sesi\u00f3n de hoy, da click a la siguiente\u00a0liga. [&#8230;]<\/p>\n<p>July 17, 2014<\/p>\n<p><a title=\"Permalink to 47% de mexicanos aseguran aumentar\u00e1 corrupci\u00f3n con Reforma Energ\u00e9tica\" href=\"http:\/\/www.eloriente.net\/home\/2014\/06\/23\/47-de-mexicanos-aseguran-aumentara-corrupcion-con-reforma-energetica\/\" rel=\"bookmark\">47% de mexicanos aseguran aumentar\u00e1 corrupci\u00f3n con Reforma Energ\u00e9tica<\/a><\/p>\n<p><a href=\"http:\/\/www.eloriente.net\/home\/2014\/06\/23\/47-de-mexicanos-aseguran-aumentara-corrupcion-con-reforma-energetica\/\" rel=\"bookmark\"><img decoding=\"async\" title=\"47% de mexicanos aseguran aumentar\u00e1 corrupci\u00f3n con Reforma Energ\u00e9tica\" src=\"http:\/\/www.eloriente.net\/home\/wp-content\/themes\/city-desk\/timthumb.php?src=http%3A%2F%2Fwww.eloriente.net%2Fhome%2Fwp-content%2Fuploads%2F2013%2F12%2Fpemex.jpg&amp;q=90&amp;w=160&amp;h=106&amp;zc=1\" alt=\"47% de mexicanos aseguran aumentar\u00e1 corrupci\u00f3n con Reforma Energ\u00e9tica\" \/><\/a><\/p>\n<p>eloriente.net 23\/junio\/2014 El 47% de mexicanos aseguran aumentar\u00e1 la corrupci\u00f3n con la reforma constitucional en materia energ\u00e9tica,\u00a034% considera que se mantendr\u00e1 igual y \u00fanicamente 10%\u00a0dice que disminuir\u00e1 esta pr\u00e1ctica, as\u00ed lo dio a conocer una encuesta sobre opini\u00f3n p\u00fablica elaborada por la agencia de investigaci\u00f3n Parametr\u00eda en mayo de 2014. De acuerdo con informaci\u00f3n de [&#8230;]<\/p>\n<p>June 23, 2014<\/p>\n<\/div>\n\n\t\t\t  <div \n\t\t\t  \tclass = \"fb-comments\" \n\t\t\t  \tdata-href = \"http:\/\/www.eloriente.net\/home\/2014\/07\/21\/juarez-vive-con-la-izquierda-mexicana-robles-montoya\/\"\n\t\t\t  \tdata-numposts = \"10\"\n\t\t\t\tdata-colorscheme = \"dark\"\n\t\t\t\tdata-order-by = \"social\"\n\t\t\t\tdata-mobile=true>\n\t\t\t  <\/div>\n\t\t  <style>\n\t\t\t.fb_iframe_widget_fluid_desktop iframe {\n\t\t\t    width: 100% !important;\n\t\t\t}\n\t\t  <\/style>\n\t\t  ","protected":false},"excerpt":{"rendered":"<p>eloriente.net 21\/julio\/2014 \u00abBenito Ju\u00e1rez est\u00e1 m\u00e1s vivo que nunca, hoy est\u00e1 aqu\u00ed presente con la izquierda de M\u00e9xico\u00bb, declar\u00f3 el senador perredista Benjam\u00edn Robles Montoya el pasado 18 de julio\u00a0durante su intervenci\u00f3n en tribuna en el debate en lo particular de la Ley de Hidrocarburos, como parte de la reforma energ\u00e9tica. En el marco del [&hellip;]<\/p>\n","protected":false},"author":26,"featured_media":29859,"comment_status":"open","ping_status":"open","sticky":false,"template":"","format":"standard","meta":{"_jetpack_memberships_contains_paid_content":false,"footnotes":""},"categories":[6,32,63,10,21],"tags":[2019,2035,2036,687,1722,2034,261],"class_list":["post-29858","post","type-post","status-publish","format-standard","has-post-thumbnail","hentry","category-canal-4-especiales","category-entradas","category-estados","category-lo-mas-reciente","category-politica-y-gobierno","tag-benito-juarez","tag-iniciativa-privada","tag-nacion","tag-petroleo","tag-reforma-energetica","tag-robles-montoya","tag-senado"],"jetpack_featured_media_url":"http:\/\/www.eloriente.net\/home\/wp-content\/uploads\/2014\/07\/Robles-Montoya-Por-Congreso.jpg","jetpack_sharing_enabled":true,"_links":{"self":[{"href":"http:\/\/www.eloriente.net\/home\/wp-json\/wp\/v2\/posts\/29858"}],"collection":[{"href":"http:\/\/www.eloriente.net\/home\/wp-json\/wp\/v2\/posts"}],"about":[{"href":"http:\/\/www.eloriente.net\/home\/wp-json\/wp\/v2\/types\/post"}],"author":[{"embeddable":true,"href":"http:\/\/www.eloriente.net\/home\/wp-json\/wp\/v2\/users\/26"}],"replies":[{"embeddable":true,"href":"http:\/\/www.eloriente.net\/home\/wp-json\/wp\/v2\/comments?post=29858"}],"version-history":[{"count":12,"href":"http:\/\/www.eloriente.net\/home\/wp-json\/wp\/v2\/posts\/29858\/revisions"}],"predecessor-version":[{"id":29870,"href":"http:\/\/www.eloriente.net\/home\/wp-json\/wp\/v2\/posts\/29858\/revisions\/29870"}],"wp:featuredmedia":[{"embeddable":true,"href":"http:\/\/www.eloriente.net\/home\/wp-json\/wp\/v2\/media\/29859"}],"wp:attachment":[{"href":"http:\/\/www.eloriente.net\/home\/wp-json\/wp\/v2\/media?parent=29858"}],"wp:term":[{"taxonomy":"category","embeddable":true,"href":"http:\/\/www.eloriente.net\/home\/wp-json\/wp\/v2\/categories?post=29858"},{"taxonomy":"post_tag","embeddable":true,"href":"http:\/\/www.eloriente.net\/home\/wp-json\/wp\/v2\/tags?post=29858"}],"curies":[{"name":"wp","href":"https:\/\/api.w.org\/{rel}","templated":true}]}}