{"id":29872,"date":"2014-07-21T18:50:27","date_gmt":"2014-07-22T00:50:27","guid":{"rendered":"http:\/\/www.eloriente.net\/home\/?p=29872"},"modified":"2014-07-21T18:51:11","modified_gmt":"2014-07-22T00:51:11","slug":"guelaguetza-de-todos-modos-los-ciudadanos-pagamos","status":"publish","type":"post","link":"http:\/\/www.eloriente.net\/home\/2014\/07\/21\/guelaguetza-de-todos-modos-los-ciudadanos-pagamos\/","title":{"rendered":"Guelaguetza: de todos modos los ciudadanos pagamos"},"content":{"rendered":"<p>eloriente.net<\/p>\n<p>21\/julio\/2014<\/p>\n<p style=\"text-align: right\">Por: <a href=\"http:\/\/www.eloriente.net\/home\/author\/adrian\/\" target=\"_blank\">Adri\u00e1n Ort\u00edz Romero<\/a><\/p>\n<p><strong>Guelaguetza: de todos modos los ciudadanos pagamos<\/strong><\/p>\n<p><strong><\/strong><strong>Guelaguetza oficial vs la magisterial: dos de lo mismo<\/strong><\/p>\n<p><strong><\/strong>Por noveno a\u00f1o consecutivo, la Secci\u00f3n 22 del SNTE presenta su propia edici\u00f3n de la fiesta de la Guelaguetza, en un intento por convencer a la ciudadan\u00eda de que ese es un esfuerzo genuino, aut\u00e9ntico y alternativo en contra de las decisiones comerciales del gobierno del estado, pero guardando silencio respecto al lucro en el que ellos tambi\u00e9n incurren frente a toda la ciudadan\u00eda por insistir en presentar una fiesta espejo \u2014con vicios y desviaciones, incluidos\u2014 de los Lunes del Cerro, que en realidad no aporta ni rescata nada de la cultura de Oaxaca.<\/p>\n<p>En efecto, la llamada \u201cGuelaguetza magisterial\u201d naci\u00f3 al calor de la refriega popular del 2006, cuando los maestros boicotearon la festividad de los Lunes del Cerro, y a cambio de eso montaron, por su capricho, una representaci\u00f3n alternativa de la que se presentaba en el Auditorio Guelaguetza, para que el pueblo asistiera gratuitamente a admirar los bailes y las representaciones culturales de las comunidades ind\u00edgenas de nuestro estado.<\/p>\n<p>En aquella ocasi\u00f3n los cuestionamientos contra los maestros se centraron en el boicot a la Guelaguetza, pero no en la insistencia de su propia representaci\u00f3n. Y en los a\u00f1os siguientes la ciudadan\u00eda olvid\u00f3 preguntarse c\u00f3mo logr\u00f3 subsistir la Guelaguetza magisterial, y qu\u00e9 inter\u00e9s persigue en realidad, al margen de ser una actividad \u201cdisidente\u201d a las festividades oficiales.<\/p>\n<p>Vale la pena preguntarse, por ejemplo, qu\u00e9 aportaciones culturales tiene la Guelaguetza magisterial, qu\u00e9 tradiciones y expresiones originarias de los pueblos ha rescatado, qu\u00e9 elementos comerciales ha eliminado, y, sobre todo, c\u00f3mo se financia y c\u00f3mo habr\u00eda conseguido tomar distancia de los Lunes del Cerro que organizan los tres niveles de gobierno en Oaxaca.<\/p>\n<p>Comenzar por el tema de las tradiciones no es irrelevante: se supone que los maestros son quienes tienen una capacidad mucho mayor de palpar las verdaderas expresiones culturales en los pueblos, a partir de que son un gremio que tiene presencia en la inmensa mayor\u00eda de las comunidades de la entidad, incluso las m\u00e1s alejadas. Si los profesores de verdad tuvieran una vocaci\u00f3n de rescate cultural de los pueblos ind\u00edgenas, para ellos ser\u00eda muy f\u00e1cil corroborar que en verdad lo que viene a Oaxaca a presentarse es lo aut\u00e9ntico de los pueblos, porque ellos seguramente tendr\u00edan representantes permanentes en los mismos. Sin embargo, nada de eso ha sido relevante para el magisterio, que m\u00e1s bien ha venido haciendo presentaciones muy similares a las que organiza el gobierno en el Auditorio Guelaguetza.<\/p>\n<p>Asimismo, hoy como cada a\u00f1o, la dirigencia de la Secci\u00f3n 22 pretende hacer creer a la sociedad oaxaque\u00f1a que con la llamada Guelaguetza oficial \u201cse lucra con la cultura de nuestros pueblos\u201d, y a partir de ello invita a que la ciudadan\u00eda acuda a la Guelaguetza magisterial, que se presenta en los campos deportivos del Instituto Tecnol\u00f3gico de Oaxaca, y que es gratuita.<\/p>\n<p>\u00bfDe verdad el solo hecho de que la Secci\u00f3n 22 no le cobre a quien quiera ir a ver sus representaciones, le quita a su Guelaguetza el elemento del lucro econ\u00f3mico y la hace ser una festividad cercana al pueblo? Aunque en apariencia podr\u00edamos afirmar que s\u00ed, para poder dar una respuesta cabal habr\u00eda tambi\u00e9n que preguntarse de d\u00f3nde salen los recursos con los que la Secci\u00f3n 22 costea todos los gastos que implica esa representaci\u00f3n, y si para ello recibe ayuda gubernamental o s\u00f3lo lo costea a partir de las cuotas de apoyo que le impone a cada uno de sus agremiados.<\/p>\n<p><strong>Lucro, similar<\/strong><\/p>\n<p><strong><\/strong>Cada a\u00f1o, el presupuesto de egresos de la federaci\u00f3n dispone de fondos para que el gobierno municipal de Oaxaca de Ju\u00e1rez, el gobierno del estado de Oaxaca y el gobierno federal, a trav\u00e9s de la Secretar\u00eda de Turismo, organicen y dispongan todo lo necesario para las festividades de la Guelaguetza. El objetivo es que el gobierno organice la celebraci\u00f3n, pero que toda la derrama econ\u00f3mica que genera en turismo, en impuestos y en comercializaci\u00f3n de ciertos aspectos de la festividad, convierta ese gasto en inversi\u00f3n y genere ganancias, no para el gobierno, sino para todos los sectores de la econom\u00eda que tienen movilidad a partir de esos eventos.<\/p>\n<p>Frente a todo esto, demos por hecho que la Guelaguetza oficial le cuesta al pueblo porque la fiesta es costeada con impuestos, y luego, adem\u00e1s, debe pagar por asistir a verla. \u00bfY la Guelaguetza magisterial no tiene ninguno de esos elementos? Pues para empezar, el gobierno estatal y la dirigencia magisterial deb\u00edan dejar bien claro si utilizan o no fondos p\u00fablicos para llevar a cabo dicha celebraci\u00f3n que, a su vez, est\u00e1 dise\u00f1ada para ser una contracara de la Guelaguetza oficial, y que con ello intenta contrarrestar los efectos que busca la inversi\u00f3n hecha en la celebraci\u00f3n de los Lunes del Cerro, para generar movilidad econ\u00f3mica e impuestos.<\/p>\n<p>Es claro que si en esto no hay claridad (pues cada a\u00f1o, desde el gobierno de Ulises Ruiz y hasta la fecha, se habla de los recursos que le facilita el gobierno a la Secci\u00f3n 22 para que pague su celebraci\u00f3n, porque \u00e9sta as\u00ed lo exige y lo hace parte de su pliego anual de demandas), s\u00ed debiera haberla en la forma en c\u00f3mo el gobierno se boicotea s\u00f3lo en sus fines, con tal de cumplir el capricho del magisterio, el cual adem\u00e1s s\u00ed le cuesta a la ciudadan\u00eda porque el dinero que les da el gobierno proviene de impuestos que pagamos todos los oaxaque\u00f1os.<\/p>\n<p>Lo m\u00e1s lamentable de todo es que en estos nueve a\u00f1os la 22 se ha dedicado a hacer una celebraci\u00f3n espejo de la oficial. En este a\u00f1o, para comprobarlo no hace falta m\u00e1s que ver c\u00f3mo anuncian su Guelaguetza: con monumentales lonas impresas colocadas en las fachadas de sus edificios sindicales, que son exactamente iguales \u2014s\u00f3lo cambian algunos colores y tipograf\u00edas\u2014 a las que cada a\u00f1o manda a hacer el gobierno del estado y el municipio de Oaxaca de Ju\u00e1rez para promocionar las festividades que ellos organizan.<\/p>\n<p>\u00bfQu\u00e9 aporta la Guelaguetza magisterial? Nada. \u00bfCumple su funci\u00f3n de no lucrar con la cultura de los oaxaque\u00f1os? No. \u00bfCu\u00e1nto nos cuesta a todos? Es alarmante que el gobierno y el magisterio guarden silencio respecto a ello.<\/p>\n<p><strong>Todo o nada<\/strong><\/p>\n<p>Los maestros no van a dejar de protestar. Ellos quieren todo, sin cortapisas. Quieren, pues, una rendici\u00f3n incondicional del Estado \u2014como ha sido en los \u00faltimos lustros\u2014 en favor de sus intereses. El jaloneo por la ley educativa tiene, pues, muchos cap\u00edtulos pendientes. La 22 se juega todo. Vienen, reiteramos, d\u00edas muy dif\u00edciles para Oaxaca.<\/p>\n<p>&nbsp;<\/p>\n<p><a href=\"http:\/\/www.eloriente.net\/home\/wp-content\/uploads\/2014\/07\/Guelaguetza-Popular-2012-Por-guerillagrrl.jpg\"><img loading=\"lazy\" decoding=\"async\" class=\"alignnone size-medium wp-image-29873\" src=\"http:\/\/www.eloriente.net\/home\/wp-content\/uploads\/2014\/07\/Guelaguetza-Popular-2012-Por-guerillagrrl-300x200.jpg\" alt=\"\" width=\"300\" height=\"200\" srcset=\"http:\/\/www.eloriente.net\/home\/wp-content\/uploads\/2014\/07\/Guelaguetza-Popular-2012-Por-guerillagrrl-300x200.jpg 300w, http:\/\/www.eloriente.net\/home\/wp-content\/uploads\/2014\/07\/Guelaguetza-Popular-2012-Por-guerillagrrl-1024x682.jpg 1024w, http:\/\/www.eloriente.net\/home\/wp-content\/uploads\/2014\/07\/Guelaguetza-Popular-2012-Por-guerillagrrl.jpg 1600w\" sizes=\"(max-width: 300px) 100vw, 300px\" \/><\/a><\/p>\n<p>Guelaguetza magisterial 2012. Foto:\u00a0<a href=\"https:\/\/www.flickr.com\/photos\/guerillagrrl\/\">guerillagrrl<\/a><\/p>\n<p>&nbsp;<\/p>\n<p><strong>Entradas relacionadas:<\/strong><\/p>\n<p><a title=\"Permalink to La justicia por el pasado \u00bfqu\u00e9 m\u00e1s tocar\u00e1?\" href=\"http:\/\/www.eloriente.net\/home\/2014\/07\/18\/la-justicia-por-el-pasado-que-mas-tocara\/\" rel=\"bookmark\">La justicia por el pasado \u00bfqu\u00e9 m\u00e1s tocar\u00e1?<\/a><\/p>\n<p><a href=\"http:\/\/www.eloriente.net\/home\/2014\/07\/18\/la-justicia-por-el-pasado-que-mas-tocara\/\" rel=\"bookmark\"><img decoding=\"async\" src=\"http:\/\/www.eloriente.net\/home\/wp-content\/themes\/city-desk\/timthumb.php?src=http%3A%2F%2Fwww.eloriente.net%2Fhome%2Fwp-content%2Fuploads%2F2014%2F06%2FPalacio-Gobierno-Oaxaca-Por-Lucy-Nieto.jpg&amp;q=90&amp;w=160&amp;h=106&amp;zc=1\" alt=\"La justicia por el pasado \u00bfqu\u00e9 m\u00e1s tocar\u00e1?\" \/><\/a><\/p>\n<p>eloriente.net 18\/julio\/2014 Por: Adri\u00e1n Ort\u00edz Romero La justicia por el pasado \u00bfqu\u00e9 m\u00e1s tocar\u00e1? Lorenzo San Pablo, oculto crimen de Estado Est\u00e1n equivocados quienes dan por hecho que con el encarcelamiento de Bulmaro Rito Salinas se est\u00e1 haciendo justicia respecto a los hechos delictivos del pasado reciente en Oaxaca. La captura de Rito es, a [&#8230;]<\/p>\n<p>July 18, 2014<\/p>\n<div>\n<p><a title=\"Permalink to Federaci\u00f3n, sin prisa por armonizaci\u00f3n educativa\" href=\"http:\/\/www.eloriente.net\/home\/2014\/07\/16\/federacion-sin-prisa-por-armonizacion-educativa\/\" rel=\"bookmark\">Federaci\u00f3n, sin prisa por armonizaci\u00f3n educativa<\/a><\/p>\n<p><a href=\"http:\/\/www.eloriente.net\/home\/2014\/07\/16\/federacion-sin-prisa-por-armonizacion-educativa\/\" rel=\"bookmark\"><img decoding=\"async\" src=\"http:\/\/www.eloriente.net\/home\/wp-content\/themes\/city-desk\/timthumb.php?src=http%3A%2F%2Fwww.eloriente.net%2Fhome%2Fwp-content%2Fuploads%2F2014%2F04%2FMarcha-Contra-la-Reforma-Laboral-Por-Secci%C3%B3n-22.jpg&amp;q=90&amp;w=160&amp;h=106&amp;zc=1\" alt=\"Federaci\u00f3n, sin prisa por armonizaci\u00f3n educativa\" \/><\/a><\/p>\n<p>eloriente.net 16\/julio\/2014 Por: Adri\u00e1n Ort\u00edz Romero Federaci\u00f3n, sin prisa por armonizaci\u00f3n educativa Jerarqu\u00eda entre \u00e1mbitos de gobierno, determinante El proceso de armonizaci\u00f3n de la legislaci\u00f3n educativa estatal con la federal es importante para Oaxaca y para la federaci\u00f3n por las implicaciones pol\u00edticas que tiene, pero no por las legales. Aunque en el \u00e1mbito pol\u00edtico, Oaxaca [&#8230;]<\/p>\n<p>July 16, 2014<\/p>\n<\/div>\n<div>\n<p><a title=\"Permalink to Telecomunicaciones, vitales para M\u00e9xico de hoy\" href=\"http:\/\/www.eloriente.net\/home\/2014\/07\/14\/telecomunicaciones-vitales-para-mexico-de-hoy\/\" rel=\"bookmark\">Telecomunicaciones, vitales para M\u00e9xico de hoy<\/a><\/p>\n<p><a href=\"http:\/\/www.eloriente.net\/home\/2014\/07\/14\/telecomunicaciones-vitales-para-mexico-de-hoy\/\" rel=\"bookmark\"><img decoding=\"async\" src=\"http:\/\/www.eloriente.net\/home\/wp-content\/themes\/city-desk\/timthumb.php?src=http%3A%2F%2Fwww.eloriente.net%2Fhome%2Fwp-content%2Fuploads%2F2014%2F07%2FReforma-en-telecomunicaciones-Por-presidencia-e1404435705782.jpg&amp;q=90&amp;w=160&amp;h=106&amp;zc=1\" alt=\"Telecomunicaciones, vitales para M\u00e9xico de hoy\" \/><\/a><\/p>\n<p>eloriente.net 14\/julio\/2014 Por: Adri\u00e1n Ort\u00edz Romero Telecomunicaciones, vitales para M\u00e9xico de hoy Cambios legales, un triunfo para la ciudadan\u00eda En la \u00faltima semana hemos escuchado un n\u00famero incesante de patra\u00f1as respecto a la nueva reglamentaci\u00f3n en el \u00e1mbito de las telecomunicaciones en el pa\u00eds. Frente a las decisiones tomadas por diputados y senadores respecto a [&#8230;]<\/p>\n<p>July 14, 2014<\/p>\n<\/div>\n\n\t\t\t  <div \n\t\t\t  \tclass = \"fb-comments\" \n\t\t\t  \tdata-href = \"http:\/\/www.eloriente.net\/home\/2014\/07\/21\/guelaguetza-de-todos-modos-los-ciudadanos-pagamos\/\"\n\t\t\t  \tdata-numposts = \"10\"\n\t\t\t\tdata-colorscheme = \"dark\"\n\t\t\t\tdata-order-by = \"social\"\n\t\t\t\tdata-mobile=true>\n\t\t\t  <\/div>\n\t\t  <style>\n\t\t\t.fb_iframe_widget_fluid_desktop iframe {\n\t\t\t    width: 100% !important;\n\t\t\t}\n\t\t  <\/style>\n\t\t  ","protected":false},"excerpt":{"rendered":"<p>eloriente.net 21\/julio\/2014 Por: Adri\u00e1n Ort\u00edz Romero Guelaguetza: de todos modos los ciudadanos pagamos Guelaguetza oficial vs la magisterial: dos de lo mismo Por noveno a\u00f1o consecutivo, la Secci\u00f3n 22 del SNTE presenta su propia edici\u00f3n de la fiesta de la Guelaguetza, en un intento por convencer a la ciudadan\u00eda de que ese es un esfuerzo [&hellip;]<\/p>\n","protected":false},"author":2,"featured_media":29873,"comment_status":"open","ping_status":"open","sticky":false,"template":"","format":"standard","meta":{"_jetpack_memberships_contains_paid_content":false,"footnotes":""},"categories":[38,11,18,32,63,10,464,21],"tags":[241,252,320,1250,1681,427,374],"class_list":["post-29872","post","type-post","status-publish","format-standard","has-post-thumbnail","hentry","category-adrian-ortiz-romero","category-colaboradores","category-educacion-y-cultura","category-entradas","category-estados","category-lo-mas-reciente","category-oaxaca-estados","category-politica-y-gobierno","tag-cultura","tag-economia","tag-financiamiento","tag-guelaguetza","tag-lunes-del-cerro","tag-magisterio","tag-seccion-22"],"jetpack_featured_media_url":"http:\/\/www.eloriente.net\/home\/wp-content\/uploads\/2014\/07\/Guelaguetza-Popular-2012-Por-guerillagrrl.jpg","jetpack_sharing_enabled":true,"_links":{"self":[{"href":"http:\/\/www.eloriente.net\/home\/wp-json\/wp\/v2\/posts\/29872"}],"collection":[{"href":"http:\/\/www.eloriente.net\/home\/wp-json\/wp\/v2\/posts"}],"about":[{"href":"http:\/\/www.eloriente.net\/home\/wp-json\/wp\/v2\/types\/post"}],"author":[{"embeddable":true,"href":"http:\/\/www.eloriente.net\/home\/wp-json\/wp\/v2\/users\/2"}],"replies":[{"embeddable":true,"href":"http:\/\/www.eloriente.net\/home\/wp-json\/wp\/v2\/comments?post=29872"}],"version-history":[{"count":3,"href":"http:\/\/www.eloriente.net\/home\/wp-json\/wp\/v2\/posts\/29872\/revisions"}],"predecessor-version":[{"id":29876,"href":"http:\/\/www.eloriente.net\/home\/wp-json\/wp\/v2\/posts\/29872\/revisions\/29876"}],"wp:featuredmedia":[{"embeddable":true,"href":"http:\/\/www.eloriente.net\/home\/wp-json\/wp\/v2\/media\/29873"}],"wp:attachment":[{"href":"http:\/\/www.eloriente.net\/home\/wp-json\/wp\/v2\/media?parent=29872"}],"wp:term":[{"taxonomy":"category","embeddable":true,"href":"http:\/\/www.eloriente.net\/home\/wp-json\/wp\/v2\/categories?post=29872"},{"taxonomy":"post_tag","embeddable":true,"href":"http:\/\/www.eloriente.net\/home\/wp-json\/wp\/v2\/tags?post=29872"}],"curies":[{"name":"wp","href":"https:\/\/api.w.org\/{rel}","templated":true}]}}