{"id":29894,"date":"2014-07-22T10:25:56","date_gmt":"2014-07-22T16:25:56","guid":{"rendered":"http:\/\/www.eloriente.net\/home\/?p=29894"},"modified":"2014-07-22T18:22:06","modified_gmt":"2014-07-23T00:22:06","slug":"ingresa-al-servicio-diplomatico-y-consular-de-mexico-en-el-extranjero","status":"publish","type":"post","link":"http:\/\/www.eloriente.net\/home\/2014\/07\/22\/ingresa-al-servicio-diplomatico-y-consular-de-mexico-en-el-extranjero\/","title":{"rendered":"Ingresa al servicio diplom\u00e1tico y consular de M\u00e9xico en el extranjero"},"content":{"rendered":"<p>eloriente.net<\/p>\n<p>22\/julio\/2014<\/p>\n<p>Con la finalidad de reclutar gente con capacidad, aptitudes y preparaci\u00f3n para representar a M\u00e9xico a trav\u00e9s del servicio diplom\u00e1tico y consular en el extranjero,\u00a0la Secretar\u00eda de Relaciones Exteriores (SRE), convoca a j\u00f3venes profesionales\u00a0en el \u00e1rea de relaciones internacionales a participar en el Concurso P\u00fablico General de Ingreso a la rama Diplom\u00e1tico-Consular del Servicio Exterior Mexicano 2014.<\/p>\n<p>Seg\u00fan la convocatoria publicada el 18 de julio de 2014, este concurso est\u00e1 dirigido a ciudadanos con altos conocimientos sobre las potencialidades en pol\u00edtica, econom\u00eda y de cooperaci\u00f3n del pa\u00eds para proyectarlas en el exterior. Asimismo, deber\u00e1n tener la capacidad de adaptarse a ambientes cambiantes; de atender situaciones complejas y de crisis;\u00a0de resoluci\u00f3n de problemas; y amplia facilidad para expresarse oralmente y por escrito en espa\u00f1ol y en los idiomas extranjeros requeridos.<\/p>\n<p>De acuerdo con la (SRE), quienes ingresen al Servicio Exterior Mexicano estar\u00e1n dispuestos a desarrollar cualquier actividad requerida en las embajadas y consulados de M\u00e9xico, incluyendo los lugares considerados de vida dif\u00edcil.<\/p>\n<p>Los interesados en aplicar deber\u00e1n ser de nacionalidad mexicana por nacimiento y\u00a0estar en pleno ejercicio de sus derechos civiles y\u00a0pol\u00edticos; quienes sean considerados al mismo\u00a0tiempo por otro estado como sus nacionales\u00a0deber\u00e1n presentar un\u00a0documento de renuncia de la otra nacionalidad. Tambi\u00e9n deber\u00e1n ser menores de 30 a\u00f1os de edad a la fecha de publicaci\u00f3n de la convocatoria; se podr\u00e1 otorgar una dispensa de este requisito a los aspirantes con m\u00e1ximo 35 a\u00f1os que cuenten con estudios de posgrado o con una experiencia laboral relevante en el \u00e1mbito internacional.<\/p>\n<p>Adem\u00e1s, se deber\u00e1n comprobar tener buenos antecedentes; contar con aptitud f\u00edsica y mental para el desempe\u00f1o de las funciones del Servicio Exterior; no pertenecer al estado eclesi\u00e1stico ni ser ministro de alg\u00fan culto; y tener por lo menos el grado acad\u00e9mico de licenciatura por una universidad o instituci\u00f3n de ense\u00f1anza superior mexicana o extranjera.<\/p>\n<p>Para participar en el concurso, deber\u00e1n llenar una solicitud de inscripci\u00f3n, dando click en la siguiente <a href=\"http:\/\/ingresosem.sre.gob.mx\/registro\/diplomatico\" target=\"_blank\">liga de enlace<\/a>\u00a0a partir del lunes 21 de julio a las 9:15 am y antes del viernes 1 de agosto de 2014 a las 11:30 am, tiempo de M\u00e9xico, Distrito Federal.<\/p>\n<p>El d\u00eda lunes 11 de agosto de 2014 se publicar\u00e1 la lista de aspirantes que hayan cumplido con todos los requisitos. Dicha publicaci\u00f3n se har\u00e1 en el portal de internet <a href=\"http:\/\/www.sre.gob.mx\" target=\"_blank\">www.sre.gob.mx<\/a> de la Secretar\u00eda de Relaciones Exteriores. Los aspirantes cuyos nombres aparezcan en la lista deber\u00e1n entregar entre el 13 y 26 de agosto de 2014\u00a0una serie de documentos entre los que destacan solicitud de inscripci\u00f3n, acta de nacimiento, solicitud de dispensa de edad si aplica, curr\u00edculum vitae, carta de recomendaci\u00f3n, original y copia de t\u00edtulo profesional, c\u00e9dula profesional o documento que acredite estudios universitarios y de posgrado en M\u00e9xico o el extranjero.<\/p>\n<p>El d\u00eda 20 de agosto de 2014 se publicar\u00e1 de la lista de las personas que cumplieron satisfactoriamente la revisi\u00f3n curricular, quienes tendr\u00e1n derecho a pasar a la siguiente etapa eliminatoria.<\/p>\n<p>En un primera etapa (de tres) se aplicar\u00e1n ex\u00e1menes de cultura general, espa\u00f1ol, dominio del ingl\u00e9s y de traducci\u00f3n a un idioma extranjero como\u00a0alem\u00e1n, \u00e1rabe, chino, franc\u00e9s, japon\u00e9s o ruso. El viernes 5 de diciembre de 2014 se dar\u00e1n a conocer los aspirantes que aprueben esta fase.<\/p>\n<p>Posteriormente, los candidatos se someter\u00e1n a entrevistas de trabajo, pruebas psicol\u00f3gicas y a un examen oral del idioma ingl\u00e9s; y\u00a0elaborar\u00e1n un ensayo sobre un tema de actualidad en pol\u00edtica exterior. Los concursantes aprobados ser\u00e1n notificados el d\u00eda jueves 12 de febrero de 2015.<\/p>\n<p>En una \u00faltima etapa, los participantes deber\u00e1n presentar un examen m\u00e9dico, un curso de formaci\u00f3n diplom\u00e1tica en el Instituto Mat\u00edas Romero y un periodo de experiencia pr\u00e1ctica en la Secretar\u00eda de Relaciones Exteriores entre febrero y agosto de 2015. Quienes participen en el curso y en las pr\u00e1cticas ser\u00e1n considerados como becarios de la SRE, recibiendo un monto mensual de 13,825 pesos.<\/p>\n<p>Finalmente, quienes aprueben la tercera fase ser\u00e1n nombrados con el rango de Agregado Diplom\u00e1tico de nuevo ingreso y deber\u00e1n rendir protesta de lealtad y servicio ante el titular de la SRE.<\/p>\n<p>Consulta la convocatoria completa, calendario de actividades, instrucciones para el llenado de la solicitud y la aplicaci\u00f3n en l\u00ednea, dando click a la siguiente <a href=\"http:\/\/ingresosem.sre.gob.mx\/\" target=\"_blank\">liga de enlace<\/a>.<\/p>\n<p>&nbsp;<\/p>\n<p><a href=\"http:\/\/www.eloriente.net\/home\/wp-content\/uploads\/2014\/07\/Embajada-Por-RYANISLAND.jpg\"><img loading=\"lazy\" decoding=\"async\" class=\"alignnone size-medium wp-image-29899\" title=\"Embajada-Por RYANISLAND\" src=\"http:\/\/www.eloriente.net\/home\/wp-content\/uploads\/2014\/07\/Embajada-Por-RYANISLAND-300x225.jpg\" alt=\"\" width=\"300\" height=\"225\" srcset=\"http:\/\/www.eloriente.net\/home\/wp-content\/uploads\/2014\/07\/Embajada-Por-RYANISLAND-300x225.jpg 300w, http:\/\/www.eloriente.net\/home\/wp-content\/uploads\/2014\/07\/Embajada-Por-RYANISLAND.jpg 1024w\" sizes=\"(max-width: 300px) 100vw, 300px\" \/><\/a><\/p>\n<p>Foto:\u00a0<a href=\"https:\/\/www.flickr.com\/photos\/ryanisland\/\">RYANISLAND<\/a><\/p>\n<p>&nbsp;<\/p>\n<p><strong>Entradas relacionadas:<\/strong><\/p>\n<p><a title=\"Permalink to Una vacante en ventas y cuatro para laborar en Canad\u00e1 #MartesdeVacantes\" href=\"http:\/\/www.eloriente.net\/home\/2014\/07\/22\/una-vacante-en-comunicacion-y-cuatro-para-laborar-en-canada-martesdevacantes\/\" rel=\"bookmark\">Una vacante en ventas y cuatro para laborar en Canad\u00e1 #MartesdeVacantes<\/a><\/p>\n<p><a href=\"http:\/\/www.eloriente.net\/home\/2014\/07\/22\/una-vacante-en-comunicacion-y-cuatro-para-laborar-en-canada-martesdevacantes\/\" rel=\"bookmark\"><img decoding=\"async\" title=\"Una vacante en ventas y cuatro para laborar en Canad\u00e1 #MartesdeVacantes\" src=\"http:\/\/www.eloriente.net\/home\/wp-content\/themes\/city-desk\/timthumb.php?src=http%3A%2F%2Fwww.eloriente.net%2Fhome%2Fwp-content%2Fuploads%2F2014%2F05%2Fmartes-de-vacantes.jpg&amp;q=90&amp;w=160&amp;h=106&amp;zc=1\" alt=\"Una vacante en ventas y cuatro para laborar en Canad\u00e1 #MartesdeVacantes\" \/><\/a><\/p>\n<p>eloriente.net 22\/julio\/2014 Conscientes de la importancia para la ciudadan\u00eda en general de la b\u00fasqueda de nuevas oportunidades de crecimiento profesional, ponemos a tu disposici\u00f3n semanalmente ofertas de empleo disponibles en la ciudad de Oaxaca de Ju\u00e1rez, municipios conurbados y en regiones al interior del estado. Este martes, ELORIENTE.NET comparte una oferta en comunicaci\u00f3n y por [&#8230;]<\/p>\n<p>July 22, 2014<\/p>\n<p><a title=\"Permalink to Disponibles 500 becas universitarias para estudiar en Puebla\" href=\"http:\/\/www.eloriente.net\/home\/2014\/07\/21\/destinaran-9-mdp-para-becas-universitarias-en-oaxaca\/\" rel=\"bookmark\">Disponibles 500 becas universitarias para estudiar en Puebla<\/a><\/p>\n<p><a href=\"http:\/\/www.eloriente.net\/home\/2014\/07\/21\/destinaran-9-mdp-para-becas-universitarias-en-oaxaca\/\" rel=\"bookmark\"><img decoding=\"async\" title=\"Disponibles 500 becas universitarias para estudiar en Puebla\" src=\"http:\/\/www.eloriente.net\/home\/wp-content\/themes\/city-desk\/timthumb.php?src=http%3A%2F%2Fwww.eloriente.net%2Fhome%2Fwp-content%2Fuploads%2F2014%2F07%2FBecas-Por-Congreso.jpg&amp;q=90&amp;w=160&amp;h=106&amp;zc=1\" alt=\"Disponibles 500 becas universitarias para estudiar en Puebla\" \/><\/a><\/p>\n<p>eloriente.net\/Congreso del Estado 21\/julio\/2014 El Presidente de la Comisi\u00f3n Permanente de Cultura de la LXII Legislatura del Estado de Oaxaca, diputado Rafael Armando Arellanes Caballero, se reuni\u00f3 con la Red de Organizaciones de la Sociedad Civil del Sureste, quienes visitaron el estado de Oaxaca para promover la entrega de 500 becas a estudiantes oaxaque\u00f1os del [&#8230;]<\/p>\n<p>July 21, 2014<\/p>\n<p><a title=\"Permalink to Convocan al Premio Nacional de Ciencias y Artes\" href=\"http:\/\/www.eloriente.net\/home\/2014\/07\/12\/convocan-al-premio-nacional-de-ciencias-y-artes\/\" rel=\"bookmark\">Convocan al Premio Nacional de Ciencias y Artes<\/a><\/p>\n<p><a href=\"http:\/\/www.eloriente.net\/home\/2014\/07\/12\/convocan-al-premio-nacional-de-ciencias-y-artes\/\" rel=\"bookmark\"><img decoding=\"async\" title=\"Convocan al Premio Nacional de Ciencias y Artes\" src=\"http:\/\/www.eloriente.net\/home\/wp-content\/themes\/city-desk\/timthumb.php?src=http%3A%2F%2Fwww.eloriente.net%2Fhome%2Fwp-content%2Fuploads%2F2014%2F07%2FNarciso-Lico-EPN-Por-Presidencia.jpg&amp;q=90&amp;w=160&amp;h=106&amp;zc=1\" alt=\"Convocan al Premio Nacional de Ciencias y Artes\" \/><\/a><\/p>\n<p>eloriente.net 12\/junio\/2014 Abierta la recepci\u00f3n de candidaturas al Premio Nacional de Ciencias y Artes 2014. El gobierno de la Rep\u00fablica, a trav\u00e9s de la Secretar\u00eda de Educaci\u00f3n P\u00fablica, convoca a instituciones y agrupaciones mexicanas a proponer candidaturas al Premio Nacional de Ciencias y Artes 2014. Podr\u00e1n ser galardonados, personas, comunidades o grupos que hayan realizado [&#8230;]<\/p>\n<p>July 12, 2014<\/p>\n\n\t\t\t  <div \n\t\t\t  \tclass = \"fb-comments\" \n\t\t\t  \tdata-href = \"http:\/\/www.eloriente.net\/home\/2014\/07\/22\/ingresa-al-servicio-diplomatico-y-consular-de-mexico-en-el-extranjero\/\"\n\t\t\t  \tdata-numposts = \"10\"\n\t\t\t\tdata-colorscheme = \"dark\"\n\t\t\t\tdata-order-by = \"social\"\n\t\t\t\tdata-mobile=true>\n\t\t\t  <\/div>\n\t\t  <style>\n\t\t\t.fb_iframe_widget_fluid_desktop iframe {\n\t\t\t    width: 100% !important;\n\t\t\t}\n\t\t  <\/style>\n\t\t  ","protected":false},"excerpt":{"rendered":"<p>eloriente.net 22\/julio\/2014 Con la finalidad de reclutar gente con capacidad, aptitudes y preparaci\u00f3n para representar a M\u00e9xico a trav\u00e9s del servicio diplom\u00e1tico y consular en el extranjero,\u00a0la Secretar\u00eda de Relaciones Exteriores (SRE), convoca a j\u00f3venes profesionales\u00a0en el \u00e1rea de relaciones internacionales a participar en el Concurso P\u00fablico General de Ingreso a la rama Diplom\u00e1tico-Consular del [&hellip;]<\/p>\n","protected":false},"author":26,"featured_media":29899,"comment_status":"open","ping_status":"open","sticky":false,"template":"","format":"standard","meta":{"_jetpack_memberships_contains_paid_content":false,"footnotes":""},"categories":[26,18,32,13,24,21,84],"tags":[2039,997,2038,2040,141,2041,889],"class_list":["post-29894","post","type-post","status-publish","format-standard","has-post-thumbnail","hentry","category-convocatorias","category-educacion-y-cultura","category-entradas","category-especiales","category-mexico-y-el-mundo","category-politica-y-gobierno","category-universidades","tag-consulados","tag-convocatoria","tag-embajadas","tag-exterior","tag-mexico","tag-sre","tag-vacantes"],"jetpack_featured_media_url":"http:\/\/www.eloriente.net\/home\/wp-content\/uploads\/2014\/07\/Embajada-Por-RYANISLAND.jpg","jetpack_sharing_enabled":true,"_links":{"self":[{"href":"http:\/\/www.eloriente.net\/home\/wp-json\/wp\/v2\/posts\/29894"}],"collection":[{"href":"http:\/\/www.eloriente.net\/home\/wp-json\/wp\/v2\/posts"}],"about":[{"href":"http:\/\/www.eloriente.net\/home\/wp-json\/wp\/v2\/types\/post"}],"author":[{"embeddable":true,"href":"http:\/\/www.eloriente.net\/home\/wp-json\/wp\/v2\/users\/26"}],"replies":[{"embeddable":true,"href":"http:\/\/www.eloriente.net\/home\/wp-json\/wp\/v2\/comments?post=29894"}],"version-history":[{"count":10,"href":"http:\/\/www.eloriente.net\/home\/wp-json\/wp\/v2\/posts\/29894\/revisions"}],"predecessor-version":[{"id":29913,"href":"http:\/\/www.eloriente.net\/home\/wp-json\/wp\/v2\/posts\/29894\/revisions\/29913"}],"wp:featuredmedia":[{"embeddable":true,"href":"http:\/\/www.eloriente.net\/home\/wp-json\/wp\/v2\/media\/29899"}],"wp:attachment":[{"href":"http:\/\/www.eloriente.net\/home\/wp-json\/wp\/v2\/media?parent=29894"}],"wp:term":[{"taxonomy":"category","embeddable":true,"href":"http:\/\/www.eloriente.net\/home\/wp-json\/wp\/v2\/categories?post=29894"},{"taxonomy":"post_tag","embeddable":true,"href":"http:\/\/www.eloriente.net\/home\/wp-json\/wp\/v2\/tags?post=29894"}],"curies":[{"name":"wp","href":"https:\/\/api.w.org\/{rel}","templated":true}]}}