{"id":29907,"date":"2014-07-22T11:19:06","date_gmt":"2014-07-22T17:19:06","guid":{"rendered":"http:\/\/www.eloriente.net\/home\/?p=29907"},"modified":"2014-07-22T13:25:55","modified_gmt":"2014-07-22T19:25:55","slug":"buscan-erradicar-mutilacion-genital-fememina-y-matrimonio-infantil","status":"publish","type":"post","link":"http:\/\/www.eloriente.net\/home\/2014\/07\/22\/buscan-erradicar-mutilacion-genital-fememina-y-matrimonio-infantil\/","title":{"rendered":"Buscan erradicar mutilaci\u00f3n genital femenina y matrimonio infantil"},"content":{"rendered":"<p>eloriente.net\/<a href=\"http:\/\/www.unicef.org\/spanish\/\" target=\"_blank\">Unicef<\/a><\/p>\n<p>22\/julio\/2014<\/p>\n<p><strong>No hay tiempo que perder: Datos recientes de UNICEF demuestran la necesidad de tomar medidas urgentes contra la mutilaci\u00f3n genital femenina y el matrimonio infantil<\/strong><\/p>\n<p>El Gobierno del Reino Unido y UNICEF acogen hoy la primera Reuni\u00f3n Cumbre sobre las Ni\u00f1as, con el objetivo de cosechar el apoyo que permita eliminar m\u00e1s r\u00e1pidamente la mutilaci\u00f3n genital femenina y el matrimonio infantil, dos pr\u00e1cticas que afectan a millones de ni\u00f1as en todo el mundo.<\/p>\n<p>Los datos dados a conocer hoy por UNICEF demuestran que pese a que en las \u00faltimas tres d\u00e9cadas se ha producido una leve disminuci\u00f3n de la prevalencia de esas pr\u00e1cticas, solamente para compensar los efectos del crecimiento de la poblaci\u00f3n, en los pa\u00edses donde esas pr\u00e1cticas son m\u00e1s frecuentes ser\u00e1 necesario acelerar notablemente el avance hacia esa meta.<\/p>\n<p>\u201cLa mutilaci\u00f3n genital femenina y el matrimonio infantil perjudican a las ni\u00f1as de manera profunda y permanente, y les privan de su derecho a tomar sus propias decisiones y a desarrollar plenamente su potencial. Se trata de pr\u00e1cticas que van en detrimento de las ni\u00f1as, de sus familias y de sus sociedades\u00bb, afirm\u00f3 Anthony Lake, Director Ejecutivo de UNICEF. \u00abLas ni\u00f1as no son propiedad de nadie. Tienen derecho a decidir su propio destino. Y cuando pueden hacerlo, nos beneficiamos todos\u00bb.<\/p>\n<p>Los datos dados a conocer hoy indican que:<\/p>\n<p>&#8211; M\u00e1s de 130 millones de ni\u00f1as y mujeres han sufrido alguna forma de mutilaci\u00f3n genital femenina en los 29 pa\u00edses de \u00c1frica y Oriente Medio en los que esas pr\u00e1cticas perjudiciales son m\u00e1s comunes. Adem\u00e1s del profundo dolor f\u00edsico y psicol\u00f3gico que sufren, las ni\u00f1as a las que se somete a mutilaci\u00f3n genital femenina corren peligro de hemorragias prolongadas, infecciones, infecundidad y muerte.<\/p>\n<p>&#8211; El matrimonio infantil es a\u00fan m\u00e1s com\u00fan que la mutilaci\u00f3n genital femenina y puede ser causa de desventajas y privaciones de por vida. A nivel mundial, m\u00e1s de 700 millones de mujeres han contra\u00eddo matrimonio cuando eran ni\u00f1as. De ellas, m\u00e1s de una de cada tres (unos 250 millones de mujeres) se casaron antes de cumplir 15 a\u00f1os. Las ni\u00f1as que contraen matrimonio antes de los 18 a\u00f1os tienen m\u00e1s probabilidades de abandonar sus estudios y ser objeto de violencia dom\u00e9stica. Las adolescentes m\u00e1s j\u00f3venes corren mayor peligro de muerte debido a las complicaciones del embarazo y el alumbramiento que las mayores de 20 a\u00f1os, y sus hijos tienen m\u00e1s probabilidades de nacer muertos o de fallecer durante su primer mes de vida.<\/p>\n<p>&#8211; Como promedio, una adolescente actual tiene una tercera parte menos de probabilidades de sufrir mutilaci\u00f3n o ablaci\u00f3n genital que hace 30 a\u00f1os. En Kenya y Tanzania, las tasas de esas pr\u00e1cticas se han reducido a una tercera parte de los niveles de hace tres d\u00e9cadas. Eso se logr\u00f3 mediante una combinaci\u00f3n de movilizaci\u00f3n comunitaria y aprobaci\u00f3n y aplicaci\u00f3n de normas judiciales. En la Rep\u00fablica Centroafricana, Irak, Liberia y Nigeria, la prevalencia se redujo a la mitad. Tambi\u00e9n se est\u00e1 produciendo un cambio de actitudes, ya que los datos recientes indican que la mayor parte de la poblaci\u00f3n de los pa\u00edses donde se practica la mutilaci\u00f3n genital femenina cree que \u00e9sta deber\u00eda desaparecer. A pesar de ello, y debido a la intensa presi\u00f3n social, la mayor\u00eda de esas personas contin\u00faa obligando a sus hijas a someterse a esas intervenciones.<\/p>\n<p>&#8211; Sin embargo, de no producirse acciones m\u00e1s intensas y sostenidas por parte de todos los componentes de la sociedad, cientos de millones de ni\u00f1as seguir\u00e1n sufriendo da\u00f1os profundos, permanentes y absolutamente innecesarios.<\/p>\n<ul>\n<li>De mantenerse las mismas tasas de disminuci\u00f3n de esas pr\u00e1cticas peligrosas, el mero crecimiento demogr\u00e1fico determinar\u00e1 que el n\u00famero de mujeres casadas en la infancia (m\u00e1s de 700 millones) se mantendr\u00e1 al mismo nivel hasta 2050, y que el n\u00famero de ni\u00f1as sometidas a mutilaci\u00f3n\/ablaci\u00f3n aumentar\u00e1 en 63 millones en ese mismo lapso.<\/li>\n<li>Si logr\u00e1ramos duplicar la tasa de reducci\u00f3n, podr\u00edamos lograr que el n\u00famero de mujeres que contrajeron matrimonio siendo ni\u00f1as disminuyera a 570 millones para 2030 y a 450 millones para 2050. El n\u00famero de ni\u00f1as y mujeres afectadas por la mutilaci\u00f3n y ablaci\u00f3n genital femenina (m\u00e1s de 130 millones) se mantendr\u00eda aproximadamente en los niveles actuales.<\/li>\n<\/ul>\n<p>\u201cLos datos estad\u00edsticos nos indican que debemos redoblar nuestros esfuerzos. No olvidemos que esas cifras representan vidas reales. Pese a que se trata de problemas de magnitud mundial, las soluciones deben tener car\u00e1cter local, y las comunidades, las familias y las propias ni\u00f1as deben impulsar las respuestas a fin de modificar las actitudes e interrumpir los ciclos que perpet\u00faan la mutilaci\u00f3n y ablaci\u00f3n genital femenina y el matrimonio infantil\u00bb, se\u00f1al\u00f3 el Sr. Lake. \u00abNo podemos dejar que estas estad\u00edsticas nos apabullen, sino que deben servir para impulsarnos a la acci\u00f3n\u00bb.<\/p>\n<p>&nbsp;<\/p>\n<p><a href=\"http:\/\/www.eloriente.net\/home\/wp-content\/uploads\/2014\/07\/Ni\u00f1a-sombra-Unicef.jpg\"><img loading=\"lazy\" decoding=\"async\" class=\"alignnone size-medium wp-image-29908\" title=\"Ni\u00f1a-sombra-Unicef\" src=\"http:\/\/www.eloriente.net\/home\/wp-content\/uploads\/2014\/07\/Ni\u00f1a-sombra-Unicef-300x199.jpg\" alt=\"\" width=\"300\" height=\"199\" srcset=\"http:\/\/www.eloriente.net\/home\/wp-content\/uploads\/2014\/07\/Ni\u00f1a-sombra-Unicef-300x199.jpg 300w, http:\/\/www.eloriente.net\/home\/wp-content\/uploads\/2014\/07\/Ni\u00f1a-sombra-Unicef-1024x681.jpg 1024w\" sizes=\"(max-width: 300px) 100vw, 300px\" \/><\/a><\/p>\n<p>Foto: Unicef<\/p>\n<p>&nbsp;<\/p>\n<p><strong>Entradas relacionadas:<\/strong><\/p>\n<p><a title=\"Permalink to Los j\u00f3venes y la movilidad urbana sustentable\" href=\"http:\/\/www.eloriente.net\/home\/2014\/07\/17\/los-jovenes-y-la-movilidad-urbana-sustentable\/\" rel=\"bookmark\">Los j\u00f3venes y la movilidad urbana sustentable<\/a><\/p>\n<p><a href=\"http:\/\/www.eloriente.net\/home\/2014\/07\/17\/los-jovenes-y-la-movilidad-urbana-sustentable\/\" rel=\"bookmark\"><img decoding=\"async\" title=\"Los j\u00f3venes y la movilidad urbana sustentable\" src=\"http:\/\/www.eloriente.net\/home\/wp-content\/themes\/city-desk\/timthumb.php?src=http%3A%2F%2Fwww.eloriente.net%2Fhome%2Fwp-content%2Fuploads%2F2014%2F07%2FEcobici-Por-M.-le-Chat.jpg&amp;q=90&amp;w=160&amp;h=106&amp;zc=1\" alt=\"Los j\u00f3venes y la movilidad urbana sustentable\" \/><\/a><\/p>\n<p>eloriente.net 17\/julio\/2014 Por: Alejandra Silva Soriano En M\u00e9xico, d\u00eda a d\u00eda las ciudades van creciendo y con ello, los problemas que encierra el aumento poblacional se van volviendo m\u00e1s complejos, sobre todo, en un tema que en los \u00faltimos a\u00f1os ha cobrado especial importancia: la movilidad y el desarrollo urbano. Situaciones diarias como el tr\u00e1fico, [&#8230;]<\/p>\n<p>July 17, 2014<\/p>\n<p><a title=\"Permalink to Emite OMS recomendaciones para evitar obesidad infantil\" href=\"http:\/\/www.eloriente.net\/home\/2014\/07\/15\/emite-oms-recomendaciones-para-evitar-obesidad-infantil\/\" rel=\"bookmark\">Emite OMS recomendaciones para evitar obesidad infantil<\/a><\/p>\n<p><a href=\"http:\/\/www.eloriente.net\/home\/2014\/07\/15\/emite-oms-recomendaciones-para-evitar-obesidad-infantil\/\" rel=\"bookmark\"><img decoding=\"async\" title=\"Emite OMS recomendaciones para evitar obesidad infantil\" src=\"http:\/\/www.eloriente.net\/home\/wp-content\/themes\/city-desk\/timthumb.php?src=http%3A%2F%2Fwww.eloriente.net%2Fhome%2Fwp-content%2Fuploads%2F2014%2F07%2FBicicleta-Gonmi.jpg&amp;q=90&amp;w=160&amp;h=106&amp;zc=1\" alt=\"Emite OMS recomendaciones para evitar obesidad infantil\" \/><\/a><\/p>\n<p>eloriente.net 15\/julio\/2014 \u201cLa obesidad infantil es uno de los problemas de salud p\u00fablica m\u00e1s graves del siglo XXI.\u00a0Se calcula que en 2010 hay 42 millones de ni\u00f1os con sobrepeso en todo el mundo, de los que cerca de 35 millones viven en pa\u00edses en desarrollo\u201d, dio a conocer la Organizaci\u00f3n Mundial de la Salud (OMS). [&#8230;]<\/p>\n<p>July 15, 2014<\/p>\n<p><a title=\"Permalink to \u00bfQu\u00e9 es Una luz m\u00e1s en Oaxaca?\" href=\"http:\/\/www.eloriente.net\/home\/2014\/07\/03\/que-es-una-luz-mas-en-oaxaca\/\" rel=\"bookmark\">\u00bfQu\u00e9 es Una luz m\u00e1s en Oaxaca?<\/a><\/p>\n<p><a href=\"http:\/\/www.eloriente.net\/home\/2014\/07\/03\/que-es-una-luz-mas-en-oaxaca\/\" rel=\"bookmark\"><img decoding=\"async\" title=\"\u00bfQu\u00e9 es Una luz m\u00e1s en Oaxaca?\" src=\"http:\/\/www.eloriente.net\/home\/wp-content\/themes\/city-desk\/timthumb.php?src=http%3A%2F%2Fwww.eloriente.net%2Fhome%2Fwp-content%2Fuploads%2F2014%2F07%2FUna-luz-m%C3%A1s-en-Oaxaca.jpg&amp;q=90&amp;w=160&amp;h=106&amp;zc=1\" alt=\"\u00bfQu\u00e9 es Una luz m\u00e1s en Oaxaca?\" \/><\/a><\/p>\n<p>eloriente.net 3\/julio\/2014 Por: Alejandra Silva Soriano Hace ya cinco a\u00f1os y medio iniciamos con un sue\u00f1o: impulsar una mirada diferente hacia las personas con discapacidad, reconociendo que son seres humanos en igualdad de derechos y dignidad que todos dem\u00e1s. Pero \u00bfqu\u00e9 fue lo que origin\u00f3 Una luz m\u00e1s en Oaxaca, A.C.? A lo largo de [&#8230;]<\/p>\n<p>July 3, 2014<\/p>\n\n\t\t\t  <div \n\t\t\t  \tclass = \"fb-comments\" \n\t\t\t  \tdata-href = \"http:\/\/www.eloriente.net\/home\/2014\/07\/22\/buscan-erradicar-mutilacion-genital-fememina-y-matrimonio-infantil\/\"\n\t\t\t  \tdata-numposts = \"10\"\n\t\t\t\tdata-colorscheme = \"dark\"\n\t\t\t\tdata-order-by = \"social\"\n\t\t\t\tdata-mobile=true>\n\t\t\t  <\/div>\n\t\t  <style>\n\t\t\t.fb_iframe_widget_fluid_desktop iframe {\n\t\t\t    width: 100% !important;\n\t\t\t}\n\t\t  <\/style>\n\t\t  ","protected":false},"excerpt":{"rendered":"<p>eloriente.net\/Unicef 22\/julio\/2014 No hay tiempo que perder: Datos recientes de UNICEF demuestran la necesidad de tomar medidas urgentes contra la mutilaci\u00f3n genital femenina y el matrimonio infantil El Gobierno del Reino Unido y UNICEF acogen hoy la primera Reuni\u00f3n Cumbre sobre las Ni\u00f1as, con el objetivo de cosechar el apoyo que permita eliminar m\u00e1s r\u00e1pidamente [&hellip;]<\/p>\n","protected":false},"author":26,"featured_media":29908,"comment_status":"open","ping_status":"open","sticky":false,"template":"","format":"standard","meta":{"_jetpack_memberships_contains_paid_content":false,"footnotes":""},"categories":[1588,22,32,10,24,31],"tags":[290,2043,586,2042,2044,139,2045],"class_list":["post-29907","post","type-post","status-publish","format-standard","has-post-thumbnail","hentry","category-comunicados-y-boletines","category-derechos-humanos","category-entradas","category-lo-mas-reciente","category-mexico-y-el-mundo","category-principal","tag-comunidad","tag-genitales","tag-matrimonio","tag-mutilacion","tag-ninas","tag-sociedad","tag-unicef"],"jetpack_featured_media_url":"http:\/\/www.eloriente.net\/home\/wp-content\/uploads\/2014\/07\/Ni\u00f1a-sombra-Unicef.jpg","jetpack_sharing_enabled":true,"_links":{"self":[{"href":"http:\/\/www.eloriente.net\/home\/wp-json\/wp\/v2\/posts\/29907"}],"collection":[{"href":"http:\/\/www.eloriente.net\/home\/wp-json\/wp\/v2\/posts"}],"about":[{"href":"http:\/\/www.eloriente.net\/home\/wp-json\/wp\/v2\/types\/post"}],"author":[{"embeddable":true,"href":"http:\/\/www.eloriente.net\/home\/wp-json\/wp\/v2\/users\/26"}],"replies":[{"embeddable":true,"href":"http:\/\/www.eloriente.net\/home\/wp-json\/wp\/v2\/comments?post=29907"}],"version-history":[{"count":3,"href":"http:\/\/www.eloriente.net\/home\/wp-json\/wp\/v2\/posts\/29907\/revisions"}],"predecessor-version":[{"id":29910,"href":"http:\/\/www.eloriente.net\/home\/wp-json\/wp\/v2\/posts\/29907\/revisions\/29910"}],"wp:featuredmedia":[{"embeddable":true,"href":"http:\/\/www.eloriente.net\/home\/wp-json\/wp\/v2\/media\/29908"}],"wp:attachment":[{"href":"http:\/\/www.eloriente.net\/home\/wp-json\/wp\/v2\/media?parent=29907"}],"wp:term":[{"taxonomy":"category","embeddable":true,"href":"http:\/\/www.eloriente.net\/home\/wp-json\/wp\/v2\/categories?post=29907"},{"taxonomy":"post_tag","embeddable":true,"href":"http:\/\/www.eloriente.net\/home\/wp-json\/wp\/v2\/tags?post=29907"}],"curies":[{"name":"wp","href":"https:\/\/api.w.org\/{rel}","templated":true}]}}