{"id":30053,"date":"2014-07-24T14:38:56","date_gmt":"2014-07-24T20:38:56","guid":{"rendered":"http:\/\/www.eloriente.net\/home\/?p=30053"},"modified":"2014-07-24T14:38:56","modified_gmt":"2014-07-24T20:38:56","slug":"la-mejor-pelicula-extranjera-la-gran-belleza-juevesdecineyseries","status":"publish","type":"post","link":"http:\/\/www.eloriente.net\/home\/2014\/07\/24\/la-mejor-pelicula-extranjera-la-gran-belleza-juevesdecineyseries\/","title":{"rendered":"La mejor pel\u00edcula extranjera \u00abLa gran belleza\u00bb #JuevesdeCineySeries"},"content":{"rendered":"<p>eloriente.net<\/p>\n<p>24\/julio\/2014<\/p>\n<p>La segunda recomendaci\u00f3n de este #JuevesdeCineySeries es \u00abLa gran belleza\u00bb del cineasta del director italiano\u00a0Paolo Sorrentino, dirigida y escrita por \u00e9l mismo. La cinta fue reconocida por\u00a0la\u00a0Academia de las Artes y las Ciencias Cinematogr\u00e1ficas\u00a0con el premio \u00d3scar 2014 a mejor pel\u00edcula extranjera.<\/p>\n<p>Estrenada en el\u00a0Festival Internacional de Cine de Toronto de 2013, el filme fue protagonizado por el afamado actor italiano Toni Servillo.\u00a0Relata la historia de Jep Gambardella, un periodista\u00a0reconocido en Roma por su particular estilo y por escribir <em>El aparato humano<\/em>, una novela exitosa en su juventud, que seg\u00fan la sinopsis, lo mantuvo en todos los c\u00edrculos literarios y sociales de la ciudad.<\/p>\n<p>\u00abYo no quer\u00eda ser simplemente un hombre mundano, quer\u00eda ser el rey de los mundanos; yo no quer\u00eda s\u00f3lo participar en las fiestas, quer\u00eda tener el poder de hacerlas fracasar\u00bb se\u00f1al\u00f3 Jep Gambardella en sus principales di\u00e1logos, refiriendo a su exuberante estilo de vida.<\/p>\n<p>La vida de Jep est\u00e1 llena de lujos, fiestas y mujeres, pero al cumplir 65 a\u00f1os Jep Gambardella se enfrenta a una crisis emocional que no sabe c\u00f3mo afrontarla, lo que genera en el periodista un largo proceso de reflexi\u00f3n, decidiendo que lo mejor es volver a escribir. Durante ese proceso, Jep Gambardella encuentra en Roma un paisaje intemporal de exquisita belleza.<\/p>\n<p>La fotograf\u00eda, uno de los elementos m\u00e1s destacados por los impresionantes escenarios que mostraban el misticismo de la capital italiana, estuvo a cargo de Luca Bigazzi. La pel\u00edcula fue auspiciada por las casas productoras\u00a0Medusa Film, Indigo Film y French Babe Films.<\/p>\n<p>&nbsp;<\/p>\n<p><iframe loading=\"lazy\" src=\"\/\/www.youtube.com\/embed\/wJ4W4KW1iXc\" frameborder=\"0\" width=\"560\" height=\"315\"><\/iframe><\/p>\n<p>&nbsp;<\/p>\n<p><a href=\"http:\/\/www.eloriente.net\/home\/wp-content\/uploads\/2014\/07\/La-gran-belleza.jpg\"><img loading=\"lazy\" decoding=\"async\" class=\"alignnone size-medium wp-image-30054\" title=\"La gran belleza\" src=\"http:\/\/www.eloriente.net\/home\/wp-content\/uploads\/2014\/07\/La-gran-belleza-300x199.jpg\" alt=\"\" width=\"300\" height=\"199\" srcset=\"http:\/\/www.eloriente.net\/home\/wp-content\/uploads\/2014\/07\/La-gran-belleza-300x199.jpg 300w, http:\/\/www.eloriente.net\/home\/wp-content\/uploads\/2014\/07\/La-gran-belleza-1024x680.jpg 1024w, http:\/\/www.eloriente.net\/home\/wp-content\/uploads\/2014\/07\/La-gran-belleza.jpg 1280w\" sizes=\"(max-width: 300px) 100vw, 300px\" \/><\/a><\/p>\n<p>Foto: La gran belleza<\/p>\n<p>&nbsp;<\/p>\n<p><strong>Entradas relacionadas:<\/strong><\/p>\n<p><a title=\"Permalink to Con el \u00d3scar a mejor gui\u00f3n, \u201cHer\u201d #JuevesdeCineySeries\" href=\"http:\/\/www.eloriente.net\/home\/2014\/07\/24\/con-el-oscar-a-mejor-guion-her-juevesdecineyseries\/\" rel=\"bookmark\">Con el \u00d3scar a mejor gui\u00f3n, \u201cHer\u201d #JuevesdeCineySeries<\/a><\/p>\n<p><a href=\"http:\/\/www.eloriente.net\/home\/2014\/07\/24\/con-el-oscar-a-mejor-guion-her-juevesdecineyseries\/\" rel=\"bookmark\"><img decoding=\"async\" title=\"Con el \u00d3scar a mejor gui\u00f3n, \u201cHer\u201d #JuevesdeCineySeries\" src=\"http:\/\/www.eloriente.net\/home\/wp-content\/themes\/city-desk\/timthumb.php?src=http%3A%2F%2Fwww.eloriente.net%2Fhome%2Fwp-content%2Fuploads%2F2014%2F07%2FHer.jpg&amp;q=90&amp;w=160&amp;h=106&amp;zc=1\" alt=\"Con el \u00d3scar a mejor gui\u00f3n, \u201cHer\u201d #JuevesdeCineySeries\" \/><\/a><\/p>\n<p>eloriente.net 24\/julio\/2014 En este tradicional #JuevesdeCineySeries traemos para ti una importante recomendaci\u00f3n: la pel\u00edcula \u201cHer\u201d, dirigida y escrita por el cineasta estadounidense\u00a0Spike Jonze. En marzo de 2014, \u201cHer\u201d obtuvo el premio \u00d3scar a mejor gui\u00f3n original; fue estrenada meses antes, en diciembre de 2013. En un ambiente concernista en Los \u00c1ngeles, California, la cinta recrea [&#8230;]<\/p>\n<p>July 24, 2014<\/p>\n<div id=\"post-29685\">\n<p><a title=\"Permalink to De las m\u00e1s taquilleras, El infierno en #JuevesdeCineySeries\" href=\"http:\/\/www.eloriente.net\/home\/2014\/07\/17\/de-las-mas-taquilleras-el-infierno-en-juevesdecineyseries\/\" rel=\"bookmark\">De las m\u00e1s taquilleras, El infierno en #JuevesdeCineySeries<\/a><\/p>\n<p><a href=\"http:\/\/www.eloriente.net\/home\/2014\/07\/17\/de-las-mas-taquilleras-el-infierno-en-juevesdecineyseries\/\" rel=\"bookmark\"><img decoding=\"async\" title=\"De las m\u00e1s taquilleras, El infierno en #JuevesdeCineySeries\" src=\"http:\/\/www.eloriente.net\/home\/wp-content\/themes\/city-desk\/timthumb.php?src=http%3A%2F%2Fwww.eloriente.net%2Fhome%2Fwp-content%2Fuploads%2F2014%2F07%2FPel%C3%ADcula-El-Infierno.jpg&amp;q=90&amp;w=160&amp;h=106&amp;zc=1\" alt=\"De las m\u00e1s taquilleras, El infierno en #JuevesdeCineySeries\" \/><\/a><\/p>\n<p>eloriente.net 17\/junio\/2014 Una de las pel\u00edculas m\u00e1s taquilleras en M\u00e9xico a inicios de la d\u00e9cada de 2010 fue \u201cEl Infierno\u201d, escrita, producida y dirigida por el cineasta mexicano Luis Estrada, conocido por sus anteriores y exitosas producciones\u00a0\u201cLa ley de Herodes\u201d y \u201cUn mundo maravilloso\u201d. El filme cont\u00f3 con la participaci\u00f3n de importantes actores mexicanos entre [&#8230;]<\/p>\n<p>July 17, 2014<\/p>\n<\/div>\n<div id=\"post-29641\">\n<p><a title=\"Permalink to La vida precoz y breve de Sabina Rivas en #JuevesdeCineySeries\" href=\"http:\/\/www.eloriente.net\/home\/2014\/07\/17\/la-vida-precoz-y-breve-de-sabina-rivas-en-juevesdecineyseries\/\" rel=\"bookmark\">La vida precoz y breve de Sabina Rivas en #JuevesdeCineySeries<\/a><\/p>\n<p><a href=\"http:\/\/www.eloriente.net\/home\/2014\/07\/17\/la-vida-precoz-y-breve-de-sabina-rivas-en-juevesdecineyseries\/\" rel=\"bookmark\"><img decoding=\"async\" title=\"La vida precoz y breve de Sabina Rivas en #JuevesdeCineySeries\" src=\"http:\/\/www.eloriente.net\/home\/wp-content\/themes\/city-desk\/timthumb.php?src=http%3A%2F%2Fwww.eloriente.net%2Fhome%2Fwp-content%2Fuploads%2F2014%2F07%2FPel%C3%ADcula-Por-Sabina-Rivas.jpg&amp;q=90&amp;w=160&amp;h=106&amp;zc=1\" alt=\"La vida precoz y breve de Sabina Rivas en #JuevesdeCineySeries\" \/><\/a><\/p>\n<p>eloriente.net 17\/junio\/2014 Ante la constante cobertura medi\u00e1tica sobre la migraci\u00f3n infantil centroamericana hacia Estados Unidos, en este #JuevesdeCineySeries traemos para ti la siguiente recomendaci\u00f3n: \u201cLa vida precoz y breve de Sabina Rivas\u201d, una pel\u00edcula mexicana, dirigida por Luis Mandoki y producida en el a\u00f1o 2012. Bajo el lema \u201cso\u00f1ar el sue\u00f1o americano es f\u00e1cil, lo [&#8230;]<\/p>\n<p>July 17, 2014<\/p>\n<\/div>\n\n\t\t\t  <div \n\t\t\t  \tclass = \"fb-comments\" \n\t\t\t  \tdata-href = \"http:\/\/www.eloriente.net\/home\/2014\/07\/24\/la-mejor-pelicula-extranjera-la-gran-belleza-juevesdecineyseries\/\"\n\t\t\t  \tdata-numposts = \"10\"\n\t\t\t\tdata-colorscheme = \"dark\"\n\t\t\t\tdata-order-by = \"social\"\n\t\t\t\tdata-mobile=true>\n\t\t\t  <\/div>\n\t\t  <style>\n\t\t\t.fb_iframe_widget_fluid_desktop iframe {\n\t\t\t    width: 100% !important;\n\t\t\t}\n\t\t  <\/style>\n\t\t  ","protected":false},"excerpt":{"rendered":"<p>eloriente.net 24\/julio\/2014 La segunda recomendaci\u00f3n de este #JuevesdeCineySeries es \u00abLa gran belleza\u00bb del cineasta del director italiano\u00a0Paolo Sorrentino, dirigida y escrita por \u00e9l mismo. La cinta fue reconocida por\u00a0la\u00a0Academia de las Artes y las Ciencias Cinematogr\u00e1ficas\u00a0con el premio \u00d3scar 2014 a mejor pel\u00edcula extranjera. Estrenada en el\u00a0Festival Internacional de Cine de Toronto de 2013, el [&hellip;]<\/p>\n","protected":false},"author":26,"featured_media":30054,"comment_status":"open","ping_status":"open","sticky":false,"template":"","format":"standard","meta":{"_jetpack_memberships_contains_paid_content":false,"footnotes":""},"categories":[982,56,18,32,10],"tags":[4076,2076,2075,2079,457,2077,2078],"class_list":["post-30053","post","type-post","status-publish","format-standard","has-post-thumbnail","hentry","category-juevesdecineyseries","category-cine","category-educacion-y-cultura","category-entradas","category-lo-mas-reciente","tag-cine","tag-italia","tag-la-gran-belleza","tag-mejor-pelicula-extranjera","tag-oscar","tag-paolo-sorrentino","tag-roma"],"jetpack_featured_media_url":"http:\/\/www.eloriente.net\/home\/wp-content\/uploads\/2014\/07\/La-gran-belleza.jpg","jetpack_sharing_enabled":true,"_links":{"self":[{"href":"http:\/\/www.eloriente.net\/home\/wp-json\/wp\/v2\/posts\/30053"}],"collection":[{"href":"http:\/\/www.eloriente.net\/home\/wp-json\/wp\/v2\/posts"}],"about":[{"href":"http:\/\/www.eloriente.net\/home\/wp-json\/wp\/v2\/types\/post"}],"author":[{"embeddable":true,"href":"http:\/\/www.eloriente.net\/home\/wp-json\/wp\/v2\/users\/26"}],"replies":[{"embeddable":true,"href":"http:\/\/www.eloriente.net\/home\/wp-json\/wp\/v2\/comments?post=30053"}],"version-history":[{"count":11,"href":"http:\/\/www.eloriente.net\/home\/wp-json\/wp\/v2\/posts\/30053\/revisions"}],"predecessor-version":[{"id":30068,"href":"http:\/\/www.eloriente.net\/home\/wp-json\/wp\/v2\/posts\/30053\/revisions\/30068"}],"wp:featuredmedia":[{"embeddable":true,"href":"http:\/\/www.eloriente.net\/home\/wp-json\/wp\/v2\/media\/30054"}],"wp:attachment":[{"href":"http:\/\/www.eloriente.net\/home\/wp-json\/wp\/v2\/media?parent=30053"}],"wp:term":[{"taxonomy":"category","embeddable":true,"href":"http:\/\/www.eloriente.net\/home\/wp-json\/wp\/v2\/categories?post=30053"},{"taxonomy":"post_tag","embeddable":true,"href":"http:\/\/www.eloriente.net\/home\/wp-json\/wp\/v2\/tags?post=30053"}],"curies":[{"name":"wp","href":"https:\/\/api.w.org\/{rel}","templated":true}]}}