{"id":30076,"date":"2014-07-25T08:27:09","date_gmt":"2014-07-25T14:27:09","guid":{"rendered":"http:\/\/www.eloriente.net\/home\/?p=30076"},"modified":"2014-07-25T08:29:10","modified_gmt":"2014-07-25T14:29:10","slug":"por-que-insistir-en-desnaturalizar-la-guelaguetza","status":"publish","type":"post","link":"http:\/\/www.eloriente.net\/home\/2014\/07\/25\/por-que-insistir-en-desnaturalizar-la-guelaguetza\/","title":{"rendered":"\u00bfPor qu\u00e9 insistir en desnaturalizar la Guelaguetza?"},"content":{"rendered":"<p>eloriente.net<\/p>\n<p>25\/julio\/2014<\/p>\n<p style=\"text-align: right\">Por: <a href=\"http:\/\/www.eloriente.net\/home\/category\/colaboradores\/adrian-ortiz-romero\/\" target=\"_blank\">Adri\u00e1n Ort\u00edz Romero<\/a><\/p>\n<p><strong>\u00bfPor qu\u00e9 insistir en desnaturalizar la Guelaguetza?<\/strong><\/p>\n<p><strong><\/strong><strong>Si su af\u00e1n no es comercial, entonces que vuelva a su ra\u00edz<\/strong><\/p>\n<p><strong><\/strong>Los oaxaque\u00f1os no deb\u00edamos dejarnos embriagar por la fiesta de la Guelaguetza y m\u00e1s bien deber\u00edamos tener el deber de no dejar de verla desde un sentido cr\u00edtico. S\u00f3lo as\u00ed podr\u00edamos entender, a cabalidad, que el proceso de modificaciones deliberadas por el que la Guelaguetza ha atravesado en los \u00faltimos a\u00f1os s\u00f3lo le provoca da\u00f1os y desnaturalizaci\u00f3n, y que si el gobierno no tiene en realidad un af\u00e1n econ\u00f3mico entonces deb\u00eda ser el primero en insistir en que los Lunes del Cerro regresen a su origen.<\/p>\n<p>En efecto, quiz\u00e1 en la \u00faltima d\u00e9cada hemos visto c\u00f3mo la Guelaguetza se ha venido modificando sustancialmente. Desde la decisi\u00f3n de duplicar el n\u00famero de representaciones, hasta la decisi\u00f3n \u2014refrendada por la actual administraci\u00f3n\u2014 de modificar el Auditorio Guelaguetza, hacen evidente que la fiesta de los Lunes del Cerro han venido perdiendo la trascendencia y el colorido que las caracteriz\u00f3 en el pasado como expresi\u00f3n cultural aut\u00e9ntica de las comunidades oaxaque\u00f1as, para convertirla en un conjunto de espect\u00e1culos inertes que est\u00e1n hechos para deslumbrar al turista, pero sin respetar la ra\u00edz de las tradiciones que ah\u00ed se representan.<\/p>\n<p>Hoy en d\u00eda esa intenci\u00f3n comercial est\u00e1 a la vista: desde que se decidi\u00f3 duplicar el n\u00famero de representaciones de la Guelaguetza el programa tradicional de los Lunes del Cerro comenz\u00f3 a sufrir modificaciones que hasta ahora no han tenido forma, orden, ni l\u00edmites. Lo primero que ocurri\u00f3 es que como hab\u00eda que cubrir con bailes y muestras de tradiciones las dos representaciones de cada lunes, el gobierno del estado y el Comit\u00e9 de Autenticidad comenzaron a relajar los requerimientos para las comunidades que aspiraban a participar en los Lunes del Cerro, y tambi\u00e9n comenzaron a incluir otro tipo de representaciones ajenas a los bailes, como calendas, mayordom\u00edas, bodas y fiestas populares de las comunidades, que hoy son parte de la representaci\u00f3n.<\/p>\n<p>Ello ha permitido tener cubiertas las cuatro presentaciones de los Lunes del Cerro, pero sin atender concretamente al criterio inicial de que lo primordial deb\u00edan ser los bailes. Y los organizadores de la fiesta de los Lunes del Cerro han venido aprovechando a\u00f1o con a\u00f1o la doble bendici\u00f3n que, primero, para ellos constituye el hecho de que como la gran mayor\u00eda del turismo nacional y extranjero no tiene mayores antecedentes de lo que ve, de todos modos termina aplaudiendo y reconociendo la representaci\u00f3n, que si bien es altiva y colorida, no es lo que deb\u00eda ocurrir, y segundo, que al final, de todos modos la gran mayor\u00eda de los oaxaque\u00f1os termina seducido por la magia de la fiesta y el amor a la tierra, y deja en segundo plano los aspectos negativos y las desviaciones que ve, pero no reconoce ni se\u00f1ala como deber\u00eda, de los Lunes del Cerro.<\/p>\n<p>Esta situaci\u00f3n, al paso del tiempo est\u00e1 institucionalizando lo que no deber\u00eda ser de los Lunes del Cerro. Esto porque la reiteraci\u00f3n de esas pr\u00e1cticas equivocadas, y de la forma en c\u00f3mo han venido desnaturalizando la festividad, ha ocurrido sin una oposici\u00f3n firme de la ciudadan\u00eda, que lejos de seguir aplaudiendo y aceptando lo que a todas luces se ve que no es correcto deber\u00eda exigir el respeto a esta tradici\u00f3n, que si bien no es milenaria (porque tal y como la conocemos data de la d\u00e9cada de los treintas del siglo pasado), s\u00ed tiene m\u00e1s de ochenta a\u00f1os siendo columna vertebral de la forma en c\u00f3mo Oaxaca presenta a M\u00e9xico y al mundo algunas de las principales tradiciones de sus pueblos originarios.<\/p>\n<p><strong>\u00bfActividad cultural o comercial?<\/strong><\/p>\n<p><strong><\/strong>Eso es algo que todos, gobierno y ciudadanos, deber\u00edamos preguntarnos respecto de la Guelaguetza. Es cierto que la fiesta de los Lunes del Cerro constituye uno de los detonantes econ\u00f3micos m\u00e1s importantes del a\u00f1o para la entidad, y que es tambi\u00e9n fuente directa e indirecta de empleo para miles de personas. Sin embargo, habr\u00eda que hacer claramente una distinci\u00f3n entre el dinero que el gobierno invierte y administra para llevar a cabo una festividad cultural, que detona la econom\u00eda y sirve como motor para pr\u00e1cticamente todos los sectores locales que dependen del turismo, y lo que pudiera ser un negocio para el propio gobierno.<\/p>\n<p>Lo anterior se desprende de la apariencia que se da hoy en d\u00eda de que la fiesta de los Lunes del Cerro son un negocio del gobierno para su beneficio, y no una inversi\u00f3n p\u00fablica con organizaci\u00f3n oficial encaminada a reactivar la econom\u00eda local, luego del largo periodo que pasa desde el periodo vacacional de Semana Santa hasta el mes de julio.<\/p>\n<p>Si el gobierno de verdad comprendiera que la fiesta de la Guelaguetza es un detonante econ\u00f3mico y no un negocio, entonces tendr\u00eda que dedicarse con mucho m\u00e1s esmero a cuidar los fundamentos de la festividad, y procurar que al margen de los rubros comerciales \u00e9sta preservara los aspectos esenciales de su originalidad. Hacer eso ser\u00eda la garant\u00eda de una festividad perdurable, y de la preferencia a largo plazo del turismo nacional y extranjero.<\/p>\n<p>Lamentablemente hoy parece que lo que buscan es sacar provecho a corto plazo, a\u00fan frente al riesgo de que todo lo que est\u00e1n haciendo termine minando y desvirtuando lo que originalmente se pretend\u00eda. \u00bfDe verdad conviene llevar a cabo dos representaciones en cada una de las ediciones de los Lunes del Cerro? \u00bfDe verdad esto reporta una afluencia mayor de turistas, o una derrama econ\u00f3mica mayor para la econom\u00eda local? Incluso, \u00bfvale la pena poner en riesgo la forma en c\u00f3mo se estableci\u00f3 la festividad, en aras de alimentar la venta de asientos del Auditorio Guelaguetza, lo cual no alcanza ni para costear una parte de los gastos totales que se realizan durante cada mes de julio?<\/p>\n<p>Es lamentable que no exista inter\u00e9s institucional de todo el gobierno por cuidar lo que para Oaxaca ha sido su principal fuente de ingresos, dentro del rubro tur\u00edstico. Nuestro estado es reconocido por su diversidad de expresiones culturales y las costumbres ancestrales de sus pueblos. Pero, ello no es garant\u00eda de preservaci\u00f3n, as\u00ed como tampoco la responsabilidad de la organizaci\u00f3n de los Lunes del Cerro es patente de corso para que el gobierno haga lo que quiera con esas festividades que, al final, no son de ellos sino de todos los oaxaque\u00f1os.<\/p>\n<p><strong>Los puros y conversos<\/strong><\/p>\n<p><strong><\/strong>Pues s\u00ed, es de locos, pero parece que en la coyuntura de los rejuegos actuales, el ulisismo le sigue ganando batallas a sus contrapartes al interior del PRI. Ah\u00ed va Fredy Gil, seg\u00fan contra el ulisismo, por la CNC. \u00bfY entonces \u00e9l qu\u00e9 era\u2026 o es?<\/p>\n<p>&nbsp;<\/p>\n<p><a href=\"http:\/\/www.eloriente.net\/home\/wp-content\/uploads\/2014\/07\/Guelaguetza-Por-eduardo.robles.jpg\"><img loading=\"lazy\" decoding=\"async\" class=\"alignnone size-medium wp-image-30077\" src=\"http:\/\/www.eloriente.net\/home\/wp-content\/uploads\/2014\/07\/Guelaguetza-Por-eduardo.robles-300x199.jpg\" alt=\"\" width=\"300\" height=\"199\" srcset=\"http:\/\/www.eloriente.net\/home\/wp-content\/uploads\/2014\/07\/Guelaguetza-Por-eduardo.robles-300x199.jpg 300w, http:\/\/www.eloriente.net\/home\/wp-content\/uploads\/2014\/07\/Guelaguetza-Por-eduardo.robles.jpg 900w\" sizes=\"(max-width: 300px) 100vw, 300px\" \/><\/a><\/p>\n<p>Foto:\u00a0<a href=\"https:\/\/www.flickr.com\/photos\/eduardorobles\/\">eduardo.robles<\/a><\/p>\n<p>&nbsp;<\/p>\n<p><strong>Entradas relacionadas:<\/strong><\/p>\n<p><a title=\"Permalink to Secci\u00f3n 22: los radicales la llevan a la quiebra\" href=\"http:\/\/www.eloriente.net\/home\/2014\/07\/23\/seccion-22-los-radicales-la-llevan-a-la-quiebra\/\" rel=\"bookmark\">Secci\u00f3n 22: los radicales la llevan a la quiebra<\/a><\/p>\n<p><a href=\"http:\/\/www.eloriente.net\/home\/2014\/07\/23\/seccion-22-los-radicales-la-llevan-a-la-quiebra\/\" rel=\"bookmark\"><img decoding=\"async\" src=\"http:\/\/www.eloriente.net\/home\/wp-content\/themes\/city-desk\/timthumb.php?src=http%3A%2F%2Fwww.eloriente.net%2Fhome%2Fwp-content%2Fuploads%2F2014%2F07%2FMaestros-Por-Secci%C3%B3n-22.jpg&amp;q=90&amp;w=160&amp;h=106&amp;zc=1\" alt=\"Secci\u00f3n 22: los radicales la llevan a la quiebra\" \/><\/a><\/p>\n<p>eloriente.net 23\/julio\/2014 Por: Adri\u00e1n Ort\u00edz Romero Secci\u00f3n 22: los radicales la llevan a la quiebra Falta de consenso, reflejo de crisis ideol\u00f3gica El viernes pasado, en su asamblea estatal, la Secci\u00f3n 22 del SNTE decidi\u00f3 iniciar una jornada de movilizaci\u00f3n rotativa por regiones, como parte de la cobertura del proceso de creaci\u00f3n de la nueva [&#8230;]<\/p>\n<p>July 23, 2014<\/p>\n<div>\n<p><a title=\"Permalink to Guelaguetza: de todos modos los ciudadanos pagamos\" href=\"http:\/\/www.eloriente.net\/home\/2014\/07\/21\/guelaguetza-de-todos-modos-los-ciudadanos-pagamos\/\" rel=\"bookmark\">Guelaguetza: de todos modos los ciudadanos pagamos<\/a><\/p>\n<p><a href=\"http:\/\/www.eloriente.net\/home\/2014\/07\/21\/guelaguetza-de-todos-modos-los-ciudadanos-pagamos\/\" rel=\"bookmark\"><img decoding=\"async\" src=\"http:\/\/www.eloriente.net\/home\/wp-content\/themes\/city-desk\/timthumb.php?src=http%3A%2F%2Fwww.eloriente.net%2Fhome%2Fwp-content%2Fuploads%2F2014%2F07%2FGuelaguetza-Popular-2012-Por-guerillagrrl.jpg&amp;q=90&amp;w=160&amp;h=106&amp;zc=1\" alt=\"Guelaguetza: de todos modos los ciudadanos pagamos\" \/><\/a><\/p>\n<p>eloriente.net 21\/julio\/2014 Por: Adri\u00e1n Ort\u00edz Romero Guelaguetza: de todos modos los ciudadanos pagamos Guelaguetza oficial vs la magisterial: dos de lo mismo Por noveno a\u00f1o consecutivo, la Secci\u00f3n 22 del SNTE presenta su propia edici\u00f3n de la fiesta de la Guelaguetza, en un intento por convencer a la ciudadan\u00eda de que ese es un esfuerzo [&#8230;]<\/p>\n<p>July 21, 2014<\/p>\n<\/div>\n<div>\n<p><a title=\"Permalink to La justicia por el pasado \u00bfqu\u00e9 m\u00e1s tocar\u00e1?\" href=\"http:\/\/www.eloriente.net\/home\/2014\/07\/18\/la-justicia-por-el-pasado-que-mas-tocara\/\" rel=\"bookmark\">La justicia por el pasado \u00bfqu\u00e9 m\u00e1s tocar\u00e1?<\/a><\/p>\n<p><a href=\"http:\/\/www.eloriente.net\/home\/2014\/07\/18\/la-justicia-por-el-pasado-que-mas-tocara\/\" rel=\"bookmark\"><img decoding=\"async\" src=\"http:\/\/www.eloriente.net\/home\/wp-content\/themes\/city-desk\/timthumb.php?src=http%3A%2F%2Fwww.eloriente.net%2Fhome%2Fwp-content%2Fuploads%2F2014%2F06%2FPalacio-Gobierno-Oaxaca-Por-Lucy-Nieto.jpg&amp;q=90&amp;w=160&amp;h=106&amp;zc=1\" alt=\"La justicia por el pasado \u00bfqu\u00e9 m\u00e1s tocar\u00e1?\" \/><\/a><\/p>\n<p>eloriente.net 18\/julio\/2014 Por: Adri\u00e1n Ort\u00edz Romero La justicia por el pasado \u00bfqu\u00e9 m\u00e1s tocar\u00e1? Lorenzo San Pablo, oculto crimen de Estado Est\u00e1n equivocados quienes dan por hecho que con el encarcelamiento de Bulmaro Rito Salinas se est\u00e1 haciendo justicia respecto a los hechos delictivos del pasado reciente en Oaxaca. La captura de Rito es, a [&#8230;]<\/p>\n<p>July 18, 2014<\/p>\n<\/div>\n\n\t\t\t  <div \n\t\t\t  \tclass = \"fb-comments\" \n\t\t\t  \tdata-href = \"http:\/\/www.eloriente.net\/home\/2014\/07\/25\/por-que-insistir-en-desnaturalizar-la-guelaguetza\/\"\n\t\t\t  \tdata-numposts = \"10\"\n\t\t\t\tdata-colorscheme = \"dark\"\n\t\t\t\tdata-order-by = \"social\"\n\t\t\t\tdata-mobile=true>\n\t\t\t  <\/div>\n\t\t  <style>\n\t\t\t.fb_iframe_widget_fluid_desktop iframe {\n\t\t\t    width: 100% !important;\n\t\t\t}\n\t\t  <\/style>\n\t\t  ","protected":false},"excerpt":{"rendered":"<p>eloriente.net 25\/julio\/2014 Por: Adri\u00e1n Ort\u00edz Romero \u00bfPor qu\u00e9 insistir en desnaturalizar la Guelaguetza? Si su af\u00e1n no es comercial, entonces que vuelva a su ra\u00edz Los oaxaque\u00f1os no deb\u00edamos dejarnos embriagar por la fiesta de la Guelaguetza y m\u00e1s bien deber\u00edamos tener el deber de no dejar de verla desde un sentido cr\u00edtico. S\u00f3lo as\u00ed [&hellip;]<\/p>\n","protected":false},"author":2,"featured_media":30077,"comment_status":"open","ping_status":"open","sticky":false,"template":"","format":"standard","meta":{"_jetpack_memberships_contains_paid_content":false,"footnotes":""},"categories":[38,11,18,32,63,10,464],"tags":[1249,241,2083,277,1250,2084,1681],"class_list":["post-30076","post","type-post","status-publish","format-standard","has-post-thumbnail","hentry","category-adrian-ortiz-romero","category-colaboradores","category-educacion-y-cultura","category-entradas","category-estados","category-lo-mas-reciente","category-oaxaca-estados","tag-auditorio","tag-cultura","tag-desnaturalizar","tag-gobierno","tag-guelaguetza","tag-lucro","tag-lunes-del-cerro"],"jetpack_featured_media_url":"http:\/\/www.eloriente.net\/home\/wp-content\/uploads\/2014\/07\/Guelaguetza-Por-eduardo.robles.jpg","jetpack_sharing_enabled":true,"_links":{"self":[{"href":"http:\/\/www.eloriente.net\/home\/wp-json\/wp\/v2\/posts\/30076"}],"collection":[{"href":"http:\/\/www.eloriente.net\/home\/wp-json\/wp\/v2\/posts"}],"about":[{"href":"http:\/\/www.eloriente.net\/home\/wp-json\/wp\/v2\/types\/post"}],"author":[{"embeddable":true,"href":"http:\/\/www.eloriente.net\/home\/wp-json\/wp\/v2\/users\/2"}],"replies":[{"embeddable":true,"href":"http:\/\/www.eloriente.net\/home\/wp-json\/wp\/v2\/comments?post=30076"}],"version-history":[{"count":3,"href":"http:\/\/www.eloriente.net\/home\/wp-json\/wp\/v2\/posts\/30076\/revisions"}],"predecessor-version":[{"id":30079,"href":"http:\/\/www.eloriente.net\/home\/wp-json\/wp\/v2\/posts\/30076\/revisions\/30079"}],"wp:featuredmedia":[{"embeddable":true,"href":"http:\/\/www.eloriente.net\/home\/wp-json\/wp\/v2\/media\/30077"}],"wp:attachment":[{"href":"http:\/\/www.eloriente.net\/home\/wp-json\/wp\/v2\/media?parent=30076"}],"wp:term":[{"taxonomy":"category","embeddable":true,"href":"http:\/\/www.eloriente.net\/home\/wp-json\/wp\/v2\/categories?post=30076"},{"taxonomy":"post_tag","embeddable":true,"href":"http:\/\/www.eloriente.net\/home\/wp-json\/wp\/v2\/tags?post=30076"}],"curies":[{"name":"wp","href":"https:\/\/api.w.org\/{rel}","templated":true}]}}