{"id":30140,"date":"2014-07-25T16:46:08","date_gmt":"2014-07-25T22:46:08","guid":{"rendered":"http:\/\/www.eloriente.net\/home\/?p=30140"},"modified":"2014-07-25T16:47:57","modified_gmt":"2014-07-25T22:47:57","slug":"capacitan-a-policias-de-xoxocotlan-en-derechos-humanos","status":"publish","type":"post","link":"http:\/\/www.eloriente.net\/home\/2014\/07\/25\/capacitan-a-policias-de-xoxocotlan-en-derechos-humanos\/","title":{"rendered":"Capacitan a polic\u00edas de Xoxocotl\u00e1n en Derechos Humanos"},"content":{"rendered":"<p>eloriente.net\/<a href=\"http:\/\/www.derechoshumanosoaxaca.org\" target=\"_blank\">Derechos Humanos Oaxaca<\/a><\/p>\n<p>25\/julio\/2014<\/p>\n<p><strong>Participan 120 agentes de polic\u00eda, jueces, alcaldes\u00a0y s\u00edndicos.<\/strong><\/p>\n<p><strong>La Defensor\u00eda de Oaxaca busca que servidores\u00a0p\u00fablicos act\u00faen reconoci\u00e9ndose como personas con derechos humanos.<\/strong><\/p>\n<p>Con el fin de evitar violaciones a los derechos humanos por parte de servidores p\u00fablicos municipales, la Defensor\u00eda de los\u00a0Derechos Humanos del Pueblo de Oaxaca (DDHPO) imparte el programa de\u00a0formaci\u00f3n \u201cLos derechos humanos en la seguridad p\u00fablica\u00a0municipal\u201d, dirigido a 120 agentes de polic\u00eda, jueces calificadores,\u00a0alcaldes y s\u00edndicos procuradores de Santa Cruz Xoxocotl\u00e1n.<\/p>\n<p>La coordinadora general de Fortalecimiento a la Cultura de los Derechos\u00a0Humanos de la Defensor\u00eda, Irma Luc\u00eda Gonz\u00e1lez Espinosa, inform\u00f3 que\u00a0este programa busca sensibilizar a los participantes acerca de los\u00a0derechos humanos de la poblaci\u00f3n, trabajando desde una perspectiva\u00a0integral por la que servidores p\u00fablicos partan de\u00a0reconocerse a s\u00ed mismos como personas con derechos.<\/p>\n<p>Desde las nueve de la ma\u00f1ana hasta las dos de la tarde, utilizando como\u00a0sede las instalaciones de la polic\u00eda municipal, los facilitadores\u00a0de la Defensor\u00eda desarrollan temas como los aspectos generales de los\u00a0derechos humanos, el uso leg\u00edtimo de la fuerza, los derechos\u00a0fundamentales de las personas detenidas y de las v\u00edctimas del delito.<\/p>\n<p>El plan de capacitaci\u00f3n que imparte la Defensor\u00eda a los\u00a0responsables de la seguridad p\u00fablica municipal de Santa Cruz\u00a0Xoxocotl\u00e1n comenz\u00f3 el 30 de junio del presente a\u00f1o y concluir\u00e1 el 15\u00a0de agosto pr\u00f3ximo.<\/p>\n<p>Santa Cruz Xoxocotl\u00e1n se sit\u00faa a cinco kil\u00f3metros de distancia de la\u00a0ciudad de Oaxaca de Ju\u00e1rez y suele ser considerado como el principal\u00a0municipio conurbado en el que reside un gran n\u00famero de obreros y\u00a0trabajadores que diariamente prestan sus servicios en la capital del\u00a0estado.<\/p>\n<p>En\u00a0Xoxo, como se conoce popularmente a esta comunidad, habitan\u00a0aproximadamente 70,000 mil personas, a las cuales brindan seguridad\u00a0elementos de la polic\u00eda municipal equipados con patrullas y\u00a0motocicletas.<\/p>\n<p>En los seis m\u00f3dulos de este programa, los funcionarios\u00a0municipales de Xoxocotl\u00e1n examinan los instrumentos documentales que\u00a0son la base de su desempe\u00f1o y que suelen aplicar en su labor, como por\u00a0ejemplo los bandos de polic\u00eda y buen gobierno.<\/p>\n<p>La coordinadora general de Fortalecimiento a la Cultura de los Derechos\u00a0Humanos de la Defensor\u00eda explic\u00f3 que, como parte de la integralidad de\u00a0este proceso de formaci\u00f3n, se toca tambi\u00e9n la parte humana de los participantes mediante t\u00e1cticas que les ayuden en aspectos como el\u00a0manejo del estr\u00e9s postraum\u00e1tico que regularmente presentan las\u00a0v\u00edctimas, testigos y sobrevivientes del delito.<\/p>\n<p>Es importante se\u00f1alar \u2013coment\u00f3 Gonz\u00e1lez Espinosa\u2013 que, por el\u00a0impacto emotivo que conlleva su actividad cotidiana, estos\u00a0servidores p\u00fablicos tambi\u00e9n suelen sufrir estr\u00e9s postraum\u00e1tico.<\/p>\n<p>Gonz\u00e1lez Espinosa dijo que es fundamental que los participantes\u00a0est\u00e9n conscientes de la importancia del respeto a la dignidad de las personas, y por ello la Defensor\u00eda busca sensibilizarlos respecto al\u00a0trato adecuado que deben dar a v\u00edctimas e infractores, as\u00ed como el que\u00a0necesitan recibir ellos mismos.<\/p>\n<p>Destac\u00f3 que temas b\u00e1sicos del programa son la perspectiva de g\u00e9nero,\u00a0la igualdad y no discriminaci\u00f3n, elementos imprescindibles para que los servidores p\u00fablicos puedan realizar su funci\u00f3n con un enfoque de\u00a0respeto y protecci\u00f3n a los derechos humanos.<\/p>\n<p>&nbsp;<\/p>\n<p><a href=\"http:\/\/www.eloriente.net\/home\/wp-content\/uploads\/2014\/07\/FOTO-2.jpg\"><img loading=\"lazy\" decoding=\"async\" class=\"alignnone size-medium wp-image-30141\" title=\"FOTO 2\" src=\"http:\/\/www.eloriente.net\/home\/wp-content\/uploads\/2014\/07\/FOTO-2-300x200.jpg\" alt=\"\" width=\"300\" height=\"200\" srcset=\"http:\/\/www.eloriente.net\/home\/wp-content\/uploads\/2014\/07\/FOTO-2-300x200.jpg 300w, http:\/\/www.eloriente.net\/home\/wp-content\/uploads\/2014\/07\/FOTO-2-1024x682.jpg 1024w, http:\/\/www.eloriente.net\/home\/wp-content\/uploads\/2014\/07\/FOTO-2.jpg 1080w\" sizes=\"(max-width: 300px) 100vw, 300px\" \/><\/a><\/p>\n<p>Foto: Derechos Humanos Oaxaca<\/p>\n<p>&nbsp;<\/p>\n<p><strong>Entradas relacionadas:<\/strong><\/p>\n<p><a title=\"Permalink to Presentar\u00e1n diputados del PRI propuesta de Ley de Educaci\u00f3n\" href=\"http:\/\/www.eloriente.net\/home\/2014\/07\/23\/presentaran-diputados-del-pri-propuesta-de-ley-de-educacion\/\" rel=\"bookmark\">Presentar\u00e1n diputados del PRI propuesta de Ley de Educaci\u00f3n<\/a><\/p>\n<p><a href=\"http:\/\/www.eloriente.net\/home\/2014\/07\/23\/presentaran-diputados-del-pri-propuesta-de-ley-de-educacion\/\" rel=\"bookmark\"><img decoding=\"async\" title=\"Presentar\u00e1n diputados del PRI propuesta de Ley de Educaci\u00f3n\" src=\"http:\/\/www.eloriente.net\/home\/wp-content\/themes\/city-desk\/timthumb.php?src=http%3A%2F%2Fwww.eloriente.net%2Fhome%2Fwp-content%2Fuploads%2F2014%2F07%2FDSC_0004.jpg&amp;q=90&amp;w=160&amp;h=106&amp;zc=1\" alt=\"Presentar\u00e1n diputados del PRI propuesta de Ley de Educaci\u00f3n\" \/><\/a><\/p>\n<p>eloriente.net\/Congreso del Estado 23\/julio\/2014 Luego de anunciar la iniciativa de Ley de Educaci\u00f3n que presentar\u00e1n al pleno del Congreso del Estado de Oaxaca en su pr\u00f3xima sesi\u00f3n, diputados de la fracci\u00f3n parlamentaria del PRI dejaron claro que no est\u00e1n dispuestos a esconderse, y que es obligaci\u00f3n del estado garantizar que los diputados sesionen en su [&#8230;]<\/p>\n<p>July 23, 2014<\/p>\n<p><a title=\"Permalink to Ju\u00e1rez vive con la izquierda mexicana: Robles Montoya\" href=\"http:\/\/www.eloriente.net\/home\/2014\/07\/21\/juarez-vive-con-la-izquierda-mexicana-robles-montoya\/\" rel=\"bookmark\">Ju\u00e1rez vive con la izquierda mexicana: Robles Montoya<\/a><\/p>\n<p><a href=\"http:\/\/www.eloriente.net\/home\/2014\/07\/21\/juarez-vive-con-la-izquierda-mexicana-robles-montoya\/\" rel=\"bookmark\"><img decoding=\"async\" title=\"Ju\u00e1rez vive con la izquierda mexicana: Robles Montoya\" src=\"http:\/\/www.eloriente.net\/home\/wp-content\/themes\/city-desk\/timthumb.php?src=http%3A%2F%2Fwww.eloriente.net%2Fhome%2Fwp-content%2Fuploads%2F2014%2F07%2FRobles-Montoya-Por-Congreso.jpg&amp;q=90&amp;w=160&amp;h=106&amp;zc=1\" alt=\"Ju\u00e1rez vive con la izquierda mexicana: Robles Montoya\" \/><\/a><\/p>\n<p>eloriente.net 21\/julio\/2014 \u201cBenito Ju\u00e1rez est\u00e1 m\u00e1s vivo que nunca, hoy est\u00e1 aqu\u00ed presente con la izquierda de M\u00e9xico\u201d, declar\u00f3 el senador perredista Benjam\u00edn Robles Montoya el pasado 18 de julio\u00a0durante su intervenci\u00f3n en tribuna en el debate en lo particular de la Ley de Hidrocarburos, como parte de la reforma energ\u00e9tica. En el marco del [&#8230;]<\/p>\n<p>July 21, 2014<\/p>\n<div id=\"post-29802\">\n<p><a title=\"Permalink to Disponibles 500 becas universitarias para estudiar en Puebla\" href=\"http:\/\/www.eloriente.net\/home\/2014\/07\/21\/destinaran-9-mdp-para-becas-universitarias-en-oaxaca\/\" rel=\"bookmark\">Disponibles 500 becas universitarias para estudiar en Puebla<\/a><\/p>\n<p><a href=\"http:\/\/www.eloriente.net\/home\/2014\/07\/21\/destinaran-9-mdp-para-becas-universitarias-en-oaxaca\/\" rel=\"bookmark\"><img decoding=\"async\" title=\"Disponibles 500 becas universitarias para estudiar en Puebla\" src=\"http:\/\/www.eloriente.net\/home\/wp-content\/themes\/city-desk\/timthumb.php?src=http%3A%2F%2Fwww.eloriente.net%2Fhome%2Fwp-content%2Fuploads%2F2014%2F07%2FBecas-Por-Congreso.jpg&amp;q=90&amp;w=160&amp;h=106&amp;zc=1\" alt=\"Disponibles 500 becas universitarias para estudiar en Puebla\" \/><\/a><\/p>\n<p>eloriente.net\/Congreso del Estado 21\/julio\/2014 El Presidente de la Comisi\u00f3n Permanente de Cultura de la LXII Legislatura del Estado de Oaxaca, diputado Rafael Armando Arellanes Caballero, se reuni\u00f3 con la Red de Organizaciones de la Sociedad Civil del Sureste, quienes visitaron el estado de Oaxaca para promover la entrega de 500 becas a estudiantes oaxaque\u00f1os del [&#8230;]<\/p>\n<p>July 21, 2014<\/p>\n<\/div>\n\n\t\t\t  <div \n\t\t\t  \tclass = \"fb-comments\" \n\t\t\t  \tdata-href = \"http:\/\/www.eloriente.net\/home\/2014\/07\/25\/capacitan-a-policias-de-xoxocotlan-en-derechos-humanos\/\"\n\t\t\t  \tdata-numposts = \"10\"\n\t\t\t\tdata-colorscheme = \"dark\"\n\t\t\t\tdata-order-by = \"social\"\n\t\t\t\tdata-mobile=true>\n\t\t\t  <\/div>\n\t\t  <style>\n\t\t\t.fb_iframe_widget_fluid_desktop iframe {\n\t\t\t    width: 100% !important;\n\t\t\t}\n\t\t  <\/style>\n\t\t  ","protected":false},"excerpt":{"rendered":"<p>eloriente.net\/Derechos Humanos Oaxaca 25\/julio\/2014 Participan 120 agentes de polic\u00eda, jueces, alcaldes\u00a0y s\u00edndicos. La Defensor\u00eda de Oaxaca busca que servidores\u00a0p\u00fablicos act\u00faen reconoci\u00e9ndose como personas con derechos humanos. Con el fin de evitar violaciones a los derechos humanos por parte de servidores p\u00fablicos municipales, la Defensor\u00eda de los\u00a0Derechos Humanos del Pueblo de Oaxaca (DDHPO) imparte el programa [&hellip;]<\/p>\n","protected":false},"author":26,"featured_media":30141,"comment_status":"open","ping_status":"open","sticky":false,"template":"","format":"standard","meta":{"_jetpack_memberships_contains_paid_content":false,"footnotes":""},"categories":[1588,91,32,23,21],"tags":[571,1891,217,2099,2098,206,2097],"class_list":["post-30140","post","type-post","status-publish","format-standard","has-post-thumbnail","hentry","category-comunicados-y-boletines","category-congreso-y-justicia","category-entradas","category-municipios","category-politica-y-gobierno","tag-capacitacion","tag-defensoria","tag-derechos-humanos-2","tag-integridad","tag-policias","tag-seguridad","tag-xoxocotlan"],"jetpack_featured_media_url":"http:\/\/www.eloriente.net\/home\/wp-content\/uploads\/2014\/07\/FOTO-2.jpg","jetpack_sharing_enabled":true,"_links":{"self":[{"href":"http:\/\/www.eloriente.net\/home\/wp-json\/wp\/v2\/posts\/30140"}],"collection":[{"href":"http:\/\/www.eloriente.net\/home\/wp-json\/wp\/v2\/posts"}],"about":[{"href":"http:\/\/www.eloriente.net\/home\/wp-json\/wp\/v2\/types\/post"}],"author":[{"embeddable":true,"href":"http:\/\/www.eloriente.net\/home\/wp-json\/wp\/v2\/users\/26"}],"replies":[{"embeddable":true,"href":"http:\/\/www.eloriente.net\/home\/wp-json\/wp\/v2\/comments?post=30140"}],"version-history":[{"count":2,"href":"http:\/\/www.eloriente.net\/home\/wp-json\/wp\/v2\/posts\/30140\/revisions"}],"predecessor-version":[{"id":30143,"href":"http:\/\/www.eloriente.net\/home\/wp-json\/wp\/v2\/posts\/30140\/revisions\/30143"}],"wp:featuredmedia":[{"embeddable":true,"href":"http:\/\/www.eloriente.net\/home\/wp-json\/wp\/v2\/media\/30141"}],"wp:attachment":[{"href":"http:\/\/www.eloriente.net\/home\/wp-json\/wp\/v2\/media?parent=30140"}],"wp:term":[{"taxonomy":"category","embeddable":true,"href":"http:\/\/www.eloriente.net\/home\/wp-json\/wp\/v2\/categories?post=30140"},{"taxonomy":"post_tag","embeddable":true,"href":"http:\/\/www.eloriente.net\/home\/wp-json\/wp\/v2\/tags?post=30140"}],"curies":[{"name":"wp","href":"https:\/\/api.w.org\/{rel}","templated":true}]}}