{"id":30159,"date":"2014-07-26T12:36:23","date_gmt":"2014-07-26T18:36:23","guid":{"rendered":"http:\/\/www.eloriente.net\/home\/?p=30159"},"modified":"2014-07-26T12:37:01","modified_gmt":"2014-07-26T18:37:01","slug":"jovenes-en-politica-podemos-lo-que-no-fue-el-yosoy132","status":"publish","type":"post","link":"http:\/\/www.eloriente.net\/home\/2014\/07\/26\/jovenes-en-politica-podemos-lo-que-no-fue-el-yosoy132\/","title":{"rendered":"J\u00f3venes en pol\u00edtica: &#8216;Podemos&#8217;, lo que no fue el #YoSoy132"},"content":{"rendered":"<p>eloriente.net\/Agencia N22<\/p>\n<p>26 de julio de 2014<\/p>\n<p>Entrevista con el polit\u00f3logo Genaro Lozano y Carlos Brito, ex integrante del movimiento \u00ab#YoSoy132\u00bb, acerca del movimiento surgido en M\u00e9xico, y la comparaci\u00f3n con otros como \u00abPodemos\u00bb que lleg\u00f3 a convertirse en un partido pol\u00edtico en Espa\u00f1a, llev\u00e1ndolo al Congreso de la Uni\u00f3n Europea.<br \/>\n<iframe loading=\"lazy\" src=\"\/\/www.youtube.com\/embed\/q8ny6YkryAA?list=PLfAfgqbYUKUjJxBtseFr0pVMM9TflRG3C\" frameborder=\"0\" width=\"560\" height=\"315\"><\/iframe><br \/>\n<a href=\"http:\/\/www.eloriente.net\/home\/wp-content\/uploads\/2014\/07\/YO-SOY-132-Algunos-derechos-reservados-por-MaloMalverde.jpg\"><img loading=\"lazy\" decoding=\"async\" class=\"alignnone size-medium wp-image-30160\" title=\"YO SOY 132 Algunos derechos reservados por MaloMalverde\" src=\"http:\/\/www.eloriente.net\/home\/wp-content\/uploads\/2014\/07\/YO-SOY-132-Algunos-derechos-reservados-por-MaloMalverde-300x198.jpg\" alt=\"\" width=\"300\" height=\"198\" srcset=\"http:\/\/www.eloriente.net\/home\/wp-content\/uploads\/2014\/07\/YO-SOY-132-Algunos-derechos-reservados-por-MaloMalverde-300x198.jpg 300w, http:\/\/www.eloriente.net\/home\/wp-content\/uploads\/2014\/07\/YO-SOY-132-Algunos-derechos-reservados-por-MaloMalverde.jpg 1024w\" sizes=\"(max-width: 300px) 100vw, 300px\" \/><\/a><\/p>\n<p>IMAGEN:<\/p>\n<p><a title=\"Attribution-ShareAlike License\" href=\"https:\/\/creativecommons.org\/licenses\/by-sa\/2.0\/\">Algunos derechos reservados<\/a>\u00a0por\u00a0<a href=\"https:\/\/www.flickr.com\/photos\/malomalverde\/\">MaloMalverde<\/a><\/p>\n<p>OTRAS ENTRADAS:<\/p>\n<div id=\"post-30028\">\n<h2><a title=\"Permalink to \u00bfStalkear o no stalkear?\u2026 \u00e9sa es la cuesti\u00f3n\" href=\"http:\/\/www.eloriente.net\/home\/2014\/07\/25\/stalkear-o-no-stalkear-esa-es-la-cuestion\/\" rel=\"bookmark\">\u00bfStalkear o no stalkear?\u2026 \u00e9sa es la cuesti\u00f3n<\/a><\/h2>\n<p><a href=\"http:\/\/www.eloriente.net\/home\/2014\/07\/25\/stalkear-o-no-stalkear-esa-es-la-cuestion\/\" rel=\"bookmark\"><img decoding=\"async\" title=\"\u00bfStalkear o no stalkear?\u2026 \u00e9sa es la cuesti\u00f3n\" src=\"http:\/\/www.eloriente.net\/home\/wp-content\/themes\/city-desk\/timthumb.php?src=http%3A%2F%2Fwww.eloriente.net%2Fhome%2Fwp-content%2Fuploads%2F2014%2F07%2FFacebook-Por-melenita2012.jpg&amp;q=90&amp;w=160&amp;h=106&amp;zc=1\" alt=\"\u00bfStalkear o no stalkear?\u2026 \u00e9sa es la cuesti\u00f3n\" \/><\/a>eloriente.net 25\/julio\/2014 Por: Dr. Jos\u00e9 Carlos V\u00e1zquez* \u00a0 \u00bfStalkear o no stalkear?\u2026 \u00e9sa es la cuesti\u00f3n Es curioso como hace a\u00f1os el espiar a alguien era algo sumamente mal visto, algo obsesivo, reprochable e incluso enfermizo. Como no imaginarnos a esa persona que desde su ventana nos observa con sus binoculares, deseoso de vernos desde [&#8230;]<\/p>\n<p>July 25, 2014<a title=\"Comment on \u00bfStalkear o no stalkear?\u2026 \u00e9sa es la cuesti\u00f3n\" href=\"http:\/\/www.eloriente.net\/home\/2014\/07\/25\/stalkear-o-no-stalkear-esa-es-la-cuestion\/#respond\">No Comment<\/a><a title=\"Permalink to \u00bfStalkear o no stalkear?\u2026 \u00e9sa es la cuesti\u00f3n\" href=\"http:\/\/www.eloriente.net\/home\/2014\/07\/25\/stalkear-o-no-stalkear-esa-es-la-cuestion\/\" rel=\"bookmark\">Read More<\/a><a title=\"Edit Post\" href=\"http:\/\/www.eloriente.net\/home\/wp-admin\/post.php?post=30028&amp;action=edit\">#<\/a><\/p>\n<\/div>\n<div id=\"post-30049\">\n<h2><a title=\"Permalink to El PNUD y la voz de la juventud\" href=\"http:\/\/www.eloriente.net\/home\/2014\/07\/24\/el-pnud-y-la-voz-de-la-juventud\/\" rel=\"bookmark\">El PNUD y la voz de la juventud<\/a><\/h2>\n<p><a href=\"http:\/\/www.eloriente.net\/home\/2014\/07\/24\/el-pnud-y-la-voz-de-la-juventud\/\" rel=\"bookmark\"><img decoding=\"async\" title=\"El PNUD y la voz de la juventud\" src=\"http:\/\/www.eloriente.net\/home\/wp-content\/themes\/city-desk\/timthumb.php?src=http%3A%2F%2Fwww.eloriente.net%2Fhome%2Fwp-content%2Fuploads%2F2014%2F07%2FJoven-Por-United-Nations-Photo.jpg&amp;q=90&amp;w=160&amp;h=106&amp;zc=1\" alt=\"El PNUD y la voz de la juventud\" \/><\/a>eloriente.net 24\/julio\/2014 Por:\u00a0Alejandra Silva Soriano Se estima que en el mundo vivimos m\u00e1s de 3,000 millones de personas con menos de 25 a\u00f1os, de los cuales, seg\u00fan datos de la ONU, la gran mayor\u00eda tiene una formaci\u00f3n insuficiente, sin trabajo o con empleos precarios que limitan sus posibilidades. Cifras alarmantes como que s\u00f3lo el 35% [&#8230;]<\/p>\n<p>July 24, 2014<a title=\"Comment on El PNUD y la voz de la juventud\" href=\"http:\/\/www.eloriente.net\/home\/2014\/07\/24\/el-pnud-y-la-voz-de-la-juventud\/#respond\">No Comment<\/a><a title=\"Permalink to El PNUD y la voz de la juventud\" href=\"http:\/\/www.eloriente.net\/home\/2014\/07\/24\/el-pnud-y-la-voz-de-la-juventud\/\" rel=\"bookmark\">Read More<\/a><a title=\"Edit Post\" href=\"http:\/\/www.eloriente.net\/home\/wp-admin\/post.php?post=30049&amp;action=edit\">#<\/a><\/p>\n<\/div>\n<h2><a title=\"Permalink to Ofrecen posgrados en Ciencias Empresariales y Administraci\u00f3n P\u00fablica\" href=\"http:\/\/www.eloriente.net\/home\/2014\/07\/24\/ofrecen-posgrados-en-ciencias-empresariales-y-administracion-publica\/\" rel=\"bookmark\">Ofrecen posgrados en Ciencias Empresariales y Administraci\u00f3n P\u00fablica<\/a><\/h2>\n<p><a href=\"http:\/\/www.eloriente.net\/home\/2014\/07\/24\/ofrecen-posgrados-en-ciencias-empresariales-y-administracion-publica\/\" rel=\"bookmark\"><img decoding=\"async\" title=\"Ofrecen posgrados en Ciencias Empresariales y Administraci\u00f3n P\u00fablica\" src=\"http:\/\/www.eloriente.net\/home\/wp-content\/themes\/city-desk\/timthumb.php?src=http%3A%2F%2Fwww.eloriente.net%2Fhome%2Fwp-content%2Fuploads%2F2014%2F07%2FContadur%C3%ADa-UABJO.jpg&amp;q=90&amp;w=160&amp;h=106&amp;zc=1\" alt=\"Ofrecen posgrados en Ciencias Empresariales y Administraci\u00f3n P\u00fablica\" \/><\/a><\/p>\n<p>eloriente.net\/UABJO 24\/julio\/2014 La Facultad de Contadur\u00eda y Administraci\u00f3n de la Universidad Aut\u00f3noma \u201cBenito Ju\u00e1rez\u201d de Oaxaca (UABJO) abre sus convocatorias para dos programas de posgrado, correspondientes a maestr\u00eda y doctorado en Ciencias Empresariales y Administraci\u00f3n P\u00fablica, mismas que se encuentran vigentes hasta el 25 de julio del presente a\u00f1o. Ambos programas de estudios han sido [&#8230;]<\/p>\n<p>July 24, 2014<\/p>\n\n\t\t\t  <div \n\t\t\t  \tclass = \"fb-comments\" \n\t\t\t  \tdata-href = \"http:\/\/www.eloriente.net\/home\/2014\/07\/26\/jovenes-en-politica-podemos-lo-que-no-fue-el-yosoy132\/\"\n\t\t\t  \tdata-numposts = \"10\"\n\t\t\t\tdata-colorscheme = \"dark\"\n\t\t\t\tdata-order-by = \"social\"\n\t\t\t\tdata-mobile=true>\n\t\t\t  <\/div>\n\t\t  <style>\n\t\t\t.fb_iframe_widget_fluid_desktop iframe {\n\t\t\t    width: 100% !important;\n\t\t\t}\n\t\t  <\/style>\n\t\t  ","protected":false},"excerpt":{"rendered":"<p>eloriente.net\/Agencia N22 26 de julio de 2014 Entrevista con el polit\u00f3logo Genaro Lozano y Carlos Brito, ex integrante del movimiento \u00ab#YoSoy132\u00bb, acerca del movimiento surgido en M\u00e9xico, y la comparaci\u00f3n con otros como \u00abPodemos\u00bb que lleg\u00f3 a convertirse en un partido pol\u00edtico en Espa\u00f1a, llev\u00e1ndolo al Congreso de la Uni\u00f3n Europea. IMAGEN: Algunos derechos reservados\u00a0por\u00a0MaloMalverde [&hellip;]<\/p>\n","protected":false},"author":1,"featured_media":30160,"comment_status":"open","ping_status":"open","sticky":false,"template":"","format":"standard","meta":{"_jetpack_memberships_contains_paid_content":false,"footnotes":""},"categories":[6,49,32,10,24,21,31],"tags":[],"class_list":["post-30159","post","type-post","status-publish","format-standard","has-post-thumbnail","hentry","category-canal-4-especiales","category-destacadas","category-entradas","category-lo-mas-reciente","category-mexico-y-el-mundo","category-politica-y-gobierno","category-principal"],"jetpack_featured_media_url":"http:\/\/www.eloriente.net\/home\/wp-content\/uploads\/2014\/07\/YO-SOY-132-Algunos-derechos-reservados-por-MaloMalverde.jpg","jetpack_sharing_enabled":true,"_links":{"self":[{"href":"http:\/\/www.eloriente.net\/home\/wp-json\/wp\/v2\/posts\/30159"}],"collection":[{"href":"http:\/\/www.eloriente.net\/home\/wp-json\/wp\/v2\/posts"}],"about":[{"href":"http:\/\/www.eloriente.net\/home\/wp-json\/wp\/v2\/types\/post"}],"author":[{"embeddable":true,"href":"http:\/\/www.eloriente.net\/home\/wp-json\/wp\/v2\/users\/1"}],"replies":[{"embeddable":true,"href":"http:\/\/www.eloriente.net\/home\/wp-json\/wp\/v2\/comments?post=30159"}],"version-history":[{"count":2,"href":"http:\/\/www.eloriente.net\/home\/wp-json\/wp\/v2\/posts\/30159\/revisions"}],"predecessor-version":[{"id":30163,"href":"http:\/\/www.eloriente.net\/home\/wp-json\/wp\/v2\/posts\/30159\/revisions\/30163"}],"wp:featuredmedia":[{"embeddable":true,"href":"http:\/\/www.eloriente.net\/home\/wp-json\/wp\/v2\/media\/30160"}],"wp:attachment":[{"href":"http:\/\/www.eloriente.net\/home\/wp-json\/wp\/v2\/media?parent=30159"}],"wp:term":[{"taxonomy":"category","embeddable":true,"href":"http:\/\/www.eloriente.net\/home\/wp-json\/wp\/v2\/categories?post=30159"},{"taxonomy":"post_tag","embeddable":true,"href":"http:\/\/www.eloriente.net\/home\/wp-json\/wp\/v2\/tags?post=30159"}],"curies":[{"name":"wp","href":"https:\/\/api.w.org\/{rel}","templated":true}]}}