{"id":30215,"date":"2014-07-28T16:51:41","date_gmt":"2014-07-28T22:51:41","guid":{"rendered":"http:\/\/www.eloriente.net\/home\/?p=30215"},"modified":"2014-07-29T17:16:14","modified_gmt":"2014-07-29T23:16:14","slug":"10-eventos-y-festivales-culturales-en-agosto-2014","status":"publish","type":"post","link":"http:\/\/www.eloriente.net\/home\/2014\/07\/28\/10-eventos-y-festivales-culturales-en-agosto-2014\/","title":{"rendered":"10 eventos y festivales culturales en agosto 2014"},"content":{"rendered":"<p>eloriente.net<\/p>\n<p>28\/julio\/2014<\/p>\n<p>Importantes eventos y festivales culturales tendr\u00e1n lugar a lo largo de la Rep\u00fablica Mexicana durante el mes de agosto. ELORIENTE.NET\u00a0te da a conocer 10 opciones diferentes con la finalidad de que los conozcas y si tienes la oportunidad, asistir a alguno:<\/p>\n<p><a href=\"http:\/\/www.guanajuatofilmfestival.com\/\" target=\"_blank\"><strong>1.\u00a0Festival Internacional de Cine Guanajuato (GIFF)<\/strong><\/a><\/p>\n<p>Fechas: Del 25 de julio al 3 de agosto de 2014.\u00a0Sede: Guanajuato y San Miguel de Allende.<\/p>\n<p>Durante los primeros tres d\u00edas de agosto, concluir\u00e1 el Festival Internacional de Cine Guanajuato 2014, evento que re\u00fane desde 1998 a lo m\u00e1s reciente de la producci\u00f3n de documentales y cortometrajes en M\u00e9xico y el extranjero. Adem\u00e1s, se organizan exposiciones, conferencias y entrega de reconocimientos.<\/p>\n<p>Su prop\u00f3sito es la creaci\u00f3n de una cultura cinematogr\u00e1fica s\u00f3lida, abierta a diversas manifestaciones. Es auspiciado por el gobierno estatal, a trav\u00e9s de sus instituciones encargadas de turismo y cultura, junto con\u00a0el Instituto Mexicano de Cinematograf\u00eda e iniciativa privada.<\/p>\n<p><strong><a href=\"http:\/\/sc.jalisco.gob.mx\/\" target=\"_blank\">2. Festival de las Artes de Jalisco<\/a>\u00a0<\/strong><\/p>\n<p><strong><\/strong>Fechas: Del 1 al 9 de agosto de 2014. Sede: Guadalajara, Jalisco.<\/p>\n<p>En la capital tapat\u00eda tendr\u00e1 lugar el Festival de las Artes de Jalisco 2014, espacio para la promoci\u00f3n y la difusi\u00f3n de propuestas y proyectos de agrupaciones de creadores consolidados y emergentes. El Festival Estatal de las Artes de Jalisco (Festa) incluye la presentaci\u00f3n de espect\u00e1culos gratuitos al aire libre y en recintos como el Teatro Degollado y el Instituto Cultural Caba\u00f1as.<\/p>\n<p>En su primera edici\u00f3n cuenta con la participaci\u00f3n de los creadores m\u00e1s destacados de 33 municipios de la entidad, quienes participan con m\u00fasica en diversos g\u00e9neros, as\u00ed como danza folcl\u00f3rica tradicional. Consulta el programa completo, dando <a href=\"http:\/\/sc.jalisco.gob.mx\/sites\/sc.jalisco.gob.mx\/files\/programa_festajalisco2014_0.pdf\" target=\"_blank\">click aqu\u00ed<\/a>.<\/p>\n<p><a href=\"http:\/\/www.mexicoescultura.com\/actividad\/117009\/2do.%20Festival%20Internacional%20del%20Centro%20Cultural%20Mexiquense%20Bicentenario.html#.U9bRo4B5PCs\" target=\"_blank\"><strong>3) 2\u00ba Festival Internacional del Centro Cultural Mexiquense Bicentenario<\/strong><\/a><\/p>\n<p>Fecha: Del 1 al 31 de agosto de 2014. Sede:\u00a0Texcoco, Estado de M\u00e9xico.<\/p>\n<p>Durante el 2\u00ba Festival Internacional del Centro Cultural Mexiquense Bicentenario se realizar\u00e1n actividades relacionadas a la m\u00fasica, literatura, danza y teatro, provenientes de pa\u00edses como Brasil, Chile, Espa\u00f1a, Bulgaria, Dinamarca, India, Jap\u00f3n, Colombia, Francia, Egipto, Cuba, Israel y China.<\/p>\n<p>Adem\u00e1s, el cantautor yucateco Armando Manzanero inaugurar\u00e1 el festival, present\u00e1ndose con la Orquesta Mexiquense, dirigida por Rodrigo Mac\u00edas y para cerrar las actividades Ximena Sari\u00f1ana.<\/p>\n<p>El centro cultural est\u00e1 ubicado en\u00a0Kil\u00f3metro 33.5, carretera federal M\u00e9xico-Texcoco S\/N , esquina con Manuel Gonz\u00e1lez, colonia\u00a0San Miguel Coatlinch\u00e1n,\u00a0Texcoco, Estado de M\u00e9xico.<\/p>\n<p><a href=\"http:\/\/www.conaculta.gob.mx\/estados\/actividades_detalle.php?id=116665#.U9bFBIB5PCs\" target=\"_blank\"><strong>4) Concurso Nacional de Constructores de Guitarras y del Juguete Popular<\/strong><\/a><\/p>\n<p>Fechas: Del 2 al 10 de agosto de 2014. Sede: Morelia, Michoac\u00e1n.<\/p>\n<p>Durante una semana en la Casa de las Artesan\u00edas del Estado de Michoac\u00e1n, ubicada en la ciudad de Morelia, se exhibir\u00e1n y pondr\u00e1n a la venta piezas participantes del Concurso Nacional de Constructores de Guitarras y de Juguete Popular Michoacano.<\/p>\n<p>La Casa de las Artesan\u00edas se encuentra en Fray Juan de San Miguel No. 129, esquina con Humboldt, Centro,\u00a0Morelia,\u00a0Michoac\u00e1n. Horario de\u00a010:00 a 20:00 horas.\u00a0Entrada libre.<\/p>\n<p><strong><a href=\"http:\/\/www.mexicoescultura.com\/actividad\/117025\/Festival%20Teatro%20Wilberto%20Cant%C3%B3n%202014.html\" target=\"_blank\">5) Festival Teatro Wilberto Cant\u00f3n 2014<\/a><\/strong><\/p>\n<p>Fechas: Del 2 al 16 de agosto de 2014. Sede: M\u00e9rida, Yucat\u00e1n.<\/p>\n<p>Durante dos semanas, la capital yucateca reunir\u00e1 a profesiones de teatro del estado. Este festival representa\u00a0el espacio de mayor oferta teatral anual al conjuntar diversas t\u00e9cnicas y tendencias art\u00edsticas de montaje como la \u00f3pera, el teatro de t\u00edteres, el teatro regional yucateco y el mexicano contempor\u00e1neo, el teatro universal, el cl\u00e1sico, el teatro callejero, el teatro infantil y para ni\u00f1os, el teatro realizado por personas con discapacidad, el teatro comunitario en maya o biling\u00fce y el experimental.<\/p>\n<p>El evento se realizar\u00e1 en el teatro Jos\u00e9 Pe\u00f3n Contreras, ubicado en<strong>\u00a0<\/strong>Calle 60 No. 490, entre 57 y 59, Centro de M\u00e9rida. Consulta la cartelera en <a href=\"http:\/\/www.culturayucatan.com\" target=\"_blank\">www.culturayucatan.com<\/a>.<\/p>\n<p><strong><a href=\"http:\/\/snfm.conaculta.gob.mx\/actividades\/detalle-actividad.php?id_act=116701\" target=\"_blank\">6) 24 Gira Nacional de la Orquesta Sinf\u00f3nica Infantil y Juvenil de M\u00e9xico<\/a><\/strong><\/p>\n<p>Fecha: 3 de agosto de 2014. Sede: Pachuca, Hidalgo.<\/p>\n<p>El pr\u00f3ximo domingo a las 13:00 horas se presentar\u00e1 en Pachuca, la\u00a024\u00ba Gira Nacional de la Orquesta Sinf\u00f3nica Infantil y Juvenil de M\u00e9xico, bajo la direcci\u00f3n art\u00edstica de Eduardo Garc\u00eda Barrios; y con los directores invitados Pablo Varela y Roberto Renter\u00eda; con interpretaciones como\u00a0<em>La Arlesiana<\/em>,\u00a0<em>Danz\u00f3n No. 7<\/em>,\u00a0<em>El Sombrero de Tres Picos<\/em>,\u00a0<em>El jicote aguamielero<\/em>,\u00a0<em>Imagine<\/em>,\u00a0<em>Alas<\/em>, entre otros.<\/p>\n<p>El auditorio est\u00e1 ubicado en la calle\u00a0Camino Real de la Plata, Parque Cultural David Ben Guri\u00f3n, Colonia Venta Prieta, CP. 42084, Pachuca de Soto, Hidalgo. La entrada es libre.<\/p>\n<p><a href=\"http:\/\/www.mexicoescultura.com\/actividad\/116744\/14o%20Festival%20Internacional%20de%20Danza%20en%20Tabasco.html#.U9bKUIB5PCs\" target=\"_blank\"><strong>7) 14\u00ba Festival Internacional de Danza en Tabasco\u00a0<\/strong><\/a><\/p>\n<p>Fechas: Del 7 a 10 de agosto. Sede: Villahermosa, Tabasco.<\/p>\n<p>La capital tabasque\u00f1a dar\u00e1 cita del 7 al 10 de agosto a diferentes compa\u00f1\u00edas de danza: \u00cdntimo Tango; Ballet Cl\u00e1sico de Yucat\u00e1n; Moving Borders y Cuatro x Cuatro; e Incolballet; provenientes de Ciudad de M\u00e9xico, M\u00e9rida, Xalapa y Colombia para llevar a cabo el 14\u00ba Festival Internacional de Danza de Tabasco, respectivamente.<\/p>\n<p>El evento tendr\u00e1 lugar en el\u00a0Teatro del Estado Esperanza Iris, ubicado en<strong>\u00a0<\/strong>Av. Carlos Pellicer C\u00e1mara s\/n, Centro,\u00a0Villahermosa, Tabasco. La entrada es libre.<\/p>\n<p><a href=\"http:\/\/www.mexicoescultura.com\/actividad\/117091\/14a.%20Bienal%20de%20Artes%20Visuales%20del%20Noroeste.html\" target=\"_blank\"><strong>8) 14\u00ba Bienal de Artes Visuales del Noroeste<\/strong><\/a><\/p>\n<p>Fechas: Del\u00a08 de agosto de 2014\u00a0al 30 de septiembre de 2014. Sede, Tijuana, Baja California.<\/p>\n<p>Con el prop\u00f3sito de reconocer, fortalecer, estimular y difundir la creaci\u00f3n art\u00edstica en el noroeste de M\u00e9xico, el Instituto Sinaloense de Cultura, el Instituto de Cultura de Baja California, el Centro Cultural Tijuana, el Instituto Sonorense de Cultura, el Instituto Sudcaliforniano de Cultura, y el Consejo Nacional para la Cultura y las Artes, a trav\u00e9s de la Direcci\u00f3n General de Vinculaci\u00f3n Cultural, invitan a la exposici\u00f3n de las obras participantes en la 14\u00ba Bienal de Artes Visuales del Noroeste, celebrada en 2013.<\/p>\n<p>Durante la mayor parte de agosto las obras estar\u00e1n disponibles para apreciaci\u00f3n del p\u00fablico en el Centro Cultural Tijuana (CECUT), ubicado en Paseo de los H\u00e9roes No. 9350, esquina con Francisco Javier Mina,\u00a0Colonia Zona Urbana R\u00edo Tijuana,\u00a0CP. 22010,\u00a0Tijuana, Baja California.<\/p>\n<p><a href=\"http:\/\/www.lamatatena.org\/19ofestival.html\" target=\"_blank\"><strong>9) 19\u00ba Festival Internacional de Cine para Ni\u00f1os (&#8230;y no tan Ni\u00f1os)<\/strong><\/a><\/p>\n<p>Fechas: Del 5 al 10 de agosto de 2014. Sede: Ciudad de M\u00e9xico.<\/p>\n<p>Durante cinco d\u00edas en la Ciudad de M\u00e9xico se exhibir\u00e1n 92 pel\u00edculas de 34 pa\u00edses, las m\u00e1s recientes propuestas cinematogr\u00e1ficas dirigidas a ni\u00f1as y ni\u00f1os, en: Cineteca Nacional, Sala Julio Bracho del Centro Cultural Universitario, Universidad Aut\u00f3noma Chapingo, Faro de Oriente.<\/p>\n<p>Para consultar programaci\u00f3n dirigirse a la p\u00e1gina web <a href=\"http:\/\/www.lamatatena.org\" target=\"_blank\">www.lamatatena.org<\/a>. Las proyecciones se llevar\u00e1n a cabo en\u00a0Faro de Oriente, ubicado en\u00a0Lateral Calz. Ignacio Zaragoza s\/n, esquina con Pinos, colonia Fuentes de Zaragoza,\u00a0Delegaci\u00f3n Iztapalapa,\u00a0M\u00e9xico, Distrito Federal.<\/p>\n<p><strong><a href=\"http:\/\/www.auditorio.com.mx\/web\/date-un-momento-de-tregua\/\" target=\"_blank\">10) Date un momento de tregua<\/a><\/strong><\/p>\n<p>Fecha: 10 de agosto de 2014. Sede: Ciudad de M\u00e9xico.<\/p>\n<p>El Auditorio Nacional, Alfaguara y W Radio realizar\u00e1n por primera vez una lectura p\u00fablica de la obra \u00abLa tregua\u00bb, del escritor uruguayo Mario Benedetti, a cinco a\u00f1os de su muerte (1920-2009), para recordar a uno de los m\u00e1ximos representantes de la poes\u00eda en espa\u00f1ol y\u00a0literatura latinoamericana.<\/p>\n<p>En el marco de la celebraci\u00f3n de los 50 a\u00f1os de Alfaguara, el evento se realizar\u00e1 a las 12:00 horas del d\u00eda 10 agosto de 2014 en el Auditorio Nacional. La entrada es libre, para participar los interesados deber\u00e1n solicitar su pase a trav\u00e9s del correo electr\u00f3nico\u00a0<a href=\"mailto:dateunatregua@auditorio.mx\" target=\"_blank\">dateunatregua@auditorio.mx<\/a>.<\/p>\n<p>&nbsp;<\/p>\n<p><em>Con informaci\u00f3n del Sistema de Informaci\u00f3n Cultural de Conaculta; M\u00e9xico es cultura; y del Grupo Editorial,\u00a0Penguin Random House.<\/em><\/p>\n<p>&nbsp;<\/p>\n<p><a href=\"http:\/\/www.eloriente.net\/home\/wp-content\/uploads\/2014\/01\/cultura1.jpg\"><img loading=\"lazy\" decoding=\"async\" class=\"alignnone size-medium wp-image-19971\" title=\"cultura\" src=\"http:\/\/www.eloriente.net\/home\/wp-content\/uploads\/2014\/01\/cultura1-300x168.jpg\" alt=\"\" width=\"300\" height=\"168\" srcset=\"http:\/\/www.eloriente.net\/home\/wp-content\/uploads\/2014\/01\/cultura1-300x168.jpg 300w, http:\/\/www.eloriente.net\/home\/wp-content\/uploads\/2014\/01\/cultura1.jpg 1024w\" sizes=\"(max-width: 300px) 100vw, 300px\" \/><\/a><\/p>\n<p>&nbsp;<\/p>\n<p><strong>Entradas relacionadas:<\/strong><\/p>\n<p><a title=\"Permalink to 28\/Jul\/14 10:00 En vivo: La octava de la Guelaguetza 2014\" href=\"http:\/\/www.eloriente.net\/home\/2014\/07\/28\/2jul14-1000-en-vivo-la-octava-de-la-guelaguetza-2014\/\" rel=\"bookmark\">28\/Jul\/14 10:00 En vivo: La octava de la Guelaguetza 2014<\/a><\/p>\n<p><a href=\"http:\/\/www.eloriente.net\/home\/2014\/07\/28\/2jul14-1000-en-vivo-la-octava-de-la-guelaguetza-2014\/\" rel=\"bookmark\"><img decoding=\"async\" title=\"28\/Jul\/14 10:00 En vivo: La octava de la Guelaguetza 2014\" src=\"http:\/\/www.eloriente.net\/home\/wp-content\/themes\/city-desk\/timthumb.php?src=http%3A%2F%2Fwww.eloriente.net%2Fhome%2Fwp-content%2Fuploads%2F2014%2F07%2FGuelaguetza-Por-Gabino-Cu%C3%A9-Monteagudo1.jpg&amp;q=90&amp;w=160&amp;h=106&amp;zc=1\" alt=\"28\/Jul\/14 10:00 En vivo: La octava de la Guelaguetza 2014\" \/><\/a><\/p>\n<p>eloriente.net 28\/julio\/2014 Como cada a\u00f1o desde 1932, durante los dos \u00faltimos lunes del mes de julio, se realiza la\u00a0Guelaguetza, la m\u00e1xima fiesta de los oaxaque\u00f1os, un encuentro folkl\u00f3rico de m\u00fasica y danza de las ocho regiones de la entidad: Ca\u00f1ada, Costa, Istmo, Mixteca, Papaloapan, Sierra Norte, Sierra Sur y Valles Centrales. Hoy, en punto de [&#8230;]<\/p>\n<p>July 28, 2014<\/p>\n<p><a title=\"Permalink to Innovando la tradici\u00f3n\" href=\"http:\/\/www.eloriente.net\/home\/2014\/07\/26\/innovando-la-tradicion\/\" rel=\"bookmark\">Innovando la tradici\u00f3n<\/a><\/p>\n<p><a href=\"http:\/\/www.eloriente.net\/home\/2014\/07\/26\/innovando-la-tradicion\/\" rel=\"bookmark\"><img decoding=\"async\" title=\"Innovando la tradici\u00f3n\" src=\"http:\/\/www.eloriente.net\/home\/wp-content\/themes\/city-desk\/timthumb.php?src=http%3A%2F%2Fwww.eloriente.net%2Fhome%2Fwp-content%2Fuploads%2F2014%2F07%2FInnovando-la-Tradici%C3%B3n.jpg&amp;q=90&amp;w=160&amp;h=106&amp;zc=1\" alt=\"Innovando la tradici\u00f3n\" \/><\/a><\/p>\n<p>eloriente.net\/Hub Oaxaca 26\/julio\/2014 Por: Jos\u00e9 Pablo Salas Dise\u00f1adores impulsan innovaci\u00f3n y conservaci\u00f3n de la alfarer\u00eda tradicional. A pesar de la creencia com\u00fan de que la tecnolog\u00eda y la modernidad acaban con las tradiciones, un colectivo de dise\u00f1adores, artistas y artesanos mexicanos han demostrado que se pueden preservar e innovar las formas en las que se [&#8230;]<\/p>\n<p>July 26, 2014<\/p>\n<p><a title=\"Permalink to Antropolog\u00eda visual y cine etnogr\u00e1fico\" href=\"http:\/\/www.eloriente.net\/home\/2014\/07\/24\/antropologia-visual-y-cine-etnografico\/\" rel=\"bookmark\">Antropolog\u00eda visual y cine etnogr\u00e1fico<\/a><\/p>\n<p><a href=\"http:\/\/www.eloriente.net\/home\/2014\/07\/24\/antropologia-visual-y-cine-etnografico\/\" rel=\"bookmark\"><img decoding=\"async\" title=\"Antropolog\u00eda visual y cine etnogr\u00e1fico\" src=\"http:\/\/www.eloriente.net\/home\/wp-content\/themes\/city-desk\/timthumb.php?src=http%3A%2F%2Fwww.eloriente.net%2Fhome%2Fwp-content%2Fuploads%2F2014%2F07%2FAntropologi%CC%81a-visual-y-cine-etnogra%CC%81fico.jpg&amp;q=90&amp;w=160&amp;h=106&amp;zc=1\" alt=\"Antropolog\u00eda visual y cine etnogr\u00e1fico\" \/><\/a><\/p>\n<p>eloriente.net\/FAHHO 24\/julio\/2014 Por: Brisseyda V\u00e1squez Como parte del ciclo \u201cPueblos ind\u00edgenas y medios de comunicaci\u00f3n\u201d, la Biblioteca de Investigaci\u00f3n Juan de C\u00f3rdova (BIJC) organiz\u00f3 la conferencia \u201cNuevos enfoques en la antropolog\u00eda visual y el cine etnogr\u00e1fico\u201d a cargo de Antonio Ziri\u00f3n, quien dio a conocer varios mitos y cambios sobre dichos temas. El ponente comenz\u00f3 [&#8230;]<\/p>\n<p>July 24, 2014<\/p>\n\n\t\t\t  <div \n\t\t\t  \tclass = \"fb-comments\" \n\t\t\t  \tdata-href = \"http:\/\/www.eloriente.net\/home\/2014\/07\/28\/10-eventos-y-festivales-culturales-en-agosto-2014\/\"\n\t\t\t  \tdata-numposts = \"10\"\n\t\t\t\tdata-colorscheme = \"dark\"\n\t\t\t\tdata-order-by = \"social\"\n\t\t\t\tdata-mobile=true>\n\t\t\t  <\/div>\n\t\t  <style>\n\t\t\t.fb_iframe_widget_fluid_desktop iframe {\n\t\t\t    width: 100% !important;\n\t\t\t}\n\t\t  <\/style>\n\t\t  ","protected":false},"excerpt":{"rendered":"<p>eloriente.net 28\/julio\/2014 Importantes eventos y festivales culturales tendr\u00e1n lugar a lo largo de la Rep\u00fablica Mexicana durante el mes de agosto. ELORIENTE.NET\u00a0te da a conocer 10 opciones diferentes con la finalidad de que los conozcas y si tienes la oportunidad, asistir a alguno: 1.\u00a0Festival Internacional de Cine Guanajuato (GIFF) Fechas: Del 25 de julio al [&hellip;]<\/p>\n","protected":false},"author":26,"featured_media":19971,"comment_status":"open","ping_status":"open","sticky":false,"template":"","format":"standard","meta":{"_jetpack_memberships_contains_paid_content":false,"footnotes":""},"categories":[8,64,18,32,63,61,464,31],"tags":[239,4076,241,317,1548,141,541],"class_list":["post-30215","post","type-post","status-publish","format-standard","has-post-thumbnail","hentry","category-agenda","category-distrito-federal","category-educacion-y-cultura","category-entradas","category-estados","category-merida","category-oaxaca-estados","category-principal","tag-arte","tag-cine","tag-cultura","tag-eventos","tag-festivales","tag-mexico","tag-teatro"],"jetpack_featured_media_url":"http:\/\/www.eloriente.net\/home\/wp-content\/uploads\/2014\/01\/cultura1.jpg","jetpack_sharing_enabled":true,"_links":{"self":[{"href":"http:\/\/www.eloriente.net\/home\/wp-json\/wp\/v2\/posts\/30215"}],"collection":[{"href":"http:\/\/www.eloriente.net\/home\/wp-json\/wp\/v2\/posts"}],"about":[{"href":"http:\/\/www.eloriente.net\/home\/wp-json\/wp\/v2\/types\/post"}],"author":[{"embeddable":true,"href":"http:\/\/www.eloriente.net\/home\/wp-json\/wp\/v2\/users\/26"}],"replies":[{"embeddable":true,"href":"http:\/\/www.eloriente.net\/home\/wp-json\/wp\/v2\/comments?post=30215"}],"version-history":[{"count":31,"href":"http:\/\/www.eloriente.net\/home\/wp-json\/wp\/v2\/posts\/30215\/revisions"}],"predecessor-version":[{"id":30278,"href":"http:\/\/www.eloriente.net\/home\/wp-json\/wp\/v2\/posts\/30215\/revisions\/30278"}],"wp:featuredmedia":[{"embeddable":true,"href":"http:\/\/www.eloriente.net\/home\/wp-json\/wp\/v2\/media\/19971"}],"wp:attachment":[{"href":"http:\/\/www.eloriente.net\/home\/wp-json\/wp\/v2\/media?parent=30215"}],"wp:term":[{"taxonomy":"category","embeddable":true,"href":"http:\/\/www.eloriente.net\/home\/wp-json\/wp\/v2\/categories?post=30215"},{"taxonomy":"post_tag","embeddable":true,"href":"http:\/\/www.eloriente.net\/home\/wp-json\/wp\/v2\/tags?post=30215"}],"curies":[{"name":"wp","href":"https:\/\/api.w.org\/{rel}","templated":true}]}}