{"id":30258,"date":"2014-07-29T10:29:20","date_gmt":"2014-07-29T16:29:20","guid":{"rendered":"http:\/\/www.eloriente.net\/home\/?p=30258"},"modified":"2014-07-29T11:41:42","modified_gmt":"2014-07-29T17:41:42","slug":"convocan-a-universitarios-a-realizar-estancia-en-washington","status":"publish","type":"post","link":"http:\/\/www.eloriente.net\/home\/2014\/07\/29\/convocan-a-universitarios-a-realizar-estancia-en-washington\/","title":{"rendered":"Convocan a universitarios a realizar estancia en Washington"},"content":{"rendered":"<p>eloriente.net<\/p>\n<p>29\/julio\/2014<\/p>\n<p>La Subsecretar\u00eda de Educaci\u00f3n Superior de la Secretar\u00eda de Educaci\u00f3n P\u00fablica (SEP), a trav\u00e9s de la Coordinaci\u00f3n Nacional de Becas de Educaci\u00f3n Superior, y la Secretar\u00eda de Desarrollo Social (SEDESOL, a trav\u00e9s del Instituto Mexicano de la Juventus (IMJUVE) convocan a estudiantes universitarios\u00a0de alguna instituci\u00f3n p\u00fablica del pa\u00eds a solicitar una de las 100 becas disponibles de movilidad internacional \u00abIniciativa Rumbo Joven\u00bb.<\/p>\n<p>El programa consiste en realizar una estancia en la ciudad de Washington en Estados Unidos de Am\u00e9rica por un periodo de 13 semanas, iniciando el 8 de octubre de 2014. De acuerdo con la convocatoria, se busca mejorar las condiciones de movilidad de los j\u00f3venes mexicanos para contribuir al logro de sus objetivos educativos, profesionales y recreativos e incorporarlos a las actividades de participaci\u00f3n y acciones de impacto comunitario.<\/p>\n<p>The Washington Center y la Fundaci\u00f3n Liderazgo\u00a0Avanzado brindar\u00e1n a los j\u00f3venes seleccionados un entrenamiento integral, acad\u00e9mico y profesional\u00a0en distintos organismos internacionales e instituciones p\u00fablicas y privadas estadounidenses,\u00a0para llevar a cabo proyectos de impacto social, cultural o pol\u00edtico que contribuya al desarrollo de M\u00e9xico; as\u00ed como facilitar\u00e1n su desenvolvimiento en un nuevo ambiente en la capital estadounidense.<\/p>\n<p>Podr\u00e1n participar todos aquellos j\u00f3venes que busquen oportunidades de crecimiento profesional y acad\u00e9mico, y que tengan el inter\u00e9s en el desarrollo personal, social y con abierta disposici\u00f3n para el proceso de aprendizaje. Se requiere ser ciudadano mexicano, tener m\u00e1ximo 29 a\u00f1os de edad, ser alumno regular de alguna instituci\u00f3n p\u00fablica de educaci\u00f3n superior del pa\u00eds,\u00a0<strong><\/strong>haber cubierto al menos el 50% de los cr\u00e9ditos del programa de estudios y tener un promedio general m\u00ednimo de 8.5 de 10.<\/p>\n<p>Adem\u00e1s, los interesados deber\u00e1n dominar el idioma ingl\u00e9s (se realizar\u00e1 entrevista v\u00eda Skype), no tener problemas migratorios con Estados Unidos, contar con CURP, tener una cuenta personal de correo electr\u00f3nico y contar con una cuenta bancaria de d\u00e9bito a su nombre con clabe interbancaria.<\/p>\n<p>Para su postulaci\u00f3n, los candidatos deber\u00e1n presentar una idea o proyecto de acuerdo con las tem\u00e1ticas (ver en la convocatoria apartado \u00ablineamientos de la idea-proyecto\u00bb); y comprometerse, a su regreso, a ser mentores de estudiantes que quieran participar en un programa de estas caracter\u00edsticas.<\/p>\n<p>Quienes decidan participar deber\u00e1n realizar el registro de su solicitud de beca a trav\u00e9s del Sistema \u00danico de Beneficiarios de Educaci\u00f3n Superior (SUBES) en la p\u00e1gina electr\u00f3nica <a href=\"http:\/\/www.subes.sep.gob.mx\" target=\"_blank\">www.subes.sep.gob.mx<\/a>\u00a0del 26 de julio al 6 de agosto de 2014 y presentar la siguiente documentaci\u00f3n: constancia de estudios; carta de intenci\u00f3n; descripci\u00f3n de la idea-proyecto; liga electr\u00f3nica de un video en YouTube, explicando el anteproyecto; curr\u00edculum vitae, copia de acta de nacimiento, comprobante de domicilio y pasaporte; y copia del certificado TOEFL (no obligatorio). Para mayores detalles de cada requisito\u00a0ver en la convocatoria apartado \u00abdocumentos\u00bb.<\/p>\n<p>Los resultados finales ser\u00e1n publicados el 21 de agosto de 2014 en las p\u00e1ginas electr\u00f3nicas <a href=\"http:\/\/www.cnbes.sep.gob.mx\" target=\"_blank\">www.cnbes.sep.gob.mx<\/a> y <a href=\"http:\/\/www.imjuventud.gob.mx\" target=\"_blank\">www.imjuventud.gob.mx<\/a>;\u00a0asimismo, se notificar\u00e1 a los alumnos directamente. En caso de ser seleccionado, se deber\u00e1 asistir al curso de inducci\u00f3n que se llevar\u00e1 a cabo el 6 de octubre de 2014 en la Ciudad de M\u00e9xico.<\/p>\n<p>La beca cubre el pago del entrenamiento, talleres y orientaci\u00f3n por la Fundaci\u00f3n de Liderazgo Avanzado; colegiatura de The Washington Center que cubre todos los componentes acad\u00e9micos; hospedaje en Washington por un total de 13 semanas; seguro m\u00e9dico; apoyo m\u00e1ximo de 4 mil 725 pesos para la compra de los boletos de avi\u00f3n redondo; \u00a0pago de tr\u00e1mite para la visa de estudiante y apoyo de 5 mil 062 mensuales para la manutenci\u00f3n (alimentos y transporte local).<\/p>\n<p>Consulta la convocatoria completa, dando click a la siguiente <a href=\"http:\/\/www.imjuventud.gob.mx\/imgs\/uploads\/convocatoria_imjuve.pdf\" target=\"_blank\">liga de enlace<\/a>.<\/p>\n<p>&nbsp;<\/p>\n<p><a href=\"http:\/\/www.eloriente.net\/home\/wp-content\/uploads\/2014\/07\/Washington-Por-Free-HDR-Photomanipulations-www.freestock.ca_.jpg\"><img loading=\"lazy\" decoding=\"async\" class=\"alignnone size-medium wp-image-30263\" title=\"Washington-Por Free HDR &amp; Photomanipulations - www.freestock.ca\" src=\"http:\/\/www.eloriente.net\/home\/wp-content\/uploads\/2014\/07\/Washington-Por-Free-HDR-Photomanipulations-www.freestock.ca_-300x200.jpg\" alt=\"\" width=\"300\" height=\"200\" srcset=\"http:\/\/www.eloriente.net\/home\/wp-content\/uploads\/2014\/07\/Washington-Por-Free-HDR-Photomanipulations-www.freestock.ca_-300x200.jpg 300w, http:\/\/www.eloriente.net\/home\/wp-content\/uploads\/2014\/07\/Washington-Por-Free-HDR-Photomanipulations-www.freestock.ca_.jpg 1024w\" sizes=\"(max-width: 300px) 100vw, 300px\" \/><\/a><\/p>\n<p>Foto:\u00a0<a href=\"https:\/\/www.flickr.com\/photos\/82955120@N05\/\">Free HDR &amp; Photomanipulations<\/a><\/p>\n<p>&nbsp;<\/p>\n<p><strong>Entradas relacionadas:<\/strong><\/p>\n<p><a title=\"Permalink to Ingresa al servicio diplom\u00e1tico y consular de M\u00e9xico en el extranjero\" href=\"http:\/\/www.eloriente.net\/home\/2014\/07\/22\/ingresa-al-servicio-diplomatico-y-consular-de-mexico-en-el-extranjero\/\" rel=\"bookmark\">Ingresa al servicio diplom\u00e1tico y consular de M\u00e9xico en el extranjero<\/a><\/p>\n<p><a href=\"http:\/\/www.eloriente.net\/home\/2014\/07\/22\/ingresa-al-servicio-diplomatico-y-consular-de-mexico-en-el-extranjero\/\" rel=\"bookmark\"><img decoding=\"async\" title=\"Ingresa al servicio diplom\u00e1tico y consular de M\u00e9xico en el extranjero\" src=\"http:\/\/www.eloriente.net\/home\/wp-content\/themes\/city-desk\/timthumb.php?src=http%3A%2F%2Fwww.eloriente.net%2Fhome%2Fwp-content%2Fuploads%2F2014%2F07%2FEmbajada-Por-RYANISLAND.jpg&amp;q=90&amp;w=160&amp;h=106&amp;zc=1\" alt=\"Ingresa al servicio diplom\u00e1tico y consular de M\u00e9xico en el extranjero\" \/><\/a><\/p>\n<p>eloriente.net 22\/julio\/2014 Con la finalidad de reclutar gente con capacidad, aptitudes y preparaci\u00f3n para representar a M\u00e9xico a trav\u00e9s del servicio diplom\u00e1tico y consular en el extranjero,\u00a0la Secretar\u00eda de Relaciones Exteriores (SRE), convoca a j\u00f3venes profesionales\u00a0en el \u00e1rea de relaciones internacionales a participar en el Concurso P\u00fablico General de Ingreso a la rama Diplom\u00e1tico-Consular del [&#8230;]<\/p>\n<p>July 22, 2014<\/p>\n<p><a title=\"Permalink to Convocan al Premio Nacional de Ciencias y Artes\" href=\"http:\/\/www.eloriente.net\/home\/2014\/07\/12\/convocan-al-premio-nacional-de-ciencias-y-artes\/\" rel=\"bookmark\">Convocan al Premio Nacional de Ciencias y Artes<\/a><\/p>\n<p><a href=\"http:\/\/www.eloriente.net\/home\/2014\/07\/12\/convocan-al-premio-nacional-de-ciencias-y-artes\/\" rel=\"bookmark\"><img decoding=\"async\" title=\"Convocan al Premio Nacional de Ciencias y Artes\" src=\"http:\/\/www.eloriente.net\/home\/wp-content\/themes\/city-desk\/timthumb.php?src=http%3A%2F%2Fwww.eloriente.net%2Fhome%2Fwp-content%2Fuploads%2F2014%2F07%2FNarciso-Lico-EPN-Por-Presidencia.jpg&amp;q=90&amp;w=160&amp;h=106&amp;zc=1\" alt=\"Convocan al Premio Nacional de Ciencias y Artes\" \/><\/a><\/p>\n<p>eloriente.net 12\/junio\/2014 Abierta la recepci\u00f3n de candidaturas al Premio Nacional de Ciencias y Artes 2014. El gobierno de la Rep\u00fablica, a trav\u00e9s de la Secretar\u00eda de Educaci\u00f3n P\u00fablica, convoca a instituciones y agrupaciones mexicanas a proponer candidaturas al Premio Nacional de Ciencias y Artes 2014. Podr\u00e1n ser galardonados, personas, comunidades o grupos que hayan realizado [&#8230;]<\/p>\n<p>July 12, 2014<\/p>\n<p><a title=\"Permalink to Ofrece BBC sus recursos de capacitaci\u00f3n a periodistas\" href=\"http:\/\/www.eloriente.net\/home\/2014\/07\/05\/ofrece-bbc-sus-recursos-de-capacitacion-a-periodistas\/\" rel=\"bookmark\">Ofrece BBC sus recursos de capacitaci\u00f3n a periodistas<\/a><\/p>\n<p><a href=\"http:\/\/www.eloriente.net\/home\/2014\/07\/05\/ofrece-bbc-sus-recursos-de-capacitacion-a-periodistas\/\" rel=\"bookmark\"><img decoding=\"async\" title=\"Ofrece BBC sus recursos de capacitaci\u00f3n a periodistas\" src=\"http:\/\/www.eloriente.net\/home\/wp-content\/themes\/city-desk\/timthumb.php?src=http%3A%2F%2Fwww.eloriente.net%2Fhome%2Fwp-content%2Fuploads%2F2014%2F05%2FInternet-Alejandro-Pinto.jpg&amp;q=90&amp;w=160&amp;h=106&amp;zc=1\" alt=\"Ofrece BBC sus recursos de capacitaci\u00f3n a periodistas\" \/><\/a><\/p>\n<p>eloriente.net 5\/julio\/2014 Con la finalidad de formar mejores periodistas en el mundo, la cadena brit\u00e1nica de radio y televisi\u00f3n BBC ofrece a profesionales de la informaci\u00f3n sus recursos de capacitaci\u00f3n en materia period\u00edstica en 11 idiomas y de manera gratuita, as\u00ed lo dio a conocer BBC College of Journalism. A trav\u00e9s de su portal en [&#8230;]<\/p>\n<p>July 5, 2014<\/p>\n\n\t\t\t  <div \n\t\t\t  \tclass = \"fb-comments\" \n\t\t\t  \tdata-href = \"http:\/\/www.eloriente.net\/home\/2014\/07\/29\/convocan-a-universitarios-a-realizar-estancia-en-washington\/\"\n\t\t\t  \tdata-numposts = \"10\"\n\t\t\t\tdata-colorscheme = \"dark\"\n\t\t\t\tdata-order-by = \"social\"\n\t\t\t\tdata-mobile=true>\n\t\t\t  <\/div>\n\t\t  <style>\n\t\t\t.fb_iframe_widget_fluid_desktop iframe {\n\t\t\t    width: 100% !important;\n\t\t\t}\n\t\t  <\/style>\n\t\t  ","protected":false},"excerpt":{"rendered":"<p>eloriente.net 29\/julio\/2014 La Subsecretar\u00eda de Educaci\u00f3n Superior de la Secretar\u00eda de Educaci\u00f3n P\u00fablica (SEP), a trav\u00e9s de la Coordinaci\u00f3n Nacional de Becas de Educaci\u00f3n Superior, y la Secretar\u00eda de Desarrollo Social (SEDESOL, a trav\u00e9s del Instituto Mexicano de la Juventus (IMJUVE) convocan a estudiantes universitarios\u00a0de alguna instituci\u00f3n p\u00fablica del pa\u00eds a solicitar una de las [&hellip;]<\/p>\n","protected":false},"author":26,"featured_media":30263,"comment_status":"open","ping_status":"open","sticky":false,"template":"","format":"standard","meta":{"_jetpack_memberships_contains_paid_content":false,"footnotes":""},"categories":[26,18,32,10,24,31,84],"tags":[184,2119,1188,1896,387,224,2120],"class_list":["post-30258","post","type-post","status-publish","format-standard","has-post-thumbnail","hentry","category-convocatorias","category-educacion-y-cultura","category-entradas","category-lo-mas-reciente","category-mexico-y-el-mundo","category-principal","category-universidades","tag-educacion","tag-estancia","tag-juventud","tag-proyecto","tag-social","tag-universidades-2","tag-washington"],"jetpack_featured_media_url":"http:\/\/www.eloriente.net\/home\/wp-content\/uploads\/2014\/07\/Washington-Por-Free-HDR-Photomanipulations-www.freestock.ca_.jpg","jetpack_sharing_enabled":true,"_links":{"self":[{"href":"http:\/\/www.eloriente.net\/home\/wp-json\/wp\/v2\/posts\/30258"}],"collection":[{"href":"http:\/\/www.eloriente.net\/home\/wp-json\/wp\/v2\/posts"}],"about":[{"href":"http:\/\/www.eloriente.net\/home\/wp-json\/wp\/v2\/types\/post"}],"author":[{"embeddable":true,"href":"http:\/\/www.eloriente.net\/home\/wp-json\/wp\/v2\/users\/26"}],"replies":[{"embeddable":true,"href":"http:\/\/www.eloriente.net\/home\/wp-json\/wp\/v2\/comments?post=30258"}],"version-history":[{"count":8,"href":"http:\/\/www.eloriente.net\/home\/wp-json\/wp\/v2\/posts\/30258\/revisions"}],"predecessor-version":[{"id":30265,"href":"http:\/\/www.eloriente.net\/home\/wp-json\/wp\/v2\/posts\/30258\/revisions\/30265"}],"wp:featuredmedia":[{"embeddable":true,"href":"http:\/\/www.eloriente.net\/home\/wp-json\/wp\/v2\/media\/30263"}],"wp:attachment":[{"href":"http:\/\/www.eloriente.net\/home\/wp-json\/wp\/v2\/media?parent=30258"}],"wp:term":[{"taxonomy":"category","embeddable":true,"href":"http:\/\/www.eloriente.net\/home\/wp-json\/wp\/v2\/categories?post=30258"},{"taxonomy":"post_tag","embeddable":true,"href":"http:\/\/www.eloriente.net\/home\/wp-json\/wp\/v2\/tags?post=30258"}],"curies":[{"name":"wp","href":"https:\/\/api.w.org\/{rel}","templated":true}]}}